{"id":2833,"date":"2026-08-15T23:28:21","date_gmt":"2026-08-15T22:28:21","guid":{"rendered":"https:\/\/andresmanjon.es\/?p=2833"},"modified":"2026-08-31T23:33:49","modified_gmt":"2026-08-31T22:33:49","slug":"andres-palma-valenzuela-en-onda-cero-una-biografia-para-releer-a-andres-manjon","status":"publish","type":"post","link":"https:\/\/andresmanjon.es\/index.php\/2026\/08\/15\/andres-palma-valenzuela-en-onda-cero-una-biografia-para-releer-a-andres-manjon\/","title":{"rendered":"Andr\u00e9s Palma Valenzuela en Onda Cero: una biograf\u00eda para releer a Andr\u00e9s Manj\u00f3n"},"content":{"rendered":"<p><strong>El 13 de agosto de 2026, el programa <em>M\u00e1s de uno Granada<\/em> de Onda Cero entrevist\u00f3 al profesor Andr\u00e9s Palma Valenzuela sobre su libro <em>Andr\u00e9s Manj\u00f3n. Una historia en la historia<\/em>. La conversaci\u00f3n ofrece una ocasi\u00f3n para volver sobre la figura del fundador del Ave Mar\u00eda desde una doble exigencia: escuchar lo que sostiene el autor y contrastarlo con fuentes acad\u00e9micas y con los escritos manjonianos.<\/strong><\/p>\n<p><iframe title=\"Entrevista de Onda Cero Granada a Andr\u00e9s Palma Valenzuela\" src=\"https:\/\/www.ondacero.es\/embed\/andres-palma-valenzuela-autor-andres-manjon-historia-historia\/audio\/2\/2026\/08\/13\/6a7db2ffe988610007f58785\" width=\"100%\" height=\"180\" frameborder=\"0\" scrolling=\"no\"><\/iframe><\/p>\n<p><small>Audio original: <a href=\"https:\/\/www.ondacero.es\/emisoras\/andalucia\/granada\/audios-podcast\/mas-de-uno\/andres-palma-valenzuela-autor-andres-manjon-historia-historia_202608136a7db3c071b42a0b5ded21b3.html\" target=\"_blank\" rel=\"noopener\">Onda Cero Granada, 13 de agosto de 2026<\/a> (12 min 7 s).<\/small><\/p>\n<h2>Lo que explica Andr\u00e9s Palma en la entrevista<\/h2>\n<p>Palma presenta el libro como un intento de actualizar la biograf\u00eda de Manj\u00f3n con criterios cient\u00edficos. A su juicio, buena parte de la literatura anterior oscil\u00f3 entre la exaltaci\u00f3n y el rechazo, de modo que era necesario reconstruir al personaje en su contexto, reconocer tanto los elementos vigentes como los caducos y evitar una lectura hagiogr\u00e1fica.<\/p>\n<p>En la entrevista, el autor destaca cinco ideas:<\/p>\n<ul>\n<li><strong>La respuesta educativa nace ante una necesidad concreta.<\/strong> Manj\u00f3n no parte de una teor\u00eda cerrada, sino del encuentro con la pobreza y la exclusi\u00f3n en el entorno del Sacromonte.<\/li>\n<li><strong>La ense\u00f1anza activa no fue una invenci\u00f3n aislada.<\/strong> Palma describe a Manj\u00f3n como un educador capaz de traducir, sintetizar y poner en pr\u00e1ctica procedimientos que daban protagonismo al alumno mediante el juego, la acci\u00f3n, la m\u00fasica, las artes y el aprendizaje al aire libre.<\/li>\n<li><strong>La regeneraci\u00f3n social pasaba por la educaci\u00f3n.<\/strong> La coincidencia con otras corrientes regeneracionistas se rompe, seg\u00fan Palma, cuando Manj\u00f3n se niega a excluir la dimensi\u00f3n religiosa y trascendente.<\/li>\n<li><strong>Formar maestros era imprescindible.<\/strong> El tipo de escuela y de alumnado atendido exig\u00eda docentes preparados para ese proyecto; de ah\u00ed la creaci\u00f3n de una instituci\u00f3n propia de formaci\u00f3n del magisterio.<\/li>\n<li><strong>Su memoria qued\u00f3 condicionada por una lectura posterior.<\/strong> Palma denomina \u201chipoteca\u201d a la apropiaci\u00f3n de Manj\u00f3n por la pol\u00edtica educativa del primer franquismo. Es una atribuci\u00f3n anacr\u00f3nica: Manj\u00f3n muri\u00f3 en 1923, mucho antes de la dictadura franquista.<\/li>\n<\/ul>\n<h2>Qu\u00e9 confirman las fuentes y los documentos del proyecto<\/h2>\n<p>Los datos cronol\u00f3gicos principales expuestos en la conversaci\u00f3n coinciden con la documentaci\u00f3n consultada. Manj\u00f3n lleg\u00f3 como catedr\u00e1tico a la Universidad de Granada en 1880; inici\u00f3 las Escuelas del Ave Mar\u00eda en 1889; promovi\u00f3 el Seminario de Maestros en 1905; y muri\u00f3 en Granada el 10 de julio de 1923. Esta secuencia aparece tambi\u00e9n en el estudio <em>El maestro educador seg\u00fan D. Andr\u00e9s Manj\u00f3n<\/em>, de Jos\u00e9 Montero Vives, conservado entre los documentos de este proyecto.<\/p>\n<p>La condici\u00f3n acad\u00e9mica del entrevistado tambi\u00e9n es verificable en la <a href=\"https:\/\/www.ugr.es\/personal\/andres-palma-valenzuela\" target=\"_blank\" rel=\"noopener\">Universidad de Granada<\/a>: Andr\u00e9s Palma Valenzuela es profesor titular del Departamento de Did\u00e1ctica de las Ciencias Sociales. El portal de producci\u00f3n cient\u00edfica de la UGR registra adem\u00e1s su tesis doctoral, dedicada al Seminario de Maestros del Ave Mar\u00eda, lo que explica la continuidad de esta biograf\u00eda con una l\u00ednea de investigaci\u00f3n desarrollada durante a\u00f1os.<\/p>\n<p>La lectura de <em>El maestro mirando hacia dentro<\/em> confirma asimismo que la formaci\u00f3n del educador no era un asunto secundario. Manj\u00f3n define al maestro como un \u201chombre culto y bueno que educa ense\u00f1ando\u201d (Manj\u00f3n, 1925, p. 17). En p\u00e1ginas posteriores recomienda el di\u00e1logo, la observaci\u00f3n sensible, el dibujo, la escritura y la acci\u00f3n como procedimientos para sostener la atenci\u00f3n y hacer inteligible la ense\u00f1anza. Por tanto, la caracterizaci\u00f3n de una pedagog\u00eda activa que hace Palma en la radio encuentra apoyo directo en el texto manjoniano.<\/p>\n<p>Tambi\u00e9n est\u00e1 documentada la apertura social del proyecto. Montero Vives describe las primeras escuelas, destinadas a los ni\u00f1os de las cuevas del Sacromonte, como espacios al aire libre, activos, l\u00fadicos y cristianos, orientados a los m\u00e1s pobres. La dimensi\u00f3n confesional y la preocupaci\u00f3n social no aparecen separadas en estas fuentes: forman parte del mismo programa educativo.<\/p>\n<h2>Datos que conviene atribuir expresamente a la entrevista<\/h2>\n<p>Algunas cifras y valoraciones deben conservar la f\u00f3rmula \u201cseg\u00fan Andr\u00e9s Palma\u201d, porque en esta revisi\u00f3n no se ha localizado una fuente primaria independiente que permita cerrarlas con igual precisi\u00f3n. Entre ellas figuran la estimaci\u00f3n de m\u00e1s de 350 escuelas avemarianas a la muerte de Manj\u00f3n y la situaci\u00f3n institucional actual que el autor resume en nueve centros y alrededor de 4.000 alumnos. Son datos relevantes, pero aqu\u00ed se presentan como afirmaciones del entrevistado, no como resultados de una comprobaci\u00f3n documental aut\u00f3noma.<\/p>\n<p>En cambio, s\u00ed existe respaldo independiente para la tesis central del libro: la necesidad de contextualizar. Una <a href=\"https:\/\/www.granadahoy.com\/ocio\/libro-actualiza-perfil-pedagogico-padre_0_2005001991.html\" target=\"_blank\" rel=\"noopener\">rese\u00f1a informativa publicada por <em>Granada Hoy<\/em><\/a> en 2025 recoge el prop\u00f3sito de ofrecer una visi\u00f3n de conjunto basada en fuentes oficiales, estudiar las controversias y separar la obra de Manj\u00f3n de usos pol\u00edticos posteriores. La publicaci\u00f3n acad\u00e9mica y la entrevista convergen, por tanto, en el mismo criterio metodol\u00f3gico.<\/p>\n<h2>Una invitaci\u00f3n a escuchar antes de juzgar<\/h2>\n<p>El valor de esta conversaci\u00f3n no reside en convertir la entrevista en una \u00faltima palabra sobre Manj\u00f3n. Su inter\u00e9s est\u00e1 precisamente en abrir el archivo, comparar interpretaciones y devolver al educador a su tiempo hist\u00f3rico. Palma propone reconocer sin simplificaciones una trayectoria donde se encuentran universidad, sacerdocio, compromiso social, innovaci\u00f3n did\u00e1ctica y formaci\u00f3n de maestros.<\/p>\n<p>Escuchar el audio completo permite apreciar esa propuesta con sus matices. Desde Manj\u00f3n Vive recomendamos hacerlo junto con la lectura de los escritos originales: solo ese di\u00e1logo entre testimonio, investigaci\u00f3n y fuente primaria permite distinguir el legado hist\u00f3rico de las adhesiones o rechazos acumulados despu\u00e9s.<\/p>\n<h2>Fuentes consultadas<\/h2>\n<ul>\n<li>Onda Cero Granada. (2026, 13 de agosto). <em>Andr\u00e9s Palma Valenzuela, autor de \u201cAndr\u00e9s Manj\u00f3n, una historia en la historia\u201d<\/em> [Entrevista radiof\u00f3nica].<\/li>\n<li>Manj\u00f3n, A. (1925). <em>El maestro mirando hacia dentro<\/em> (2.\u00aa ed.). Imprenta-Escuela del Ave Mar\u00eda.<\/li>\n<li>Montero Vives, J. (1982). <em>El maestro educador seg\u00fan D. Andr\u00e9s Manj\u00f3n<\/em>. Textos seleccionados y comentados.<\/li>\n<li><a href=\"https:\/\/www.ugr.es\/personal\/andres-palma-valenzuela\" target=\"_blank\" rel=\"noopener\">Universidad de Granada. Perfil acad\u00e9mico de Andr\u00e9s Palma Valenzuela<\/a>.<\/li>\n<li><a href=\"https:\/\/www.granadahoy.com\/ocio\/libro-actualiza-perfil-pedagogico-padre_0_2005001991.html\" target=\"_blank\" rel=\"noopener\"><em>Granada Hoy<\/em>. \u201cUn libro actualiza el perfil pedag\u00f3gico del padre Manj\u00f3n\u201d<\/a>.<\/li>\n<\/ul>\n","protected":false},"excerpt":{"rendered":"<p>El 13 de agosto de 2026, el programa M\u00e1s de uno Granada de Onda Cero entrevist\u00f3 al profesor Andr\u00e9s Palma Valenzuela sobre su libro Andr\u00e9s Manj\u00f3n. Una historia en la historia. La conversaci\u00f3n ofrece una ocasi\u00f3n para volver sobre la figura del fundador del Ave Mar\u00eda desde una doble exigencia: escuchar lo que sostiene el [&hellip;]<\/p>\n","protected":false},"author":2,"featured_media":2647,"comment_status":"closed","ping_status":"closed","sticky":false,"template":"","format":"standard","meta":{"_jetpack_newsletter_access":"","_jetpack_dont_email_post_to_subs":false,"_jetpack_newsletter_tier_id":0,"_jetpack_memberships_contains_paywalled_content":false,"_jetpack_feature_clip_id":0,"_jetpack_memberships_contains_paid_content":false,"footnotes":"","jetpack_post_was_ever_published":false},"categories":[44,46,152,6],"tags":[38,49,405,406,403,57,404],"ppma_author":[18],"class_list":["post-2833","post","type-post","status-publish","format-standard","has-post-thumbnail","hentry","category-andres-manjon","category-andres-palma-valenzuela","category-pedagogia-activa","category-publicaciones","tag-andres-manjon","tag-andres-palma-valenzuela","tag-ensenanza-activa","tag-historia-de-la-educacion","tag-onda-cero-granada","tag-pedagogia-manjoniana","tag-una-historia-en-la-historia"],"yoast_head":"<!-- This site is optimized with the Yoast SEO plugin v28.3 - https:\/\/yoast.com\/product\/yoast-seo-wordpress\/ -->\n<title>Andr\u00e9s Palma Valenzuela en Onda Cero: una biograf\u00eda para releer a Andr\u00e9s Manj\u00f3n - MANJON VIVE<\/title>\n<meta name=\"description\" content=\"Andr\u00e9s Palma Valenzuela explica en Onda Cero las claves de su biograf\u00eda de Andr\u00e9s Manj\u00f3n. Contrastamos la entrevista con fuentes y obras manjonianas.\" \/>\n<meta name=\"robots\" content=\"index, follow, max-snippet:-1, max-image-preview:large, max-video-preview:-1\" \/>\n<link rel=\"canonical\" href=\"https:\/\/andresmanjon.es\/index.php\/2026\/08\/15\/andres-palma-valenzuela-en-onda-cero-una-biografia-para-releer-a-andres-manjon\/\" \/>\n<meta property=\"og:locale\" content=\"es_ES\" \/>\n<meta property=\"og:type\" content=\"article\" \/>\n<meta property=\"og:title\" content=\"Andr\u00e9s Palma Valenzuela en Onda Cero: una biograf\u00eda para releer a Andr\u00e9s Manj\u00f3n - MANJON VIVE\" \/>\n<meta property=\"og:description\" content=\"Andr\u00e9s Palma Valenzuela explica en Onda Cero las claves de su biograf\u00eda de Andr\u00e9s Manj\u00f3n. Contrastamos la entrevista con fuentes y obras manjonianas.\" \/>\n<meta property=\"og:url\" content=\"https:\/\/andresmanjon.es\/index.php\/2026\/08\/15\/andres-palma-valenzuela-en-onda-cero-una-biografia-para-releer-a-andres-manjon\/\" \/>\n<meta property=\"og:site_name\" content=\"MANJON VIVE\" \/>\n<meta property=\"article:published_time\" content=\"2026-08-15T22:28:21+00:00\" \/>\n<meta property=\"article:modified_time\" content=\"2026-08-31T22:33:49+00:00\" \/>\n<meta property=\"og:image\" content=\"https:\/\/andresmanjon.es\/wp-content\/uploads\/2025\/10\/Andres-Manjon.-Una-historia-en-la-historia_00001.jpeg\" \/>\n\t<meta property=\"og:image:width\" content=\"1222\" \/>\n\t<meta property=\"og:image:height\" content=\"1600\" \/>\n\t<meta property=\"og:image:type\" content=\"image\/jpeg\" \/>\n<meta name=\"author\" content=\"Enrique Alonso Guardia\" \/>\n<meta name=\"twitter:card\" content=\"summary_large_image\" \/>\n<meta name=\"twitter:label1\" content=\"Escrito por\" \/>\n\t<meta name=\"twitter:data1\" content=\"Enrique Alonso Guardia\" \/>\n\t<meta name=\"twitter:label2\" content=\"Tiempo de lectura\" \/>\n\t<meta name=\"twitter:data2\" content=\"5 minutos\" \/>\n<script type=\"application\/ld+json\" class=\"yoast-schema-graph\">{\"@context\":\"https:\\\/\\\/schema.org\",\"@graph\":[{\"@type\":\"Article\",\"@id\":\"https:\\\/\\\/andresmanjon.es\\\/index.php\\\/2026\\\/08\\\/15\\\/andres-palma-valenzuela-en-onda-cero-una-biografia-para-releer-a-andres-manjon\\\/#article\",\"isPartOf\":{\"@id\":\"https:\\\/\\\/andresmanjon.es\\\/index.php\\\/2026\\\/08\\\/15\\\/andres-palma-valenzuela-en-onda-cero-una-biografia-para-releer-a-andres-manjon\\\/\"},\"author\":{\"name\":\"Enrique Alonso Guardia\",\"@id\":\"https:\\\/\\\/andresmanjon.es\\\/#\\\/schema\\\/person\\\/c3aa9658a78defc49109499b1f40dc3a\"},\"headline\":\"Andr\u00e9s Palma Valenzuela en Onda Cero: una biograf\u00eda para releer a Andr\u00e9s Manj\u00f3n\",\"datePublished\":\"2026-08-15T22:28:21+00:00\",\"dateModified\":\"2026-08-31T22:33:49+00:00\",\"mainEntityOfPage\":{\"@id\":\"https:\\\/\\\/andresmanjon.es\\\/index.php\\\/2026\\\/08\\\/15\\\/andres-palma-valenzuela-en-onda-cero-una-biografia-para-releer-a-andres-manjon\\\/\"},\"wordCount\":1060,\"publisher\":{\"@id\":\"https:\\\/\\\/andresmanjon.es\\\/#\\\/schema\\\/person\\\/c3aa9658a78defc49109499b1f40dc3a\"},\"image\":{\"@id\":\"https:\\\/\\\/andresmanjon.es\\\/index.php\\\/2026\\\/08\\\/15\\\/andres-palma-valenzuela-en-onda-cero-una-biografia-para-releer-a-andres-manjon\\\/#primaryimage\"},\"thumbnailUrl\":\"https:\\\/\\\/i0.wp.com\\\/andresmanjon.es\\\/wp-content\\\/uploads\\\/2025\\\/10\\\/Andres-Manjon.-Una-historia-en-la-historia_00001.jpeg?fit=1222%2C1600&ssl=1\",\"keywords\":[\"Andr\u00e9s Manj\u00f3n\",\"Andr\u00e9s Palma Valenzuela\",\"ense\u00f1anza activa\",\"historia de la educaci\u00f3n\",\"Onda Cero Granada\",\"Pedagog\u00eda manjoniana\",\"Una historia en la historia\"],\"articleSection\":[\"Andr\u00e9s Manj\u00f3n\",\"Andr\u00e9s Palma Valenzuela\",\"Pedagog\u00eda activa\",\"Publicaciones\"],\"inLanguage\":\"es\"},{\"@type\":\"WebPage\",\"@id\":\"https:\\\/\\\/andresmanjon.es\\\/index.php\\\/2026\\\/08\\\/15\\\/andres-palma-valenzuela-en-onda-cero-una-biografia-para-releer-a-andres-manjon\\\/\",\"url\":\"https:\\\/\\\/andresmanjon.es\\\/index.php\\\/2026\\\/08\\\/15\\\/andres-palma-valenzuela-en-onda-cero-una-biografia-para-releer-a-andres-manjon\\\/\",\"name\":\"Andr\u00e9s Palma Valenzuela en Onda Cero: una biograf\u00eda para releer a Andr\u00e9s Manj\u00f3n - MANJON VIVE\",\"isPartOf\":{\"@id\":\"https:\\\/\\\/andresmanjon.es\\\/#website\"},\"primaryImageOfPage\":{\"@id\":\"https:\\\/\\\/andresmanjon.es\\\/index.php\\\/2026\\\/08\\\/15\\\/andres-palma-valenzuela-en-onda-cero-una-biografia-para-releer-a-andres-manjon\\\/#primaryimage\"},\"image\":{\"@id\":\"https:\\\/\\\/andresmanjon.es\\\/index.php\\\/2026\\\/08\\\/15\\\/andres-palma-valenzuela-en-onda-cero-una-biografia-para-releer-a-andres-manjon\\\/#primaryimage\"},\"thumbnailUrl\":\"https:\\\/\\\/i0.wp.com\\\/andresmanjon.es\\\/wp-content\\\/uploads\\\/2025\\\/10\\\/Andres-Manjon.-Una-historia-en-la-historia_00001.jpeg?fit=1222%2C1600&ssl=1\",\"datePublished\":\"2026-08-15T22:28:21+00:00\",\"dateModified\":\"2026-08-31T22:33:49+00:00\",\"description\":\"Andr\u00e9s Palma Valenzuela explica en Onda Cero las claves de su biograf\u00eda de Andr\u00e9s Manj\u00f3n. Contrastamos la entrevista con fuentes y obras manjonianas.\",\"breadcrumb\":{\"@id\":\"https:\\\/\\\/andresmanjon.es\\\/index.php\\\/2026\\\/08\\\/15\\\/andres-palma-valenzuela-en-onda-cero-una-biografia-para-releer-a-andres-manjon\\\/#breadcrumb\"},\"inLanguage\":\"es\",\"potentialAction\":[{\"@type\":\"ReadAction\",\"target\":[\"https:\\\/\\\/andresmanjon.es\\\/index.php\\\/2026\\\/08\\\/15\\\/andres-palma-valenzuela-en-onda-cero-una-biografia-para-releer-a-andres-manjon\\\/\"]}]},{\"@type\":\"ImageObject\",\"inLanguage\":\"es\",\"@id\":\"https:\\\/\\\/andresmanjon.es\\\/index.php\\\/2026\\\/08\\\/15\\\/andres-palma-valenzuela-en-onda-cero-una-biografia-para-releer-a-andres-manjon\\\/#primaryimage\",\"url\":\"https:\\\/\\\/i0.wp.com\\\/andresmanjon.es\\\/wp-content\\\/uploads\\\/2025\\\/10\\\/Andres-Manjon.-Una-historia-en-la-historia_00001.jpeg?fit=1222%2C1600&ssl=1\",\"contentUrl\":\"https:\\\/\\\/i0.wp.com\\\/andresmanjon.es\\\/wp-content\\\/uploads\\\/2025\\\/10\\\/Andres-Manjon.-Una-historia-en-la-historia_00001.jpeg?fit=1222%2C1600&ssl=1\",\"width\":1222,\"height\":1600},{\"@type\":\"BreadcrumbList\",\"@id\":\"https:\\\/\\\/andresmanjon.es\\\/index.php\\\/2026\\\/08\\\/15\\\/andres-palma-valenzuela-en-onda-cero-una-biografia-para-releer-a-andres-manjon\\\/#breadcrumb\",\"itemListElement\":[{\"@type\":\"ListItem\",\"position\":1,\"name\":\"Portada\",\"item\":\"https:\\\/\\\/andresmanjon.es\\\/\"},{\"@type\":\"ListItem\",\"position\":2,\"name\":\"Andr\u00e9s Palma Valenzuela en Onda Cero: una biograf\u00eda para releer a Andr\u00e9s Manj\u00f3n\"}]},{\"@type\":\"WebSite\",\"@id\":\"https:\\\/\\\/andresmanjon.es\\\/#website\",\"url\":\"https:\\\/\\\/andresmanjon.es\\\/\",\"name\":\"Andr\u00e9s Manj\u00f3n y Manj\u00f3n\",\"description\":\"UNA EDUCACI\u00d3N PARA TODOS\",\"publisher\":{\"@id\":\"https:\\\/\\\/andresmanjon.es\\\/#\\\/schema\\\/person\\\/c3aa9658a78defc49109499b1f40dc3a\"},\"potentialAction\":[{\"@type\":\"SearchAction\",\"target\":{\"@type\":\"EntryPoint\",\"urlTemplate\":\"https:\\\/\\\/andresmanjon.es\\\/?s={search_term_string}\"},\"query-input\":{\"@type\":\"PropertyValueSpecification\",\"valueRequired\":true,\"valueName\":\"search_term_string\"}}],\"inLanguage\":\"es\"},{\"@type\":[\"Person\",\"Organization\"],\"@id\":\"https:\\\/\\\/andresmanjon.es\\\/#\\\/schema\\\/person\\\/c3aa9658a78defc49109499b1f40dc3a\",\"name\":\"Enrique Alonso Guardia\",\"image\":{\"@type\":\"ImageObject\",\"inLanguage\":\"es\",\"@id\":\"https:\\\/\\\/i0.wp.com\\\/andresmanjon.es\\\/wp-content\\\/uploads\\\/2023\\\/12\\\/cropped-logo-1.png?fit=1660%2C548&ssl=1dd6cd788025305c93754fac7facc0ac9\",\"url\":\"https:\\\/\\\/i0.wp.com\\\/andresmanjon.es\\\/wp-content\\\/uploads\\\/2023\\\/12\\\/cropped-logo-1.png?fit=1660%2C548&ssl=1\",\"contentUrl\":\"https:\\\/\\\/i0.wp.com\\\/andresmanjon.es\\\/wp-content\\\/uploads\\\/2023\\\/12\\\/cropped-logo-1.png?fit=1660%2C548&ssl=1\",\"width\":1660,\"height\":548,\"caption\":\"Enrique Alonso Guardia\"},\"logo\":{\"@id\":\"https:\\\/\\\/i0.wp.com\\\/andresmanjon.es\\\/wp-content\\\/uploads\\\/2023\\\/12\\\/cropped-logo-1.png?fit=1660%2C548&ssl=1dd6cd788025305c93754fac7facc0ac9\"},\"sameAs\":[\"http:\\\/\\\/www.kalonso.com\"],\"url\":\"https:\\\/\\\/andresmanjon.es\\\/index.php\\\/author\\\/kalonso\\\/\"}]}<\/script>\n<!-- \/ Yoast SEO plugin. -->","yoast_head_json":{"title":"Andr\u00e9s Palma Valenzuela en Onda Cero: una biograf\u00eda para releer a Andr\u00e9s Manj\u00f3n - MANJON VIVE","description":"Andr\u00e9s Palma Valenzuela explica en Onda Cero las claves de su biograf\u00eda de Andr\u00e9s Manj\u00f3n. Contrastamos la entrevista con fuentes y obras manjonianas.","robots":{"index":"index","follow":"follow","max-snippet":"max-snippet:-1","max-image-preview":"max-image-preview:large","max-video-preview":"max-video-preview:-1"},"canonical":"https:\/\/andresmanjon.es\/index.php\/2026\/08\/15\/andres-palma-valenzuela-en-onda-cero-una-biografia-para-releer-a-andres-manjon\/","og_locale":"es_ES","og_type":"article","og_title":"Andr\u00e9s Palma Valenzuela en Onda Cero: una biograf\u00eda para releer a Andr\u00e9s Manj\u00f3n - MANJON VIVE","og_description":"Andr\u00e9s Palma Valenzuela explica en Onda Cero las claves de su biograf\u00eda de Andr\u00e9s Manj\u00f3n. Contrastamos la entrevista con fuentes y obras manjonianas.","og_url":"https:\/\/andresmanjon.es\/index.php\/2026\/08\/15\/andres-palma-valenzuela-en-onda-cero-una-biografia-para-releer-a-andres-manjon\/","og_site_name":"MANJON VIVE","article_published_time":"2026-08-15T22:28:21+00:00","article_modified_time":"2026-08-31T22:33:49+00:00","og_image":[{"width":1222,"height":1600,"url":"https:\/\/andresmanjon.es\/wp-content\/uploads\/2025\/10\/Andres-Manjon.-Una-historia-en-la-historia_00001.jpeg","type":"image\/jpeg"}],"author":"Enrique Alonso Guardia","twitter_card":"summary_large_image","twitter_misc":{"Escrito por":"Enrique Alonso Guardia","Tiempo de lectura":"5 minutos"},"schema":{"@context":"https:\/\/schema.org","@graph":[{"@type":"Article","@id":"https:\/\/andresmanjon.es\/index.php\/2026\/08\/15\/andres-palma-valenzuela-en-onda-cero-una-biografia-para-releer-a-andres-manjon\/#article","isPartOf":{"@id":"https:\/\/andresmanjon.es\/index.php\/2026\/08\/15\/andres-palma-valenzuela-en-onda-cero-una-biografia-para-releer-a-andres-manjon\/"},"author":{"name":"Enrique Alonso Guardia","@id":"https:\/\/andresmanjon.es\/#\/schema\/person\/c3aa9658a78defc49109499b1f40dc3a"},"headline":"Andr\u00e9s Palma Valenzuela en Onda Cero: una biograf\u00eda para releer a Andr\u00e9s Manj\u00f3n","datePublished":"2026-08-15T22:28:21+00:00","dateModified":"2026-08-31T22:33:49+00:00","mainEntityOfPage":{"@id":"https:\/\/andresmanjon.es\/index.php\/2026\/08\/15\/andres-palma-valenzuela-en-onda-cero-una-biografia-para-releer-a-andres-manjon\/"},"wordCount":1060,"publisher":{"@id":"https:\/\/andresmanjon.es\/#\/schema\/person\/c3aa9658a78defc49109499b1f40dc3a"},"image":{"@id":"https:\/\/andresmanjon.es\/index.php\/2026\/08\/15\/andres-palma-valenzuela-en-onda-cero-una-biografia-para-releer-a-andres-manjon\/#primaryimage"},"thumbnailUrl":"https:\/\/i0.wp.com\/andresmanjon.es\/wp-content\/uploads\/2025\/10\/Andres-Manjon.-Una-historia-en-la-historia_00001.jpeg?fit=1222%2C1600&ssl=1","keywords":["Andr\u00e9s Manj\u00f3n","Andr\u00e9s Palma Valenzuela","ense\u00f1anza activa","historia de la educaci\u00f3n","Onda Cero Granada","Pedagog\u00eda manjoniana","Una historia en la historia"],"articleSection":["Andr\u00e9s Manj\u00f3n","Andr\u00e9s Palma Valenzuela","Pedagog\u00eda activa","Publicaciones"],"inLanguage":"es"},{"@type":"WebPage","@id":"https:\/\/andresmanjon.es\/index.php\/2026\/08\/15\/andres-palma-valenzuela-en-onda-cero-una-biografia-para-releer-a-andres-manjon\/","url":"https:\/\/andresmanjon.es\/index.php\/2026\/08\/15\/andres-palma-valenzuela-en-onda-cero-una-biografia-para-releer-a-andres-manjon\/","name":"Andr\u00e9s Palma Valenzuela en Onda Cero: una biograf\u00eda para releer a Andr\u00e9s Manj\u00f3n - MANJON VIVE","isPartOf":{"@id":"https:\/\/andresmanjon.es\/#website"},"primaryImageOfPage":{"@id":"https:\/\/andresmanjon.es\/index.php\/2026\/08\/15\/andres-palma-valenzuela-en-onda-cero-una-biografia-para-releer-a-andres-manjon\/#primaryimage"},"image":{"@id":"https:\/\/andresmanjon.es\/index.php\/2026\/08\/15\/andres-palma-valenzuela-en-onda-cero-una-biografia-para-releer-a-andres-manjon\/#primaryimage"},"thumbnailUrl":"https:\/\/i0.wp.com\/andresmanjon.es\/wp-content\/uploads\/2025\/10\/Andres-Manjon.-Una-historia-en-la-historia_00001.jpeg?fit=1222%2C1600&ssl=1","datePublished":"2026-08-15T22:28:21+00:00","dateModified":"2026-08-31T22:33:49+00:00","description":"Andr\u00e9s Palma Valenzuela explica en Onda Cero las claves de su biograf\u00eda de Andr\u00e9s Manj\u00f3n. Contrastamos la entrevista con fuentes y obras manjonianas.","breadcrumb":{"@id":"https:\/\/andresmanjon.es\/index.php\/2026\/08\/15\/andres-palma-valenzuela-en-onda-cero-una-biografia-para-releer-a-andres-manjon\/#breadcrumb"},"inLanguage":"es","potentialAction":[{"@type":"ReadAction","target":["https:\/\/andresmanjon.es\/index.php\/2026\/08\/15\/andres-palma-valenzuela-en-onda-cero-una-biografia-para-releer-a-andres-manjon\/"]}]},{"@type":"ImageObject","inLanguage":"es","@id":"https:\/\/andresmanjon.es\/index.php\/2026\/08\/15\/andres-palma-valenzuela-en-onda-cero-una-biografia-para-releer-a-andres-manjon\/#primaryimage","url":"https:\/\/i0.wp.com\/andresmanjon.es\/wp-content\/uploads\/2025\/10\/Andres-Manjon.-Una-historia-en-la-historia_00001.jpeg?fit=1222%2C1600&ssl=1","contentUrl":"https:\/\/i0.wp.com\/andresmanjon.es\/wp-content\/uploads\/2025\/10\/Andres-Manjon.-Una-historia-en-la-historia_00001.jpeg?fit=1222%2C1600&ssl=1","width":1222,"height":1600},{"@type":"BreadcrumbList","@id":"https:\/\/andresmanjon.es\/index.php\/2026\/08\/15\/andres-palma-valenzuela-en-onda-cero-una-biografia-para-releer-a-andres-manjon\/#breadcrumb","itemListElement":[{"@type":"ListItem","position":1,"name":"Portada","item":"https:\/\/andresmanjon.es\/"},{"@type":"ListItem","position":2,"name":"Andr\u00e9s Palma Valenzuela en Onda Cero: una biograf\u00eda para releer a Andr\u00e9s Manj\u00f3n"}]},{"@type":"WebSite","@id":"https:\/\/andresmanjon.es\/#website","url":"https:\/\/andresmanjon.es\/","name":"Andr\u00e9s Manj\u00f3n y Manj\u00f3n","description":"UNA EDUCACI\u00d3N PARA TODOS","publisher":{"@id":"https:\/\/andresmanjon.es\/#\/schema\/person\/c3aa9658a78defc49109499b1f40dc3a"},"potentialAction":[{"@type":"SearchAction","target":{"@type":"EntryPoint","urlTemplate":"https:\/\/andresmanjon.es\/?s={search_term_string}"},"query-input":{"@type":"PropertyValueSpecification","valueRequired":true,"valueName":"search_term_string"}}],"inLanguage":"es"},{"@type":["Person","Organization"],"@id":"https:\/\/andresmanjon.es\/#\/schema\/person\/c3aa9658a78defc49109499b1f40dc3a","name":"Enrique Alonso Guardia","image":{"@type":"ImageObject","inLanguage":"es","@id":"https:\/\/i0.wp.com\/andresmanjon.es\/wp-content\/uploads\/2023\/12\/cropped-logo-1.png?fit=1660%2C548&ssl=1dd6cd788025305c93754fac7facc0ac9","url":"https:\/\/i0.wp.com\/andresmanjon.es\/wp-content\/uploads\/2023\/12\/cropped-logo-1.png?fit=1660%2C548&ssl=1","contentUrl":"https:\/\/i0.wp.com\/andresmanjon.es\/wp-content\/uploads\/2023\/12\/cropped-logo-1.png?fit=1660%2C548&ssl=1","width":1660,"height":548,"caption":"Enrique Alonso Guardia"},"logo":{"@id":"https:\/\/i0.wp.com\/andresmanjon.es\/wp-content\/uploads\/2023\/12\/cropped-logo-1.png?fit=1660%2C548&ssl=1dd6cd788025305c93754fac7facc0ac9"},"sameAs":["http:\/\/www.kalonso.com"],"url":"https:\/\/andresmanjon.es\/index.php\/author\/kalonso\/"}]}},"jetpack-related-posts":[{"id":2760,"url":"https:\/\/andresmanjon.es\/index.php\/2025\/11\/23\/presentacion-libro-andres-manjon-granada-2025\/","url_meta":{"origin":2833,"position":0},"title":"Presentaci\u00f3n del libro \u201cANDR\u00c9S MANJ\u00d3N\u00bb","author":"Enrique Alonso Guardia","date":"11\/23\/2025","format":false,"excerpt":"La Abad\u00eda del Sacromonte y la C\u00e1tedra Andr\u00e9s Manj\u00f3n La Abad\u00eda del Sacromonte y la C\u00e1tedra Andr\u00e9s Manj\u00f3n han anunciado la presentaci\u00f3n del libro \u201cANDR\u00c9S MANJ\u00d3N. Una historia en la historia\u201d, del profesor D. Andr\u00e9s Palma Valenzuela, titular de la Universidad de Granada. La obra ha sido editada por la\u2026","rel":"","context":"En \u00abAndr\u00e9s Manj\u00f3n\u00bb","block_context":{"text":"Andr\u00e9s Manj\u00f3n","link":"https:\/\/andresmanjon.es\/index.php\/category\/andres-manjon\/"},"img":{"alt_text":"","src":"https:\/\/i0.wp.com\/andresmanjon.es\/wp-content\/uploads\/2025\/11\/invitacion.jpeg?fit=1200%2C848&ssl=1&resize=350%2C200","width":350,"height":200,"srcset":"https:\/\/i0.wp.com\/andresmanjon.es\/wp-content\/uploads\/2025\/11\/invitacion.jpeg?fit=1200%2C848&ssl=1&resize=350%2C200 1x, https:\/\/i0.wp.com\/andresmanjon.es\/wp-content\/uploads\/2025\/11\/invitacion.jpeg?fit=1200%2C848&ssl=1&resize=525%2C300 1.5x, https:\/\/i0.wp.com\/andresmanjon.es\/wp-content\/uploads\/2025\/11\/invitacion.jpeg?fit=1200%2C848&ssl=1&resize=700%2C400 2x, https:\/\/i0.wp.com\/andresmanjon.es\/wp-content\/uploads\/2025\/11\/invitacion.jpeg?fit=1200%2C848&ssl=1&resize=1050%2C600 3x"},"classes":[]},{"id":1391,"url":"https:\/\/andresmanjon.es\/index.php\/2024\/05\/28\/un-burgales-para-la-historia\/","url_meta":{"origin":2833,"position":1},"title":"Andr\u00e9s Manj\u00f3n: Un Burgal\u00e9s para la Historia","author":"Enrique Alonso Guardia","date":"05\/28\/2024","format":false,"excerpt":"Introducci\u00f3n: Este mes de mayo, la Real Academia Burgense de Historia y Bellas Artes - Instituci\u00f3n Fern\u00e1n Gonz\u00e1lez tiene el honor de presentar una conferencia sobre una de las figuras m\u00e1s trascendentales de Burgos: Andr\u00e9s Manj\u00f3n. El evento, titulado \"Andr\u00e9s Manj\u00f3n: Un Burgal\u00e9s para la Historia\", ser\u00e1 dirigido por el\u2026","rel":"","context":"En \u00abConferencias\u00bb","block_context":{"text":"Conferencias","link":"https:\/\/andresmanjon.es\/index.php\/category\/conferencias\/"},"img":{"alt_text":"","src":"https:\/\/i0.wp.com\/andresmanjon.es\/wp-content\/uploads\/2024\/05\/Conferencia.png?fit=635%2C938&ssl=1&resize=350%2C200","width":350,"height":200,"srcset":"https:\/\/i0.wp.com\/andresmanjon.es\/wp-content\/uploads\/2024\/05\/Conferencia.png?fit=635%2C938&ssl=1&resize=350%2C200 1x, https:\/\/i0.wp.com\/andresmanjon.es\/wp-content\/uploads\/2024\/05\/Conferencia.png?fit=635%2C938&ssl=1&resize=525%2C300 1.5x"},"classes":[]},{"id":2423,"url":"https:\/\/andresmanjon.es\/index.php\/2025\/02\/28\/fundacion-manjon-palencia\/","url_meta":{"origin":2833,"position":2},"title":"Formaci\u00f3n Docente sobre el Pensamiento Educativo de Andr\u00e9s Manj\u00f3n &#8211; Fundaci\u00f3n Manj\u00f3n Palencia","author":"Enrique Alonso Guardia","date":"02\/28\/2025","format":false,"excerpt":"\ud83d\udcda El Pensamiento Educativo de Andr\u00e9s Manj\u00f3n Palencia\ud83c\udf93\u00a0 Los docentes de los colegios de la Fundaci\u00f3n Manj\u00f3n-Palencia han participado en una enriquecedora jornada de formaci\u00f3n, profundizando en el pensamiento educativo y did\u00e1ctico de Andr\u00e9s Manj\u00f3n, figura clave en la renovaci\u00f3n pedag\u00f3gica. Guiados por el profesor Andr\u00e9s Palma Valenzuela, experto de\u2026","rel":"","context":"En \u00abConferencias\u00bb","block_context":{"text":"Conferencias","link":"https:\/\/andresmanjon.es\/index.php\/category\/conferencias\/"},"img":{"alt_text":"","src":"https:\/\/i0.wp.com\/andresmanjon.es\/wp-content\/uploads\/2025\/02\/WhatsApp-Image-2025-02-28-at-18.15.59.jpeg?fit=1200%2C900&ssl=1&resize=350%2C200","width":350,"height":200,"srcset":"https:\/\/i0.wp.com\/andresmanjon.es\/wp-content\/uploads\/2025\/02\/WhatsApp-Image-2025-02-28-at-18.15.59.jpeg?fit=1200%2C900&ssl=1&resize=350%2C200 1x, https:\/\/i0.wp.com\/andresmanjon.es\/wp-content\/uploads\/2025\/02\/WhatsApp-Image-2025-02-28-at-18.15.59.jpeg?fit=1200%2C900&ssl=1&resize=525%2C300 1.5x, https:\/\/i0.wp.com\/andresmanjon.es\/wp-content\/uploads\/2025\/02\/WhatsApp-Image-2025-02-28-at-18.15.59.jpeg?fit=1200%2C900&ssl=1&resize=700%2C400 2x, https:\/\/i0.wp.com\/andresmanjon.es\/wp-content\/uploads\/2025\/02\/WhatsApp-Image-2025-02-28-at-18.15.59.jpeg?fit=1200%2C900&ssl=1&resize=1050%2C600 3x"},"classes":[]},{"id":2646,"url":"https:\/\/andresmanjon.es\/index.php\/2025\/10\/08\/fundacion-circulo-y-la-institucion-fernan-gonzalez-presentan-andres-manjon-una-historia-en-la-historia\/","url_meta":{"origin":2833,"position":3},"title":"Fundaci\u00f3n C\u00edrculo y la Instituci\u00f3n Fern\u00e1n Gonz\u00e1lez presentan: \u2018Andr\u00e9s Manj\u00f3n. Una historia en la historia\u2019","author":"Enrique Alonso Guardia","date":"10\/08\/2025","format":false,"excerpt":"\"Andr\u00e9s Manj\u00f3n. Una historia en la historia\", nace como fruto del convenio de colaboraci\u00f3n entre la Fundaci\u00f3n C\u00edrculo Burgos con la Instituci\u00f3n Fern\u00e1n Gonz\u00e1lez, Real Academia Burgense de Historia y Bellas Artes que cuenta, entre sus objetivos, la promoci\u00f3n de trabajos e investigaciones relacionados con la ciudad y provincia de\u2026","rel":"","context":"En \u00abLegado Manjoniano\u00bb","block_context":{"text":"Legado Manjoniano","link":"https:\/\/andresmanjon.es\/index.php\/category\/legado-manjoniano\/"},"img":{"alt_text":"","src":"https:\/\/i0.wp.com\/andresmanjon.es\/wp-content\/uploads\/2025\/10\/Andres-Manjon.-Una-historia-en-la-historia_00002.jpeg?fit=1043%2C1200&ssl=1&resize=350%2C200","width":350,"height":200,"srcset":"https:\/\/i0.wp.com\/andresmanjon.es\/wp-content\/uploads\/2025\/10\/Andres-Manjon.-Una-historia-en-la-historia_00002.jpeg?fit=1043%2C1200&ssl=1&resize=350%2C200 1x, https:\/\/i0.wp.com\/andresmanjon.es\/wp-content\/uploads\/2025\/10\/Andres-Manjon.-Una-historia-en-la-historia_00002.jpeg?fit=1043%2C1200&ssl=1&resize=525%2C300 1.5x, https:\/\/i0.wp.com\/andresmanjon.es\/wp-content\/uploads\/2025\/10\/Andres-Manjon.-Una-historia-en-la-historia_00002.jpeg?fit=1043%2C1200&ssl=1&resize=700%2C400 2x"},"classes":[]},{"id":2708,"url":"https:\/\/andresmanjon.es\/index.php\/2025\/11\/05\/el-legado-de-andres-manjon-sigue-inspirando-un-perfil-pedagogico-que-vuelve-a-brillar\/","url_meta":{"origin":2833,"position":4},"title":"El legado de Andr\u00e9s Manj\u00f3n sigue inspirando: un perfil pedag\u00f3gico que vuelve a brillar","author":"Enrique Alonso Guardia","date":"11\/05\/2025","format":false,"excerpt":"Un renovado inter\u00e9s por la figura del Padre Manj\u00f3n El nuevo libro renueva el perfil pedag\u00f3gico del Padre Manj\u00f3n. La figura de Andr\u00e9s Manj\u00f3n vuelve a ocupar un lugar destacado en el panorama cultural y educativo granadino. En las \u00faltimas semanas, su pensamiento pedag\u00f3gico ha sido objeto de conversaci\u00f3n, debate\u2026","rel":"","context":"En \u00abLegado Manjoniano\u00bb","block_context":{"text":"Legado Manjoniano","link":"https:\/\/andresmanjon.es\/index.php\/category\/legado-manjoniano\/"},"img":{"alt_text":"","src":"https:\/\/i0.wp.com\/andresmanjon.es\/wp-content\/uploads\/2025\/10\/Andres-Manjon.-Una-historia-en-la-historia_00003.jpeg?fit=919%2C1200&ssl=1&resize=350%2C200","width":350,"height":200,"srcset":"https:\/\/i0.wp.com\/andresmanjon.es\/wp-content\/uploads\/2025\/10\/Andres-Manjon.-Una-historia-en-la-historia_00003.jpeg?fit=919%2C1200&ssl=1&resize=350%2C200 1x, https:\/\/i0.wp.com\/andresmanjon.es\/wp-content\/uploads\/2025\/10\/Andres-Manjon.-Una-historia-en-la-historia_00003.jpeg?fit=919%2C1200&ssl=1&resize=525%2C300 1.5x, https:\/\/i0.wp.com\/andresmanjon.es\/wp-content\/uploads\/2025\/10\/Andres-Manjon.-Una-historia-en-la-historia_00003.jpeg?fit=919%2C1200&ssl=1&resize=700%2C400 2x"},"classes":[]},{"id":2752,"url":"https:\/\/andresmanjon.es\/index.php\/2025\/11\/23\/preparando-el-homenaje-a-andres-manjon-y-manjon\/","url_meta":{"origin":2833,"position":5},"title":"Preparando el homenaje a Andr\u00e9s Manj\u00f3n y Manj\u00f3n","author":"Enrique Alonso Guardia","date":"11\/23\/2025","format":false,"excerpt":"Quinto aniversario de la declaraci\u00f3n de Venerable Con motivo del quinto aniversario de la declaraci\u00f3n de Venerable de nuestro fundador Andr\u00e9s Manj\u00f3n y Manj\u00f3n, desde la web andresmanjon.es nos sumamos a la invitaci\u00f3n que ha hecho la Abad\u00eda del Sacromonte de Granada para el acto de homenaje que se celebrar\u00e1\u2026","rel":"","context":"En \u00abBeatificaci\u00f3n\u00bb","block_context":{"text":"Beatificaci\u00f3n","link":"https:\/\/andresmanjon.es\/index.php\/category\/beatificacion\/"},"img":{"alt_text":"","src":"https:\/\/i0.wp.com\/andresmanjon.es\/wp-content\/uploads\/2025\/11\/DSC02211-980x653-1.jpg?fit=980%2C653&ssl=1&resize=350%2C200","width":350,"height":200,"srcset":"https:\/\/i0.wp.com\/andresmanjon.es\/wp-content\/uploads\/2025\/11\/DSC02211-980x653-1.jpg?fit=980%2C653&ssl=1&resize=350%2C200 1x, https:\/\/i0.wp.com\/andresmanjon.es\/wp-content\/uploads\/2025\/11\/DSC02211-980x653-1.jpg?fit=980%2C653&ssl=1&resize=525%2C300 1.5x, https:\/\/i0.wp.com\/andresmanjon.es\/wp-content\/uploads\/2025\/11\/DSC02211-980x653-1.jpg?fit=980%2C653&ssl=1&resize=700%2C400 2x"},"classes":[]}],"jetpack_sharing_enabled":true,"authors":[{"term_id":18,"user_id":2,"is_guest":0,"slug":"kalonso","display_name":"Enrique Alonso Guardia","avatar_url":"https:\/\/secure.gravatar.com\/avatar\/8dedfb85376f5619df87b798562554716430c51bdd4ee2c6cb09011dd04878a9?s=96&d=mm&r=g","author_category":"","first_name":"Enrique","last_name":"Alonso Guardia","user_url":"http:\/\/www.kalonso.com","job_title":"","description":""}],"jetpack_featured_media_url":"https:\/\/i0.wp.com\/andresmanjon.es\/wp-content\/uploads\/2025\/10\/Andres-Manjon.-Una-historia-en-la-historia_00001.jpeg?fit=1222%2C1600&ssl=1","_links":{"self":[{"href":"https:\/\/andresmanjon.es\/index.php\/wp-json\/wp\/v2\/posts\/2833","targetHints":{"allow":["GET"]}}],"collection":[{"href":"https:\/\/andresmanjon.es\/index.php\/wp-json\/wp\/v2\/posts"}],"about":[{"href":"https:\/\/andresmanjon.es\/index.php\/wp-json\/wp\/v2\/types\/post"}],"author":[{"embeddable":true,"href":"https:\/\/andresmanjon.es\/index.php\/wp-json\/wp\/v2\/users\/2"}],"replies":[{"embeddable":true,"href":"https:\/\/andresmanjon.es\/index.php\/wp-json\/wp\/v2\/comments?post=2833"}],"version-history":[{"count":1,"href":"https:\/\/andresmanjon.es\/index.php\/wp-json\/wp\/v2\/posts\/2833\/revisions"}],"predecessor-version":[{"id":2834,"href":"https:\/\/andresmanjon.es\/index.php\/wp-json\/wp\/v2\/posts\/2833\/revisions\/2834"}],"wp:featuredmedia":[{"embeddable":true,"href":"https:\/\/andresmanjon.es\/index.php\/wp-json\/wp\/v2\/media\/2647"}],"wp:attachment":[{"href":"https:\/\/andresmanjon.es\/index.php\/wp-json\/wp\/v2\/media?parent=2833"}],"wp:term":[{"taxonomy":"category","embeddable":true,"href":"https:\/\/andresmanjon.es\/index.php\/wp-json\/wp\/v2\/categories?post=2833"},{"taxonomy":"post_tag","embeddable":true,"href":"https:\/\/andresmanjon.es\/index.php\/wp-json\/wp\/v2\/tags?post=2833"},{"taxonomy":"author","embeddable":true,"href":"https:\/\/andresmanjon.es\/index.php\/wp-json\/wp\/v2\/ppma_author?post=2833"}],"curies":[{"name":"wp","href":"https:\/\/api.w.org\/{rel}","templated":true}]}}