{"id":2827,"date":"2026-08-31T22:28:29","date_gmt":"2026-08-31T21:28:29","guid":{"rendered":"https:\/\/andresmanjon.es\/?p=2827"},"modified":"2026-08-31T22:28:29","modified_gmt":"2026-08-31T21:28:29","slug":"medina-olmos-diego-ventaja-manjon-ave-maria-martirio","status":"publish","type":"post","link":"https:\/\/andresmanjon.es\/index.php\/2026\/08\/31\/medina-olmos-diego-ventaja-manjon-ave-maria-martirio\/","title":{"rendered":"Los continuadores de Manj\u00f3n: del Ave Mar\u00eda al martirio"},"content":{"rendered":"<p><strong>El 30 de agosto de 1936 murieron juntos los obispos Manuel Medina Olmos y Diego Ventaja. Noventa a\u00f1os despu\u00e9s recuperamos una dimensi\u00f3n menos conocida de sus vidas: ambos estuvieron profundamente vinculados a Andr\u00e9s Manj\u00f3n y asumieron responsabilidades en la continuidad de las Escuelas del Ave Mar\u00eda.<\/strong><\/p>\n<p>El 30 de agosto de 1936 murieron juntos dos obispos. Manuel Medina Olmos, obispo de Guadix-Baza, y Diego Ventaja Mil\u00e1n, obispo de Almer\u00eda, fueron asesinados en el Barranco del Chisme, en el t\u00e9rmino municipal de V\u00edcar (Almer\u00eda).<\/p>\n<p>Noventa a\u00f1os despu\u00e9s, la Iglesia los recuerda como beatos y m\u00e1rtires. Pero para comprender qui\u00e9nes fueron hay que retroceder unas d\u00e9cadas y mirar hacia Granada, al Sacromonte y a las Escuelas del Ave Mar\u00eda.<\/p>\n<p>Porque antes de ser dos obispos m\u00e1rtires, <strong>Medina Olmos y Diego Ventaja fueron dos hombres profundamente vinculados a Andr\u00e9s Manj\u00f3n y a su proyecto educativo<\/strong>. Y, cuando el fundador desapareci\u00f3, ambos asumieron responsabilidades en la dif\u00edcil tarea de darle continuidad.<\/p>\n<figure class=\"wp-caption aligncenter\" style=\"max-width: 600px;\"><img data-recalc-dims=\"1\" fetchpriority=\"high\" decoding=\"async\" src=\"https:\/\/i0.wp.com\/andresmanjon.es\/wp-content\/uploads\/2026\/08\/manuel-medina-olmos-diego-ventaja-odisur.jpg?resize=600%2C317&#038;ssl=1\" alt=\"Retratos de los beatos Manuel Medina Olmos y Diego Ventaja Mil\u00e1n, obispos m\u00e1rtires\" width=\"600\" height=\"317\" \/><figcaption class=\"wp-caption-text\">Los beatos Manuel Medina Olmos, obispo de Guadix-Baza, y Diego Ventaja Mil\u00e1n, obispo de Almer\u00eda. Imagen: ODISUR \/ Di\u00f3cesis de Guadix.<\/figcaption><\/figure>\n<h2>Manuel Medina Olmos, junto a Manj\u00f3n<\/h2>\n<p>La relaci\u00f3n entre Manuel Medina Olmos y Andr\u00e9s Manj\u00f3n fue mucho m\u00e1s que institucional.<\/p>\n<p>Sacerdote, profesor y can\u00f3nigo del Sacromonte, Medina aparece reiteradamente en el <em>Diario<\/em> de Manj\u00f3n. La edici\u00f3n cr\u00edtica de Jos\u00e9 Manuel Prellezo lo identifica como colaborador y amigo personal del fundador y documenta su pertenencia al Patronato de las Escuelas del Ave Mar\u00eda.<\/p>\n<p>Los documentos permiten verlo participando en la vida de las Escuelas, acompa\u00f1ando a Manj\u00f3n y asumiendo progresivamente responsabilidades. La Archidi\u00f3cesis de Granada se\u00f1ala, adem\u00e1s, que fue confesor y director espiritual de don Andr\u00e9s.<\/p>\n<p>Cuando Manj\u00f3n muri\u00f3 el 10 de julio de 1923, hab\u00eda dejado planteada una preocupaci\u00f3n que aparece claramente en sus escritos: <strong>el futuro de las Escuelas cuando faltara su fundador<\/strong>. No se consideraba imprescindible y quer\u00eda que la obra dispusiera de personas y estructuras capaces de continuarla.<\/p>\n<p>Precisamente cuatro d\u00edas despu\u00e9s de su muerte, el <strong>14 de julio de 1923<\/strong>, Manuel Medina Olmos fue elegido director de las Escuelas del Ave Mar\u00eda.<\/p>\n<p>No era un reci\u00e9n llegado. Era uno de los hombres que mejor conoc\u00edan al fundador y su obra.<\/p>\n<h2>Diego Ventaja, una vida vinculada al Sacromonte y al Ave Mar\u00eda<\/h2>\n<p>La trayectoria de Diego Ventaja conduce tambi\u00e9n directamente al mismo mundo.<\/p>\n<p>Hab\u00eda ingresado siendo ni\u00f1o en el Colegio del Sacromonte y desarroll\u00f3 durante d\u00e9cadas su ministerio entre la ense\u00f1anza, el apostolado y la formaci\u00f3n. La documentaci\u00f3n hist\u00f3rica conservada sobre \u00e9l permite situar entre los grandes \u00e1mbitos de su actividad precisamente el Sacromonte y las Escuelas del Ave Mar\u00eda.<\/p>\n<p>El propio <em>Diario<\/em> de Manj\u00f3n registra su presencia en la vida avemariana. Pero despu\u00e9s de la muerte del fundador su responsabilidad aument\u00f3 considerablemente.<\/p>\n<p>Cuando las obligaciones episcopales de Medina Olmos comenzaron a alejarlo de la direcci\u00f3n cotidiana de las Escuelas, encontr\u00f3 en Diego Ventaja a un hombre de confianza.<\/p>\n<p>En 1928 Medina lo propuso como <strong>delegado del director de las Escuelas del Ave Mar\u00eda<\/strong>, describi\u00e9ndolo como una persona estimada y de m\u00e9ritos reconocidos. La documentaci\u00f3n estudiada por Jos\u00e9 L\u00f3pez Mart\u00edn confirma adem\u00e1s que Medina valoraba ante la Nunciatura la forma en que Ventaja atend\u00eda las Escuelas, destacando su prudencia y su celo.<\/p>\n<p><strong>Manj\u00f3n hab\u00eda fundado la obra; Medina Olmos lo sucedi\u00f3 en su direcci\u00f3n; y Diego Ventaja asumi\u00f3, como delegado, importantes responsabilidades para sostenerla.<\/strong><\/p>\n<h2>Una amistad construida durante d\u00e9cadas<\/h2>\n<p>Medina y Ventaja compartieron mucho m\u00e1s que una responsabilidad administrativa. Hab\u00edan coincidido durante a\u00f1os en el ambiente del Sacromonte. Compartieron inquietudes educativas, sacerdotales y pastorales. Y Medina deposit\u00f3 en Ventaja una confianza que termin\u00f3 yendo m\u00e1s all\u00e1 del Ave Mar\u00eda.<\/p>\n<p>Cuando se plante\u00f3 su posible acceso al episcopado, Medina Olmos defendi\u00f3 su candidatura. Lo hizo ya en 1928 y volvi\u00f3 a hacerlo a\u00f1os despu\u00e9s.<\/p>\n<p>Finalmente, en 1935, Diego Ventaja fue nombrado obispo de Almer\u00eda. Manuel Medina Olmos era entonces obispo de Guadix-Baza.<\/p>\n<p>Dos hombres formados en el Sacromonte, estrechamente vinculados al Ave Mar\u00eda y llamados ahora a servir como obispos en dos di\u00f3cesis vecinas. La historia todav\u00eda iba a unirlos de una forma inesperada.<\/p>\n<h2>Diego Ventaja y la causa de Andr\u00e9s Manj\u00f3n<\/h2>\n<p>Hay un episodio especialmente revelador y poco conocido. En 1936, <strong>Diego Ventaja era postulador de la causa de beatificaci\u00f3n y canonizaci\u00f3n de Andr\u00e9s Manj\u00f3n<\/strong>.<\/p>\n<p>La causa hab\u00eda comenzado a prepararse despu\u00e9s de la muerte del fundador y el proceso informativo diocesano se abri\u00f3 solemnemente en Granada el <strong>6 de julio de 1936<\/strong>.<\/p>\n<p>Ventaja trabajaba para que la Iglesia estudiara la vida y las virtudes del maestro que hab\u00eda conocido y cuya obra educativa hab\u00eda ayudado a continuar.<\/p>\n<p>Al d\u00eda siguiente, <strong>7 de julio<\/strong>, Medina Olmos y Diego Ventaja coincidieron nuevamente en Granada. Visitaron las Escuelas del Ave Mar\u00eda y participaron en una reuni\u00f3n de su Patronato.<\/p>\n<p>En aquellos primeros d\u00edas de julio de 1936, los dos hombres que hab\u00edan asumido responsabilidades en la continuidad de la obra de Manj\u00f3n segu\u00edan ocup\u00e1ndose de sus Escuelas y de la causa de su fundador. Faltaban menos de dos meses para su muerte.<\/p>\n<h2>Julio de 1936<\/h2>\n<p>El 18 de julio comenz\u00f3 la Guerra Civil. La situaci\u00f3n religiosa en Almer\u00eda se deterior\u00f3 r\u00e1pidamente. Iglesias y edificios religiosos fueron atacados y numerosos sacerdotes y religiosos fueron detenidos.<\/p>\n<p>Diego Ventaja se encontraba en Granada cuando comenzaron los acontecimientos. Personas pr\u00f3ximas a \u00e9l intentaron convencerlo de que permaneciera all\u00ed. Decidi\u00f3 regresar a su di\u00f3cesis.<\/p>\n<p>La decisi\u00f3n tiene especial relevancia porque, d\u00e9cadas despu\u00e9s, san Juan Pablo II recurrir\u00eda precisamente a la imagen del Buen Pastor para interpretar el testimonio de los dos obispos: el pastor que ama a sus ovejas, no las abandona cuando llega el peligro y est\u00e1 dispuesto a entregar su vida por ellas.<\/p>\n<p>Manuel Medina Olmos lleg\u00f3 a Almer\u00eda el <strong>27 de julio<\/strong>. Los antiguos compa\u00f1eros del Sacromonte y del Ave Mar\u00eda volvieron a encontrarse. Esta vez ser\u00eda para compartir su \u00faltimo camino.<\/p>\n<h2>De la prisi\u00f3n al Barranco del Chisme<\/h2>\n<p>El <strong>12 de agosto<\/strong>, Medina Olmos y Ventaja fueron recluidos en el convento de las Adoratrices, convertido en prisi\u00f3n.<\/p>\n<p>El <strong>28 de agosto<\/strong> fueron trasladados al barco-prisi\u00f3n <em>Astoy Mendi<\/em>, fondeado en el puerto de Almer\u00eda.<\/p>\n<p>Durante la noche del 30 de agosto fueron sacados junto con otros detenidos y conducidos por carretera hasta el <strong>Barranco del Chisme<\/strong>, en el t\u00e9rmino municipal de V\u00edcar. All\u00ed murieron.<\/p>\n<p>Los testimonios recogidos posteriormente hablan de oraci\u00f3n y perd\u00f3n en aquellos \u00faltimos momentos. Conviene, sin embargo, mantener cierta cautela hist\u00f3rica al reproducir literalmente algunas de las frases atribuidas a cada uno de los obispos, porque las investigaciones han detectado posibles confusiones entre los testimonios acerca de qui\u00e9n pronunci\u00f3 determinadas palabras.<\/p>\n<p>El hecho esencial no ofrece esa duda: <strong>Manuel Medina Olmos y Diego Ventaja Mil\u00e1n murieron juntos el 30 de agosto de 1936.<\/strong><\/p>\n<h2>Dos m\u00e1rtires de la misma escuela<\/h2>\n<p>Cincuenta y siete a\u00f1os despu\u00e9s, el <strong>10 de octubre de 1993<\/strong>, san Juan Pablo II los beatific\u00f3 en Roma. La Iglesia reconoc\u00eda as\u00ed oficialmente su martirio.<\/p>\n<p>En su homil\u00eda, el Papa present\u00f3 a Medina Olmos y Ventaja como imagen del Buen Pastor que permanece junto a los suyos hasta entregar la propia vida.<\/p>\n<p>Pero la historia contiene una circunstancia extraordinaria. Uno de aquellos nuevos beatos, <strong>Diego Ventaja, hab\u00eda trabajado en 1936 por la beatificaci\u00f3n de Andr\u00e9s Manj\u00f3n<\/strong>.<\/p>\n<p>Ventaja no lleg\u00f3 a ver culminada aquella causa. Hoy es \u00e9l quien recibe culto como beato y m\u00e1rtir.<\/p>\n<figure class=\"wp-caption aligncenter\" style=\"max-width: 390px;\"><img data-recalc-dims=\"1\" decoding=\"async\" src=\"https:\/\/i0.wp.com\/andresmanjon.es\/wp-content\/uploads\/2026\/08\/venerable-andres-manjon-dicasterio-causas-santos.jpg?resize=390%2C450&#038;ssl=1\" alt=\"Retrato del Venerable Andr\u00e9s Manj\u00f3n y Manj\u00f3n\" width=\"390\" height=\"450\" \/><figcaption class=\"wp-caption-text\">El Venerable Andr\u00e9s Manj\u00f3n y Manj\u00f3n (1846-1923), fundador de las Escuelas del Ave Mar\u00eda. Retrato: Dicasterio para las Causas de los Santos.<\/figcaption><\/figure>\n<p>Y Andr\u00e9s Manj\u00f3n, cuya causa ayud\u00f3 a impulsar, es desde el <strong>23 de noviembre de 2020 Venerable<\/strong>, despu\u00e9s de que el papa Francisco autorizara el decreto que reconoce la heroicidad de sus virtudes.<\/p>\n<p><a href=\"https:\/\/www.causesanti.va\/it\/venerabili\/andrea-manjon-y-manjon.html\">Decreto sobre las virtudes heroicas de Andr\u00e9s Manj\u00f3n \u2014 Dicasterio para las Causas de los Santos<\/a><\/p>\n<h2>Una fidelidad que genera futuro<\/h2>\n<p>ODISUR ha elegido para recordar el noventa aniversario del martirio una expresi\u00f3n especialmente acertada: <strong>\u00abUna fidelidad que genera futuro\u00bb<\/strong>.<\/p>\n<p>Vista desde el Ave Mar\u00eda, esa expresi\u00f3n adquiere otra dimensi\u00f3n. Manj\u00f3n dedic\u00f3 sus \u00faltimos escritos a explicar qu\u00e9 eran sus Escuelas y c\u00f3mo deb\u00eda ense\u00f1arse en ellas, pero tambi\u00e9n se pregunt\u00f3 por su futuro. Sab\u00eda que ninguna obra puede depender indefinidamente de su fundador y quiso preparar su continuidad.<\/p>\n<p>Medina Olmos perteneci\u00f3 a la primera generaci\u00f3n que recibi\u00f3 directamente esa responsabilidad. Diego Ventaja colabor\u00f3 con \u00e9l en ella.<\/p>\n<p>Sus trayectorias los llevaron despu\u00e9s desde las Escuelas al episcopado y, finalmente, a compartir prisi\u00f3n y martirio.<\/p>\n<p>No necesitamos convertir esa sucesi\u00f3n de acontecimientos en una leyenda. Los documentos son suficientemente elocuentes.<\/p>\n<p><strong>Andr\u00e9s Manj\u00f3n muri\u00f3 en 1923.<br \/>\nManuel Medina Olmos lo sucedi\u00f3 al frente del Ave Mar\u00eda.<br \/>\nDiego Ventaja colabor\u00f3 con Medina en la direcci\u00f3n de las Escuelas.<br \/>\nVentaja trabaj\u00f3 despu\u00e9s por la causa de beatificaci\u00f3n de Manj\u00f3n.<br \/>\nEn julio de 1936, Medina y Ventaja todav\u00eda se reun\u00edan por el Ave Mar\u00eda.<br \/>\nEl 30 de agosto murieron juntos.<br \/>\nEn 1993 fueron beatificados como m\u00e1rtires.<br \/>\nY en 2020 la Iglesia declar\u00f3 Venerable a Andr\u00e9s Manj\u00f3n.<\/strong><\/p>\n<p>Noventa a\u00f1os despu\u00e9s del martirio de Medina Olmos y Diego Ventaja, el Ave Mar\u00eda puede recordarlos no \u00fanicamente por la forma en que murieron.<\/p>\n<p>Tambi\u00e9n \u2014y quiz\u00e1 sobre todo\u2014 por aquello a lo que dedicaron su vida.<\/p>\n<p>Fueron sacerdotes, educadores y pastores. Hombres del Sacromonte. Colaboradores y continuadores de una obra educativa nacida entre los ni\u00f1os pobres de Granada.<\/p>\n<p><strong>Fueron hombres del Ave Mar\u00eda.<\/strong><\/p>\n<p>Y esa parte de su historia tambi\u00e9n merece ser recordada.<\/p>\n<hr \/>\n<h2>Fuentes y lecturas<\/h2>\n<ul>\n<li><a href=\"https:\/\/odisur.es\/guadix\/una-fidelidad-que-genera-futuro-primera-parte\/\">\u00abUna fidelidad que genera futuro\u00bb. Primera parte \u2014 ODISUR \/ Di\u00f3cesis de Guadix<\/a>.<\/li>\n<li><a href=\"https:\/\/odisur.es\/guadix\/una-fidelidad-que-genera-futuro-segunda-parte\/\">Segunda parte de la serie \u2014 ODISUR \/ Di\u00f3cesis de Guadix<\/a>.<\/li>\n<li><a href=\"https:\/\/odisur.es\/guadix\/una-fidelidad-que-genera-futuro-y-tercera-parte\/\">Tercera parte de la serie \u2014 ODISUR \/ Di\u00f3cesis de Guadix<\/a>.<\/li>\n<li><a href=\"https:\/\/www.vatican.va\/content\/john-paul-ii\/es\/homilies\/1993\/documents\/hf_jp-ii_hom_19931010_beatificazioni.html\">Homil\u00eda de san Juan Pablo II en la beatificaci\u00f3n, 10 de octubre de 1993<\/a>.<\/li>\n<li><a href=\"https:\/\/www.causesanti.va\/it\/venerabili\/andrea-manjon-y-manjon.html\">Andr\u00e9s Manj\u00f3n y Manj\u00f3n \u2014 Dicasterio para las Causas de los Santos<\/a>.<\/li>\n<\/ul>\n","protected":false},"excerpt":{"rendered":"<p>El 30 de agosto de 1936 murieron juntos los obispos Manuel Medina Olmos y Diego Ventaja. Noventa a\u00f1os despu\u00e9s recuperamos una dimensi\u00f3n menos conocida de sus vidas: ambos estuvieron profundamente vinculados a Andr\u00e9s Manj\u00f3n y asumieron responsabilidades en la continuidad de las Escuelas del Ave Mar\u00eda. El 30 de agosto de 1936 murieron juntos dos [&hellip;]<\/p>\n","protected":false},"author":2,"featured_media":2825,"comment_status":"closed","ping_status":"closed","sticky":false,"template":"","format":"standard","meta":{"_jetpack_newsletter_access":"","_jetpack_dont_email_post_to_subs":false,"_jetpack_newsletter_tier_id":0,"_jetpack_memberships_contains_paywalled_content":false,"_jetpack_feature_clip_id":0,"_jetpack_memberships_contains_paid_content":false,"footnotes":"","jetpack_post_was_ever_published":false},"categories":[37,142],"tags":[402,38,291,398,84,40,401,400,397,399,116,374],"ppma_author":[18],"class_list":["post-2827","post","type-post","status-publish","format-standard","has-post-thumbnail","hentry","category-beatificacion","category-escuelas-ave-maria","tag-almeria","tag-andres-manjon","tag-ave-maria","tag-diego-ventaja-milan","tag-educacion","tag-escuelas-del-ave-maria","tag-guadix","tag-guerra-civil","tag-manuel-medina-olmos","tag-martires","tag-sacromonte","tag-venerable-andres-manjon"],"yoast_head":"<!-- This site is optimized with the Yoast SEO plugin v28.3 - https:\/\/yoast.com\/product\/yoast-seo-wordpress\/ -->\n<title>Los continuadores de Manj\u00f3n: Medina Olmos y Diego Ventaja, del Ave Mar\u00eda al martirio<\/title>\n<meta name=\"description\" content=\"Manuel Medina Olmos y Diego Ventaja fueron colaboradores y continuadores de la obra educativa de Andr\u00e9s Manj\u00f3n antes de morir m\u00e1rtires juntos el 30 de agosto de 1936.\" \/>\n<meta name=\"robots\" content=\"index, follow, max-snippet:-1, max-image-preview:large, max-video-preview:-1\" \/>\n<link rel=\"canonical\" href=\"https:\/\/andresmanjon.es\/index.php\/2026\/08\/31\/medina-olmos-diego-ventaja-manjon-ave-maria-martirio\/\" \/>\n<meta property=\"og:locale\" content=\"es_ES\" \/>\n<meta property=\"og:type\" content=\"article\" \/>\n<meta property=\"og:title\" content=\"Los continuadores de Manj\u00f3n: Medina Olmos y Diego Ventaja, del Ave Mar\u00eda al martirio\" \/>\n<meta property=\"og:description\" content=\"Manuel Medina Olmos y Diego Ventaja fueron colaboradores y continuadores de la obra educativa de Andr\u00e9s Manj\u00f3n antes de morir m\u00e1rtires juntos el 30 de agosto de 1936.\" \/>\n<meta property=\"og:url\" content=\"https:\/\/andresmanjon.es\/index.php\/2026\/08\/31\/medina-olmos-diego-ventaja-manjon-ave-maria-martirio\/\" \/>\n<meta property=\"og:site_name\" content=\"MANJON VIVE\" \/>\n<meta property=\"article:published_time\" content=\"2026-08-31T21:28:29+00:00\" \/>\n<meta property=\"og:image\" content=\"https:\/\/andresmanjon.es\/wp-content\/uploads\/2026\/08\/manuel-medina-olmos-diego-ventaja-odisur.jpg\" \/>\n\t<meta property=\"og:image:width\" content=\"600\" \/>\n\t<meta property=\"og:image:height\" content=\"317\" \/>\n\t<meta property=\"og:image:type\" content=\"image\/jpeg\" \/>\n<meta name=\"author\" content=\"Enrique Alonso Guardia\" \/>\n<meta name=\"twitter:card\" content=\"summary_large_image\" \/>\n<meta name=\"twitter:label1\" content=\"Escrito por\" \/>\n\t<meta name=\"twitter:data1\" content=\"Enrique Alonso Guardia\" \/>\n\t<meta name=\"twitter:label2\" content=\"Tiempo de lectura\" \/>\n\t<meta name=\"twitter:data2\" content=\"9 minutos\" \/>\n<script type=\"application\/ld+json\" class=\"yoast-schema-graph\">{\"@context\":\"https:\\\/\\\/schema.org\",\"@graph\":[{\"@type\":\"Article\",\"@id\":\"https:\\\/\\\/andresmanjon.es\\\/index.php\\\/2026\\\/08\\\/31\\\/medina-olmos-diego-ventaja-manjon-ave-maria-martirio\\\/#article\",\"isPartOf\":{\"@id\":\"https:\\\/\\\/andresmanjon.es\\\/index.php\\\/2026\\\/08\\\/31\\\/medina-olmos-diego-ventaja-manjon-ave-maria-martirio\\\/\"},\"author\":{\"name\":\"Enrique Alonso Guardia\",\"@id\":\"https:\\\/\\\/andresmanjon.es\\\/#\\\/schema\\\/person\\\/c3aa9658a78defc49109499b1f40dc3a\"},\"headline\":\"Los continuadores de Manj\u00f3n: del Ave Mar\u00eda al martirio\",\"datePublished\":\"2026-08-31T21:28:29+00:00\",\"mainEntityOfPage\":{\"@id\":\"https:\\\/\\\/andresmanjon.es\\\/index.php\\\/2026\\\/08\\\/31\\\/medina-olmos-diego-ventaja-manjon-ave-maria-martirio\\\/\"},\"wordCount\":1773,\"publisher\":{\"@id\":\"https:\\\/\\\/andresmanjon.es\\\/#\\\/schema\\\/person\\\/c3aa9658a78defc49109499b1f40dc3a\"},\"image\":{\"@id\":\"https:\\\/\\\/andresmanjon.es\\\/index.php\\\/2026\\\/08\\\/31\\\/medina-olmos-diego-ventaja-manjon-ave-maria-martirio\\\/#primaryimage\"},\"thumbnailUrl\":\"https:\\\/\\\/i0.wp.com\\\/andresmanjon.es\\\/wp-content\\\/uploads\\\/2026\\\/08\\\/manuel-medina-olmos-diego-ventaja-odisur.jpg?fit=600%2C317&ssl=1\",\"keywords\":[\"Almer\u00eda\",\"Andr\u00e9s Manj\u00f3n\",\"Ave Mar\u00eda\",\"Diego Ventaja Mil\u00e1n\",\"educaci\u00f3n\",\"Escuelas del Ave Mar\u00eda\",\"Guadix\",\"Guerra Civil\",\"Manuel Medina Olmos\",\"m\u00e1rtires\",\"Sacromonte\",\"Venerable Andr\u00e9s Manj\u00f3n\"],\"articleSection\":[\"Beatificaci\u00f3n\",\"Escuelas Ave Mar\u00eda\"],\"inLanguage\":\"es\"},{\"@type\":\"WebPage\",\"@id\":\"https:\\\/\\\/andresmanjon.es\\\/index.php\\\/2026\\\/08\\\/31\\\/medina-olmos-diego-ventaja-manjon-ave-maria-martirio\\\/\",\"url\":\"https:\\\/\\\/andresmanjon.es\\\/index.php\\\/2026\\\/08\\\/31\\\/medina-olmos-diego-ventaja-manjon-ave-maria-martirio\\\/\",\"name\":\"Los continuadores de Manj\u00f3n: Medina Olmos y Diego Ventaja, del Ave Mar\u00eda al martirio\",\"isPartOf\":{\"@id\":\"https:\\\/\\\/andresmanjon.es\\\/#website\"},\"primaryImageOfPage\":{\"@id\":\"https:\\\/\\\/andresmanjon.es\\\/index.php\\\/2026\\\/08\\\/31\\\/medina-olmos-diego-ventaja-manjon-ave-maria-martirio\\\/#primaryimage\"},\"image\":{\"@id\":\"https:\\\/\\\/andresmanjon.es\\\/index.php\\\/2026\\\/08\\\/31\\\/medina-olmos-diego-ventaja-manjon-ave-maria-martirio\\\/#primaryimage\"},\"thumbnailUrl\":\"https:\\\/\\\/i0.wp.com\\\/andresmanjon.es\\\/wp-content\\\/uploads\\\/2026\\\/08\\\/manuel-medina-olmos-diego-ventaja-odisur.jpg?fit=600%2C317&ssl=1\",\"datePublished\":\"2026-08-31T21:28:29+00:00\",\"description\":\"Manuel Medina Olmos y Diego Ventaja fueron colaboradores y continuadores de la obra educativa de Andr\u00e9s Manj\u00f3n antes de morir m\u00e1rtires juntos el 30 de agosto de 1936.\",\"breadcrumb\":{\"@id\":\"https:\\\/\\\/andresmanjon.es\\\/index.php\\\/2026\\\/08\\\/31\\\/medina-olmos-diego-ventaja-manjon-ave-maria-martirio\\\/#breadcrumb\"},\"inLanguage\":\"es\",\"potentialAction\":[{\"@type\":\"ReadAction\",\"target\":[\"https:\\\/\\\/andresmanjon.es\\\/index.php\\\/2026\\\/08\\\/31\\\/medina-olmos-diego-ventaja-manjon-ave-maria-martirio\\\/\"]}]},{\"@type\":\"ImageObject\",\"inLanguage\":\"es\",\"@id\":\"https:\\\/\\\/andresmanjon.es\\\/index.php\\\/2026\\\/08\\\/31\\\/medina-olmos-diego-ventaja-manjon-ave-maria-martirio\\\/#primaryimage\",\"url\":\"https:\\\/\\\/i0.wp.com\\\/andresmanjon.es\\\/wp-content\\\/uploads\\\/2026\\\/08\\\/manuel-medina-olmos-diego-ventaja-odisur.jpg?fit=600%2C317&ssl=1\",\"contentUrl\":\"https:\\\/\\\/i0.wp.com\\\/andresmanjon.es\\\/wp-content\\\/uploads\\\/2026\\\/08\\\/manuel-medina-olmos-diego-ventaja-odisur.jpg?fit=600%2C317&ssl=1\",\"width\":600,\"height\":317,\"caption\":\"Los beatos Manuel Medina Olmos, obispo de Guadix-Baza, y Diego Ventaja Mil\u00e1n, obispo de Almer\u00eda. Imagen publicada por ODISUR \\\/ Di\u00f3cesis de Guadix con motivo del 90.\u00ba aniversario de su martirio.\"},{\"@type\":\"BreadcrumbList\",\"@id\":\"https:\\\/\\\/andresmanjon.es\\\/index.php\\\/2026\\\/08\\\/31\\\/medina-olmos-diego-ventaja-manjon-ave-maria-martirio\\\/#breadcrumb\",\"itemListElement\":[{\"@type\":\"ListItem\",\"position\":1,\"name\":\"Portada\",\"item\":\"https:\\\/\\\/andresmanjon.es\\\/\"},{\"@type\":\"ListItem\",\"position\":2,\"name\":\"Los continuadores de Manj\u00f3n: del Ave Mar\u00eda al martirio\"}]},{\"@type\":\"WebSite\",\"@id\":\"https:\\\/\\\/andresmanjon.es\\\/#website\",\"url\":\"https:\\\/\\\/andresmanjon.es\\\/\",\"name\":\"Andr\u00e9s Manj\u00f3n y Manj\u00f3n\",\"description\":\"UNA EDUCACI\u00d3N PARA TODOS\",\"publisher\":{\"@id\":\"https:\\\/\\\/andresmanjon.es\\\/#\\\/schema\\\/person\\\/c3aa9658a78defc49109499b1f40dc3a\"},\"potentialAction\":[{\"@type\":\"SearchAction\",\"target\":{\"@type\":\"EntryPoint\",\"urlTemplate\":\"https:\\\/\\\/andresmanjon.es\\\/?s={search_term_string}\"},\"query-input\":{\"@type\":\"PropertyValueSpecification\",\"valueRequired\":true,\"valueName\":\"search_term_string\"}}],\"inLanguage\":\"es\"},{\"@type\":[\"Person\",\"Organization\"],\"@id\":\"https:\\\/\\\/andresmanjon.es\\\/#\\\/schema\\\/person\\\/c3aa9658a78defc49109499b1f40dc3a\",\"name\":\"Enrique Alonso Guardia\",\"image\":{\"@type\":\"ImageObject\",\"inLanguage\":\"es\",\"@id\":\"https:\\\/\\\/i0.wp.com\\\/andresmanjon.es\\\/wp-content\\\/uploads\\\/2023\\\/12\\\/cropped-logo-1.png?fit=1660%2C548&ssl=1dd6cd788025305c93754fac7facc0ac9\",\"url\":\"https:\\\/\\\/i0.wp.com\\\/andresmanjon.es\\\/wp-content\\\/uploads\\\/2023\\\/12\\\/cropped-logo-1.png?fit=1660%2C548&ssl=1\",\"contentUrl\":\"https:\\\/\\\/i0.wp.com\\\/andresmanjon.es\\\/wp-content\\\/uploads\\\/2023\\\/12\\\/cropped-logo-1.png?fit=1660%2C548&ssl=1\",\"width\":1660,\"height\":548,\"caption\":\"Enrique Alonso Guardia\"},\"logo\":{\"@id\":\"https:\\\/\\\/i0.wp.com\\\/andresmanjon.es\\\/wp-content\\\/uploads\\\/2023\\\/12\\\/cropped-logo-1.png?fit=1660%2C548&ssl=1dd6cd788025305c93754fac7facc0ac9\"},\"sameAs\":[\"http:\\\/\\\/www.kalonso.com\"],\"url\":\"https:\\\/\\\/andresmanjon.es\\\/index.php\\\/author\\\/kalonso\\\/\"}]}<\/script>\n<!-- \/ Yoast SEO plugin. -->","yoast_head_json":{"title":"Los continuadores de Manj\u00f3n: Medina Olmos y Diego Ventaja, del Ave Mar\u00eda al martirio","description":"Manuel Medina Olmos y Diego Ventaja fueron colaboradores y continuadores de la obra educativa de Andr\u00e9s Manj\u00f3n antes de morir m\u00e1rtires juntos el 30 de agosto de 1936.","robots":{"index":"index","follow":"follow","max-snippet":"max-snippet:-1","max-image-preview":"max-image-preview:large","max-video-preview":"max-video-preview:-1"},"canonical":"https:\/\/andresmanjon.es\/index.php\/2026\/08\/31\/medina-olmos-diego-ventaja-manjon-ave-maria-martirio\/","og_locale":"es_ES","og_type":"article","og_title":"Los continuadores de Manj\u00f3n: Medina Olmos y Diego Ventaja, del Ave Mar\u00eda al martirio","og_description":"Manuel Medina Olmos y Diego Ventaja fueron colaboradores y continuadores de la obra educativa de Andr\u00e9s Manj\u00f3n antes de morir m\u00e1rtires juntos el 30 de agosto de 1936.","og_url":"https:\/\/andresmanjon.es\/index.php\/2026\/08\/31\/medina-olmos-diego-ventaja-manjon-ave-maria-martirio\/","og_site_name":"MANJON VIVE","article_published_time":"2026-08-31T21:28:29+00:00","og_image":[{"width":600,"height":317,"url":"https:\/\/andresmanjon.es\/wp-content\/uploads\/2026\/08\/manuel-medina-olmos-diego-ventaja-odisur.jpg","type":"image\/jpeg"}],"author":"Enrique Alonso Guardia","twitter_card":"summary_large_image","twitter_misc":{"Escrito por":"Enrique Alonso Guardia","Tiempo de lectura":"9 minutos"},"schema":{"@context":"https:\/\/schema.org","@graph":[{"@type":"Article","@id":"https:\/\/andresmanjon.es\/index.php\/2026\/08\/31\/medina-olmos-diego-ventaja-manjon-ave-maria-martirio\/#article","isPartOf":{"@id":"https:\/\/andresmanjon.es\/index.php\/2026\/08\/31\/medina-olmos-diego-ventaja-manjon-ave-maria-martirio\/"},"author":{"name":"Enrique Alonso Guardia","@id":"https:\/\/andresmanjon.es\/#\/schema\/person\/c3aa9658a78defc49109499b1f40dc3a"},"headline":"Los continuadores de Manj\u00f3n: del Ave Mar\u00eda al martirio","datePublished":"2026-08-31T21:28:29+00:00","mainEntityOfPage":{"@id":"https:\/\/andresmanjon.es\/index.php\/2026\/08\/31\/medina-olmos-diego-ventaja-manjon-ave-maria-martirio\/"},"wordCount":1773,"publisher":{"@id":"https:\/\/andresmanjon.es\/#\/schema\/person\/c3aa9658a78defc49109499b1f40dc3a"},"image":{"@id":"https:\/\/andresmanjon.es\/index.php\/2026\/08\/31\/medina-olmos-diego-ventaja-manjon-ave-maria-martirio\/#primaryimage"},"thumbnailUrl":"https:\/\/i0.wp.com\/andresmanjon.es\/wp-content\/uploads\/2026\/08\/manuel-medina-olmos-diego-ventaja-odisur.jpg?fit=600%2C317&ssl=1","keywords":["Almer\u00eda","Andr\u00e9s Manj\u00f3n","Ave Mar\u00eda","Diego Ventaja Mil\u00e1n","educaci\u00f3n","Escuelas del Ave Mar\u00eda","Guadix","Guerra Civil","Manuel Medina Olmos","m\u00e1rtires","Sacromonte","Venerable Andr\u00e9s Manj\u00f3n"],"articleSection":["Beatificaci\u00f3n","Escuelas Ave Mar\u00eda"],"inLanguage":"es"},{"@type":"WebPage","@id":"https:\/\/andresmanjon.es\/index.php\/2026\/08\/31\/medina-olmos-diego-ventaja-manjon-ave-maria-martirio\/","url":"https:\/\/andresmanjon.es\/index.php\/2026\/08\/31\/medina-olmos-diego-ventaja-manjon-ave-maria-martirio\/","name":"Los continuadores de Manj\u00f3n: Medina Olmos y Diego Ventaja, del Ave Mar\u00eda al martirio","isPartOf":{"@id":"https:\/\/andresmanjon.es\/#website"},"primaryImageOfPage":{"@id":"https:\/\/andresmanjon.es\/index.php\/2026\/08\/31\/medina-olmos-diego-ventaja-manjon-ave-maria-martirio\/#primaryimage"},"image":{"@id":"https:\/\/andresmanjon.es\/index.php\/2026\/08\/31\/medina-olmos-diego-ventaja-manjon-ave-maria-martirio\/#primaryimage"},"thumbnailUrl":"https:\/\/i0.wp.com\/andresmanjon.es\/wp-content\/uploads\/2026\/08\/manuel-medina-olmos-diego-ventaja-odisur.jpg?fit=600%2C317&ssl=1","datePublished":"2026-08-31T21:28:29+00:00","description":"Manuel Medina Olmos y Diego Ventaja fueron colaboradores y continuadores de la obra educativa de Andr\u00e9s Manj\u00f3n antes de morir m\u00e1rtires juntos el 30 de agosto de 1936.","breadcrumb":{"@id":"https:\/\/andresmanjon.es\/index.php\/2026\/08\/31\/medina-olmos-diego-ventaja-manjon-ave-maria-martirio\/#breadcrumb"},"inLanguage":"es","potentialAction":[{"@type":"ReadAction","target":["https:\/\/andresmanjon.es\/index.php\/2026\/08\/31\/medina-olmos-diego-ventaja-manjon-ave-maria-martirio\/"]}]},{"@type":"ImageObject","inLanguage":"es","@id":"https:\/\/andresmanjon.es\/index.php\/2026\/08\/31\/medina-olmos-diego-ventaja-manjon-ave-maria-martirio\/#primaryimage","url":"https:\/\/i0.wp.com\/andresmanjon.es\/wp-content\/uploads\/2026\/08\/manuel-medina-olmos-diego-ventaja-odisur.jpg?fit=600%2C317&ssl=1","contentUrl":"https:\/\/i0.wp.com\/andresmanjon.es\/wp-content\/uploads\/2026\/08\/manuel-medina-olmos-diego-ventaja-odisur.jpg?fit=600%2C317&ssl=1","width":600,"height":317,"caption":"Los beatos Manuel Medina Olmos, obispo de Guadix-Baza, y Diego Ventaja Mil\u00e1n, obispo de Almer\u00eda. Imagen publicada por ODISUR \/ Di\u00f3cesis de Guadix con motivo del 90.\u00ba aniversario de su martirio."},{"@type":"BreadcrumbList","@id":"https:\/\/andresmanjon.es\/index.php\/2026\/08\/31\/medina-olmos-diego-ventaja-manjon-ave-maria-martirio\/#breadcrumb","itemListElement":[{"@type":"ListItem","position":1,"name":"Portada","item":"https:\/\/andresmanjon.es\/"},{"@type":"ListItem","position":2,"name":"Los continuadores de Manj\u00f3n: del Ave Mar\u00eda al martirio"}]},{"@type":"WebSite","@id":"https:\/\/andresmanjon.es\/#website","url":"https:\/\/andresmanjon.es\/","name":"Andr\u00e9s Manj\u00f3n y Manj\u00f3n","description":"UNA EDUCACI\u00d3N PARA TODOS","publisher":{"@id":"https:\/\/andresmanjon.es\/#\/schema\/person\/c3aa9658a78defc49109499b1f40dc3a"},"potentialAction":[{"@type":"SearchAction","target":{"@type":"EntryPoint","urlTemplate":"https:\/\/andresmanjon.es\/?s={search_term_string}"},"query-input":{"@type":"PropertyValueSpecification","valueRequired":true,"valueName":"search_term_string"}}],"inLanguage":"es"},{"@type":["Person","Organization"],"@id":"https:\/\/andresmanjon.es\/#\/schema\/person\/c3aa9658a78defc49109499b1f40dc3a","name":"Enrique Alonso Guardia","image":{"@type":"ImageObject","inLanguage":"es","@id":"https:\/\/i0.wp.com\/andresmanjon.es\/wp-content\/uploads\/2023\/12\/cropped-logo-1.png?fit=1660%2C548&ssl=1dd6cd788025305c93754fac7facc0ac9","url":"https:\/\/i0.wp.com\/andresmanjon.es\/wp-content\/uploads\/2023\/12\/cropped-logo-1.png?fit=1660%2C548&ssl=1","contentUrl":"https:\/\/i0.wp.com\/andresmanjon.es\/wp-content\/uploads\/2023\/12\/cropped-logo-1.png?fit=1660%2C548&ssl=1","width":1660,"height":548,"caption":"Enrique Alonso Guardia"},"logo":{"@id":"https:\/\/i0.wp.com\/andresmanjon.es\/wp-content\/uploads\/2023\/12\/cropped-logo-1.png?fit=1660%2C548&ssl=1dd6cd788025305c93754fac7facc0ac9"},"sameAs":["http:\/\/www.kalonso.com"],"url":"https:\/\/andresmanjon.es\/index.php\/author\/kalonso\/"}]}},"jetpack-related-posts":[{"id":1804,"url":"https:\/\/andresmanjon.es\/index.php\/2024\/10\/16\/don-pedro-manjon\/","url_meta":{"origin":2827,"position":0},"title":"DON PEDRO MANJ\u00d3N","author":"Enrique Alonso Guardia","date":"10\/16\/2024","format":false,"excerpt":"Dedicado a los avemarianosEl escritor Francisco Gil Craviotto,\u00a0al que conozco\u00a0desde principios del siglo, public\u00f3 en 1999,\u00a0\u201cRetratos y semblanzas con la Alhambra al fondo\u201d, de editorial Port-Royal. En el libro viene una entrevista que le hizo a\u00a0don Pedro Manj\u00f3n, el sobrino de\u00a0don Andr\u00e9s Manj\u00f3n, fundador de las\u00a0Escuelas del Ave Mar\u00eda. El\u2026","rel":"","context":"En \u00abLeandro Garc\u00eda Casanova\u00bb","block_context":{"text":"Leandro Garc\u00eda Casanova","link":"https:\/\/andresmanjon.es\/index.php\/category\/leandro-garcia-casanova\/"},"img":{"alt_text":"","src":"https:\/\/i0.wp.com\/andresmanjon.es\/wp-content\/uploads\/2024\/10\/PM-300x227.jpg?resize=350%2C200&ssl=1","width":350,"height":200},"classes":[]},{"id":1675,"url":"https:\/\/andresmanjon.es\/index.php\/2024\/09\/15\/manjon-y-la-virgen-de-las-angustias\/","url_meta":{"origin":2827,"position":1},"title":"Manj\u00f3n y la Virgen de las Angustias","author":"Enrique Alonso Guardia","date":"09\/15\/2024","format":false,"excerpt":"Manj\u00f3n y la Virgen de las Angustias. Don Andr\u00e9s Manj\u00f3n dedic\u00f3 su vida a educar a ni\u00f1os y ni\u00f1as, sobre todo a quienes m\u00e1s lo necesitaban. Adem\u00e1s de ser un gran educador, tambi\u00e9n era muy devoto de la Virgen de las Angustias, la patrona de Granada. En homenaje a esta\u2026","rel":"","context":"En \u00abInterioridad Manjoniana\u00bb","block_context":{"text":"Interioridad Manjoniana","link":"https:\/\/andresmanjon.es\/index.php\/category\/interioridad-manjoniana\/"},"img":{"alt_text":"VIRGEN DE LAS ANGUSTIAS","src":"https:\/\/i0.wp.com\/andresmanjon.es\/wp-content\/uploads\/2024\/09\/88B3A333-1E3A-4EB7-B248-1D88CF140DC6_4_5005_c.jpeg?fit=360%2C480&ssl=1&resize=350%2C200","width":350,"height":200},"classes":[]},{"id":2383,"url":"https:\/\/andresmanjon.es\/index.php\/2024\/12\/23\/la-navidad-en-las-escuelas-del-ave-maria\/","url_meta":{"origin":2827,"position":2},"title":"La Navidad en las Escuelas del Ave Mar\u00eda: Fe, Reflexi\u00f3n y Comunidad","author":"Enrique Alonso Guardia","date":"12\/23\/2024","format":false,"excerpt":"La Navidad en las Escuelas del Ave Mar\u00eda, fundadas por Andr\u00e9s Manj\u00f3n, no era simplemente una festividad religiosa; era un momento para reforzar los valores de la fe, la educaci\u00f3n y la comunidad. A trav\u00e9s de actos sencillos, impregnados de pedagog\u00eda y espiritualidad, estas celebraciones reflejaban la filosof\u00eda educativa de\u2026","rel":"","context":"En \u00abEscuelas Ave Mar\u00eda\u00bb","block_context":{"text":"Escuelas Ave Mar\u00eda","link":"https:\/\/andresmanjon.es\/index.php\/category\/escuelas-ave-maria\/"},"img":{"alt_text":"","src":"https:\/\/i0.wp.com\/andresmanjon.es\/wp-content\/uploads\/2024\/12\/belen.webp?fit=1024%2C1024&ssl=1&resize=350%2C200","width":350,"height":200,"srcset":"https:\/\/i0.wp.com\/andresmanjon.es\/wp-content\/uploads\/2024\/12\/belen.webp?fit=1024%2C1024&ssl=1&resize=350%2C200 1x, https:\/\/i0.wp.com\/andresmanjon.es\/wp-content\/uploads\/2024\/12\/belen.webp?fit=1024%2C1024&ssl=1&resize=525%2C300 1.5x, https:\/\/i0.wp.com\/andresmanjon.es\/wp-content\/uploads\/2024\/12\/belen.webp?fit=1024%2C1024&ssl=1&resize=700%2C400 2x"},"classes":[]},{"id":2752,"url":"https:\/\/andresmanjon.es\/index.php\/2025\/11\/23\/preparando-el-homenaje-a-andres-manjon-y-manjon\/","url_meta":{"origin":2827,"position":3},"title":"Preparando el homenaje a Andr\u00e9s Manj\u00f3n y Manj\u00f3n","author":"Enrique Alonso Guardia","date":"11\/23\/2025","format":false,"excerpt":"Quinto aniversario de la declaraci\u00f3n de Venerable Con motivo del quinto aniversario de la declaraci\u00f3n de Venerable de nuestro fundador Andr\u00e9s Manj\u00f3n y Manj\u00f3n, desde la web andresmanjon.es nos sumamos a la invitaci\u00f3n que ha hecho la Abad\u00eda del Sacromonte de Granada para el acto de homenaje que se celebrar\u00e1\u2026","rel":"","context":"En \u00abBeatificaci\u00f3n\u00bb","block_context":{"text":"Beatificaci\u00f3n","link":"https:\/\/andresmanjon.es\/index.php\/category\/beatificacion\/"},"img":{"alt_text":"","src":"https:\/\/i0.wp.com\/andresmanjon.es\/wp-content\/uploads\/2025\/11\/DSC02211-980x653-1.jpg?fit=980%2C653&ssl=1&resize=350%2C200","width":350,"height":200,"srcset":"https:\/\/i0.wp.com\/andresmanjon.es\/wp-content\/uploads\/2025\/11\/DSC02211-980x653-1.jpg?fit=980%2C653&ssl=1&resize=350%2C200 1x, https:\/\/i0.wp.com\/andresmanjon.es\/wp-content\/uploads\/2025\/11\/DSC02211-980x653-1.jpg?fit=980%2C653&ssl=1&resize=525%2C300 1.5x, https:\/\/i0.wp.com\/andresmanjon.es\/wp-content\/uploads\/2025\/11\/DSC02211-980x653-1.jpg?fit=980%2C653&ssl=1&resize=700%2C400 2x"},"classes":[]},{"id":1788,"url":"https:\/\/andresmanjon.es\/index.php\/2024\/10\/13\/12-de-octubre-aniversario-del-inicio-de-las-escuelas-del-ave-maria\/","url_meta":{"origin":2827,"position":4},"title":"12 de octubre, aniversario del inicio de las escuelas del Ave Mar\u00eda","author":"Enrique Alonso Guardia","date":"10\/13\/2024","format":false,"excerpt":"12 de octubre - Por Enrique Gervilla. Patrono de las Escuelas del Ave Mar\u00eda de Granada. En su ultima misiva, don Enrique se dirig\u00eda a los miembros de la comunidad avemariana con estas palabras: \"Las personas recordamos con agrado ciertas fechas memorables: personales, familiares, institucionales o sociales\u2026 Todas tienen un\u2026","rel":"","context":"En \u00abEnrique Gervilla\u00bb","block_context":{"text":"Enrique Gervilla","link":"https:\/\/andresmanjon.es\/index.php\/category\/enrique-gervilla\/"},"img":{"alt_text":"","src":"https:\/\/i0.wp.com\/andresmanjon.es\/wp-content\/uploads\/2024\/10\/4D460980-5E66-4DA2-8669-14CBC12F1627-scaled.jpeg?fit=900%2C1200&ssl=1&resize=350%2C200","width":350,"height":200,"srcset":"https:\/\/i0.wp.com\/andresmanjon.es\/wp-content\/uploads\/2024\/10\/4D460980-5E66-4DA2-8669-14CBC12F1627-scaled.jpeg?fit=900%2C1200&ssl=1&resize=350%2C200 1x, https:\/\/i0.wp.com\/andresmanjon.es\/wp-content\/uploads\/2024\/10\/4D460980-5E66-4DA2-8669-14CBC12F1627-scaled.jpeg?fit=900%2C1200&ssl=1&resize=525%2C300 1.5x, https:\/\/i0.wp.com\/andresmanjon.es\/wp-content\/uploads\/2024\/10\/4D460980-5E66-4DA2-8669-14CBC12F1627-scaled.jpeg?fit=900%2C1200&ssl=1&resize=700%2C400 2x"},"classes":[]},{"id":1387,"url":"https:\/\/andresmanjon.es\/index.php\/2024\/05\/28\/andres-manjon-un-legado-de-educacion-y-un-camino-hacia-la-santidad\/","url_meta":{"origin":2827,"position":5},"title":"Andr\u00e9s Manj\u00f3n: Un legado de educaci\u00f3n y un camino hacia la santidad","author":"Enrique Alonso Guardia","date":"05\/28\/2024","format":false,"excerpt":"Introducci\u00f3n: La vida de Andr\u00e9s Manj\u00f3n y su impacto en Granada. En nuestra comunidad de andresmanjon.es, acogemos con entusiasmo la noticia del Papa Francisco sobre el inicio del proceso de beatificaci\u00f3n de Andr\u00e9s Manj\u00f3n. Manj\u00f3n, un pionero en el campo de la educaci\u00f3n, transform\u00f3 el acceso a la ense\u00f1anza en\u2026","rel":"","context":"En \u00abBeatificaci\u00f3n\u00bb","block_context":{"text":"Beatificaci\u00f3n","link":"https:\/\/andresmanjon.es\/index.php\/category\/beatificacion\/"},"img":{"alt_text":"beatificaci\u00f3n de Andr\u00e9s Manj\u00f3n","src":"https:\/\/i0.wp.com\/andresmanjon.es\/wp-content\/uploads\/2023\/12\/don_andres-300x300.jpg?resize=350%2C200&ssl=1","width":350,"height":200},"classes":[]}],"jetpack_sharing_enabled":true,"authors":[{"term_id":18,"user_id":2,"is_guest":0,"slug":"kalonso","display_name":"Enrique Alonso Guardia","avatar_url":"https:\/\/secure.gravatar.com\/avatar\/8dedfb85376f5619df87b798562554716430c51bdd4ee2c6cb09011dd04878a9?s=96&d=mm&r=g","author_category":"","first_name":"Enrique","last_name":"Alonso Guardia","user_url":"http:\/\/www.kalonso.com","job_title":"","description":""}],"jetpack_featured_media_url":"https:\/\/i0.wp.com\/andresmanjon.es\/wp-content\/uploads\/2026\/08\/manuel-medina-olmos-diego-ventaja-odisur.jpg?fit=600%2C317&ssl=1","_links":{"self":[{"href":"https:\/\/andresmanjon.es\/index.php\/wp-json\/wp\/v2\/posts\/2827","targetHints":{"allow":["GET"]}}],"collection":[{"href":"https:\/\/andresmanjon.es\/index.php\/wp-json\/wp\/v2\/posts"}],"about":[{"href":"https:\/\/andresmanjon.es\/index.php\/wp-json\/wp\/v2\/types\/post"}],"author":[{"embeddable":true,"href":"https:\/\/andresmanjon.es\/index.php\/wp-json\/wp\/v2\/users\/2"}],"replies":[{"embeddable":true,"href":"https:\/\/andresmanjon.es\/index.php\/wp-json\/wp\/v2\/comments?post=2827"}],"version-history":[{"count":2,"href":"https:\/\/andresmanjon.es\/index.php\/wp-json\/wp\/v2\/posts\/2827\/revisions"}],"predecessor-version":[{"id":2829,"href":"https:\/\/andresmanjon.es\/index.php\/wp-json\/wp\/v2\/posts\/2827\/revisions\/2829"}],"wp:featuredmedia":[{"embeddable":true,"href":"https:\/\/andresmanjon.es\/index.php\/wp-json\/wp\/v2\/media\/2825"}],"wp:attachment":[{"href":"https:\/\/andresmanjon.es\/index.php\/wp-json\/wp\/v2\/media?parent=2827"}],"wp:term":[{"taxonomy":"category","embeddable":true,"href":"https:\/\/andresmanjon.es\/index.php\/wp-json\/wp\/v2\/categories?post=2827"},{"taxonomy":"post_tag","embeddable":true,"href":"https:\/\/andresmanjon.es\/index.php\/wp-json\/wp\/v2\/tags?post=2827"},{"taxonomy":"author","embeddable":true,"href":"https:\/\/andresmanjon.es\/index.php\/wp-json\/wp\/v2\/ppma_author?post=2827"}],"curies":[{"name":"wp","href":"https:\/\/api.w.org\/{rel}","templated":true}]}}