{"id":2447,"date":"2025-03-01T09:15:11","date_gmt":"2025-03-01T08:15:11","guid":{"rendered":"https:\/\/andresmanjon.es\/?p=2447"},"modified":"2025-03-01T10:52:32","modified_gmt":"2025-03-01T09:52:32","slug":"dia-de-la-vocacion-avemariana-27-de-febrero","status":"publish","type":"post","link":"https:\/\/andresmanjon.es\/index.php\/2025\/03\/01\/dia-de-la-vocacion-avemariana-27-de-febrero\/","title":{"rendered":"D\u00eda de la Vocaci\u00f3n Avemariana \u2013 27 de Febrero"},"content":{"rendered":"<h2 data-start=\"0\" data-end=\"93\"><strong data-start=\"4\" data-end=\"93\">Celebraci\u00f3n del 115\u00ba Aniversario y D\u00eda de la Vocaci\u00f3n Avemariana \u2013 27 de Febrero \ud83d\ude4f\ud83c\udf38<\/strong><\/h2>\n<figure id=\"attachment_2448\" aria-describedby=\"caption-attachment-2448\" style=\"width: 205px\" class=\"wp-caption alignright\"><img data-recalc-dims=\"1\" fetchpriority=\"high\" decoding=\"async\" class=\"wp-image-2448 size-medium\" title=\"D\u00eda de la Vocaci\u00f3n Avemariana \u2013 27 de Febrero\" src=\"https:\/\/i0.wp.com\/andresmanjon.es\/wp-content\/uploads\/2025\/03\/Avemarianas-1.jpg?resize=205%2C300&#038;ssl=1\" alt=\"D\u00eda de la Vocaci\u00f3n Avemariana \u2013 27 de Febrero\" width=\"205\" height=\"300\" srcset=\"https:\/\/i0.wp.com\/andresmanjon.es\/wp-content\/uploads\/2025\/03\/Avemarianas-1.jpg?resize=205%2C300&amp;ssl=1 205w, https:\/\/i0.wp.com\/andresmanjon.es\/wp-content\/uploads\/2025\/03\/Avemarianas-1.jpg?resize=698%2C1024&amp;ssl=1 698w, https:\/\/i0.wp.com\/andresmanjon.es\/wp-content\/uploads\/2025\/03\/Avemarianas-1.jpg?w=750&amp;ssl=1 750w\" sizes=\"(max-width: 205px) 100vw, 205px\" \/><figcaption id=\"caption-attachment-2448\" class=\"wp-caption-text\">Foto de la web: archivalencia.org<\/figcaption><\/figure>\n<p data-start=\"95\" data-end=\"214\"><span class=\"relative -mx-px my-[-0.2rem] rounded px-px py-[0.2rem]\">El pasado <strong data-start=\"10\" data-end=\"27\">27 de febrero<\/strong>, las <strong data-start=\"33\" data-end=\"76\">Religiosas Operarias del Divino Maestro<\/strong>, conocidas como <strong data-start=\"93\" data-end=\"108\">Avemarianas<\/strong>, celebraron con profunda gratitud y alegr\u00eda el <strong data-start=\"156\" data-end=\"176\">115\u00ba aniversario<\/strong> de su fundaci\u00f3n, coincidiendo con el <strong data-start=\"214\" data-end=\"247\">D\u00eda de la Vocaci\u00f3n Avemariana<\/strong>.<\/span> \u200b<span class=\"ml-1 inline-flex max-w-full items-center justify-center relative top-[-0.094rem]\"><a class=\"flex h-6 overflow-hidden rounded-xl px-2.5 text-[0.5625em] font-medium !bg-[#F4F4F4] !text-token-text-secondary dark:!bg-[#303030]\" href=\"https:\/\/www.instagram.com\/elavemariacolegio\/reel\/DGmWXnIts2V\/\" target=\"_blank\" rel=\"noopener\"><span class=\"relative bottom-0 left-0 flex h-full w-full items-center\"><span class=\"flex h-4 w-full items-center justify-between overflow-hidden\"><span class=\"max-w-full grow overflow-hidden truncate text-center\">instagram.com<\/span><\/span><\/span><\/a><\/span><\/p>\n<p data-start=\"216\" data-end=\"297\"><span class=\"relative -mx-px my-[-0.2rem] rounded px-px py-[0.2rem]\">Esta fecha conmemora el inicio de la Instituci\u00f3n Avemariana en <strong data-start=\"63\" data-end=\"71\">1910<\/strong>, cuando un grupo de mujeres valientes, bajo la gu\u00eda del sacerdote valenciano <strong data-start=\"149\" data-end=\"174\">Miguel Fenollera Roca<\/strong>, fundaron el Instituto con el prop\u00f3sito de dar continuidad a la Obra de \u00abEl Ave Mar\u00eda\u00bb.<\/span>\u200b<\/p>\n<p data-start=\"299\" data-end=\"399\"><span class=\"relative -mx-px my-[-0.2rem] rounded px-px py-[0.2rem]\">Para celebrar este hito, las Avemarianas compartieron un <strong data-start=\"57\" data-end=\"79\">reel conmemorativo<\/strong> en su cuenta de Instagram, que captura momentos significativos de su misi\u00f3n educativa a lo largo de estos 115 a\u00f1os.<\/span> Puedes verlo aqu\u00ed:\u200b<\/p>\n<p data-start=\"401\" data-end=\"436\"><strong data-start=\"401\" data-end=\"436\">Dios sea bendito y nos bendiga.<\/strong><\/p>\n<p data-start=\"438\" data-end=\"541\">#115AniversarioAvemarianas #Vocaci\u00f3nAvemariana #Educaci\u00f3nConValores #CarismaAvemariano #D\u00edaDeLaVocaci\u00f3n<\/p>\n<h2 data-start=\"438\" data-end=\"541\">Enlaces de inter\u00e9s:<\/h2>\n<ul>\n<li><a href=\"https:\/\/andresmanjon.es\/index.php\/escuelas-manjonianas-por-espana\/\">ESCUELAS MANJONIANAS POR ESPA\u00d1A<\/a><\/li>\n<\/ul>\n","protected":false},"excerpt":{"rendered":"<p>Celebraci\u00f3n del 115\u00ba Aniversario y D\u00eda de la Vocaci\u00f3n Avemariana \u2013 27 de Febrero \ud83d\ude4f\ud83c\udf38 El pasado 27 de febrero, las Religiosas Operarias del Divino Maestro, conocidas como Avemarianas, celebraron con profunda gratitud y alegr\u00eda el 115\u00ba aniversario de su fundaci\u00f3n, coincidiendo con el D\u00eda de la Vocaci\u00f3n Avemariana. \u200binstagram.com Esta fecha conmemora el inicio [&hellip;]<\/p>\n","protected":false},"author":2,"featured_media":2448,"comment_status":"closed","ping_status":"closed","sticky":false,"template":"","format":"standard","meta":{"jetpack_post_was_ever_published":false,"_jetpack_newsletter_access":"","_jetpack_dont_email_post_to_subs":false,"_jetpack_newsletter_tier_id":0,"_jetpack_memberships_contains_paywalled_content":false,"_jetpack_memberships_contains_paid_content":false,"footnotes":""},"categories":[284],"tags":[285,125,287,288,286],"ppma_author":[18],"class_list":["post-2447","post","type-post","status-publish","format-standard","has-post-thumbnail","hentry","category-legado-manjoniano","tag-115o-aniversario-avemarianas","tag-educacion-cristiana","tag-fundacion-1910","tag-reel-conmemorativo","tag-religiosas-operarias-del-divino-maestro"],"yoast_head":"<!-- This site is optimized with the Yoast SEO plugin v27.4 - https:\/\/yoast.com\/product\/yoast-seo-wordpress\/ -->\n<title>D\u00eda de la Vocaci\u00f3n Avemariana \u2013 27 de Febrero - MANJON VIVE<\/title>\n<meta name=\"description\" content=\"D\u00eda de la Vocaci\u00f3n Avemariana \u2013 27 de Febrero las Religiosas Avemarianas, celebraron el 115\u00ba aniversario desde su creaci\u00f3n.\" \/>\n<meta name=\"robots\" content=\"index, follow, max-snippet:-1, max-image-preview:large, max-video-preview:-1\" \/>\n<link rel=\"canonical\" href=\"https:\/\/andresmanjon.es\/index.php\/2025\/03\/01\/dia-de-la-vocacion-avemariana-27-de-febrero\/\" \/>\n<meta property=\"og:locale\" content=\"es_ES\" \/>\n<meta property=\"og:type\" content=\"article\" \/>\n<meta property=\"og:title\" content=\"D\u00eda de la Vocaci\u00f3n Avemariana \u2013 27 de Febrero - MANJON VIVE\" \/>\n<meta property=\"og:description\" content=\"D\u00eda de la Vocaci\u00f3n Avemariana \u2013 27 de Febrero las Religiosas Avemarianas, celebraron el 115\u00ba aniversario desde su creaci\u00f3n.\" \/>\n<meta property=\"og:url\" content=\"https:\/\/andresmanjon.es\/index.php\/2025\/03\/01\/dia-de-la-vocacion-avemariana-27-de-febrero\/\" \/>\n<meta property=\"og:site_name\" content=\"MANJON VIVE\" \/>\n<meta property=\"article:published_time\" content=\"2025-03-01T08:15:11+00:00\" \/>\n<meta property=\"article:modified_time\" content=\"2025-03-01T09:52:32+00:00\" \/>\n<meta property=\"og:image\" content=\"https:\/\/andresmanjon.es\/wp-content\/uploads\/2025\/03\/Avemarianas-1.jpg\" \/>\n\t<meta property=\"og:image:width\" content=\"750\" \/>\n\t<meta property=\"og:image:height\" content=\"1100\" \/>\n\t<meta property=\"og:image:type\" content=\"image\/jpeg\" \/>\n<meta name=\"author\" content=\"Enrique Alonso Guardia\" \/>\n<meta name=\"twitter:card\" content=\"summary_large_image\" \/>\n<meta name=\"twitter:label1\" content=\"Escrito por\" \/>\n\t<meta name=\"twitter:data1\" content=\"Enrique Alonso Guardia\" \/>\n\t<meta name=\"twitter:label2\" content=\"Tiempo de lectura\" \/>\n\t<meta name=\"twitter:data2\" content=\"2 minutos\" \/>\n<script type=\"application\/ld+json\" class=\"yoast-schema-graph\">{\"@context\":\"https:\\\/\\\/schema.org\",\"@graph\":[{\"@type\":\"Article\",\"@id\":\"https:\\\/\\\/andresmanjon.es\\\/index.php\\\/2025\\\/03\\\/01\\\/dia-de-la-vocacion-avemariana-27-de-febrero\\\/#article\",\"isPartOf\":{\"@id\":\"https:\\\/\\\/andresmanjon.es\\\/index.php\\\/2025\\\/03\\\/01\\\/dia-de-la-vocacion-avemariana-27-de-febrero\\\/\"},\"author\":{\"name\":\"Enrique Alonso Guardia\",\"@id\":\"https:\\\/\\\/andresmanjon.es\\\/#\\\/schema\\\/person\\\/c3aa9658a78defc49109499b1f40dc3a\"},\"headline\":\"D\u00eda de la Vocaci\u00f3n Avemariana \u2013 27 de Febrero\",\"datePublished\":\"2025-03-01T08:15:11+00:00\",\"dateModified\":\"2025-03-01T09:52:32+00:00\",\"mainEntityOfPage\":{\"@id\":\"https:\\\/\\\/andresmanjon.es\\\/index.php\\\/2025\\\/03\\\/01\\\/dia-de-la-vocacion-avemariana-27-de-febrero\\\/\"},\"wordCount\":177,\"publisher\":{\"@id\":\"https:\\\/\\\/andresmanjon.es\\\/#\\\/schema\\\/person\\\/c3aa9658a78defc49109499b1f40dc3a\"},\"image\":{\"@id\":\"https:\\\/\\\/andresmanjon.es\\\/index.php\\\/2025\\\/03\\\/01\\\/dia-de-la-vocacion-avemariana-27-de-febrero\\\/#primaryimage\"},\"thumbnailUrl\":\"https:\\\/\\\/i0.wp.com\\\/andresmanjon.es\\\/wp-content\\\/uploads\\\/2025\\\/03\\\/Avemarianas-1.jpg?fit=750%2C1100&ssl=1\",\"keywords\":[\"115\u00ba aniversario Avemarianas\",\"Educaci\u00f3n Cristiana\",\"fundaci\u00f3n 1910\",\"reel conmemorativo.\u200b\",\"Religiosas Operarias del Divino Maestro\"],\"articleSection\":[\"Legado Manjoniano\"],\"inLanguage\":\"es\"},{\"@type\":\"WebPage\",\"@id\":\"https:\\\/\\\/andresmanjon.es\\\/index.php\\\/2025\\\/03\\\/01\\\/dia-de-la-vocacion-avemariana-27-de-febrero\\\/\",\"url\":\"https:\\\/\\\/andresmanjon.es\\\/index.php\\\/2025\\\/03\\\/01\\\/dia-de-la-vocacion-avemariana-27-de-febrero\\\/\",\"name\":\"D\u00eda de la Vocaci\u00f3n Avemariana \u2013 27 de Febrero - MANJON VIVE\",\"isPartOf\":{\"@id\":\"https:\\\/\\\/andresmanjon.es\\\/#website\"},\"primaryImageOfPage\":{\"@id\":\"https:\\\/\\\/andresmanjon.es\\\/index.php\\\/2025\\\/03\\\/01\\\/dia-de-la-vocacion-avemariana-27-de-febrero\\\/#primaryimage\"},\"image\":{\"@id\":\"https:\\\/\\\/andresmanjon.es\\\/index.php\\\/2025\\\/03\\\/01\\\/dia-de-la-vocacion-avemariana-27-de-febrero\\\/#primaryimage\"},\"thumbnailUrl\":\"https:\\\/\\\/i0.wp.com\\\/andresmanjon.es\\\/wp-content\\\/uploads\\\/2025\\\/03\\\/Avemarianas-1.jpg?fit=750%2C1100&ssl=1\",\"datePublished\":\"2025-03-01T08:15:11+00:00\",\"dateModified\":\"2025-03-01T09:52:32+00:00\",\"description\":\"D\u00eda de la Vocaci\u00f3n Avemariana \u2013 27 de Febrero las Religiosas Avemarianas, celebraron el 115\u00ba aniversario desde su creaci\u00f3n.\",\"breadcrumb\":{\"@id\":\"https:\\\/\\\/andresmanjon.es\\\/index.php\\\/2025\\\/03\\\/01\\\/dia-de-la-vocacion-avemariana-27-de-febrero\\\/#breadcrumb\"},\"inLanguage\":\"es\",\"potentialAction\":[{\"@type\":\"ReadAction\",\"target\":[\"https:\\\/\\\/andresmanjon.es\\\/index.php\\\/2025\\\/03\\\/01\\\/dia-de-la-vocacion-avemariana-27-de-febrero\\\/\"]}]},{\"@type\":\"ImageObject\",\"inLanguage\":\"es\",\"@id\":\"https:\\\/\\\/andresmanjon.es\\\/index.php\\\/2025\\\/03\\\/01\\\/dia-de-la-vocacion-avemariana-27-de-febrero\\\/#primaryimage\",\"url\":\"https:\\\/\\\/i0.wp.com\\\/andresmanjon.es\\\/wp-content\\\/uploads\\\/2025\\\/03\\\/Avemarianas-1.jpg?fit=750%2C1100&ssl=1\",\"contentUrl\":\"https:\\\/\\\/i0.wp.com\\\/andresmanjon.es\\\/wp-content\\\/uploads\\\/2025\\\/03\\\/Avemarianas-1.jpg?fit=750%2C1100&ssl=1\",\"width\":750,\"height\":1100,\"caption\":\"Foto de la web: archivalencia.org\"},{\"@type\":\"BreadcrumbList\",\"@id\":\"https:\\\/\\\/andresmanjon.es\\\/index.php\\\/2025\\\/03\\\/01\\\/dia-de-la-vocacion-avemariana-27-de-febrero\\\/#breadcrumb\",\"itemListElement\":[{\"@type\":\"ListItem\",\"position\":1,\"name\":\"Portada\",\"item\":\"https:\\\/\\\/andresmanjon.es\\\/\"},{\"@type\":\"ListItem\",\"position\":2,\"name\":\"D\u00eda de la Vocaci\u00f3n Avemariana \u2013 27 de Febrero\"}]},{\"@type\":\"WebSite\",\"@id\":\"https:\\\/\\\/andresmanjon.es\\\/#website\",\"url\":\"https:\\\/\\\/andresmanjon.es\\\/\",\"name\":\"Andr\u00e9s Manj\u00f3n y Manj\u00f3n\",\"description\":\"UNA EDUCACI\u00d3N PARA TODOS\",\"publisher\":{\"@id\":\"https:\\\/\\\/andresmanjon.es\\\/#\\\/schema\\\/person\\\/c3aa9658a78defc49109499b1f40dc3a\"},\"potentialAction\":[{\"@type\":\"SearchAction\",\"target\":{\"@type\":\"EntryPoint\",\"urlTemplate\":\"https:\\\/\\\/andresmanjon.es\\\/?s={search_term_string}\"},\"query-input\":{\"@type\":\"PropertyValueSpecification\",\"valueRequired\":true,\"valueName\":\"search_term_string\"}}],\"inLanguage\":\"es\"},{\"@type\":[\"Person\",\"Organization\"],\"@id\":\"https:\\\/\\\/andresmanjon.es\\\/#\\\/schema\\\/person\\\/c3aa9658a78defc49109499b1f40dc3a\",\"name\":\"Enrique Alonso Guardia\",\"image\":{\"@type\":\"ImageObject\",\"inLanguage\":\"es\",\"@id\":\"https:\\\/\\\/i0.wp.com\\\/andresmanjon.es\\\/wp-content\\\/uploads\\\/2023\\\/12\\\/cropped-logo-1.png?fit=1660%2C548&ssl=1dd6cd788025305c93754fac7facc0ac9\",\"url\":\"https:\\\/\\\/i0.wp.com\\\/andresmanjon.es\\\/wp-content\\\/uploads\\\/2023\\\/12\\\/cropped-logo-1.png?fit=1660%2C548&ssl=1\",\"contentUrl\":\"https:\\\/\\\/i0.wp.com\\\/andresmanjon.es\\\/wp-content\\\/uploads\\\/2023\\\/12\\\/cropped-logo-1.png?fit=1660%2C548&ssl=1\",\"width\":1660,\"height\":548,\"caption\":\"Enrique Alonso Guardia\"},\"logo\":{\"@id\":\"https:\\\/\\\/i0.wp.com\\\/andresmanjon.es\\\/wp-content\\\/uploads\\\/2023\\\/12\\\/cropped-logo-1.png?fit=1660%2C548&ssl=1dd6cd788025305c93754fac7facc0ac9\"},\"sameAs\":[\"http:\\\/\\\/www.kalonso.com\"],\"url\":\"https:\\\/\\\/andresmanjon.es\\\/index.php\\\/author\\\/kalonso\\\/\"}]}<\/script>\n<!-- \/ Yoast SEO plugin. -->","yoast_head_json":{"title":"D\u00eda de la Vocaci\u00f3n Avemariana \u2013 27 de Febrero - MANJON VIVE","description":"D\u00eda de la Vocaci\u00f3n Avemariana \u2013 27 de Febrero las Religiosas Avemarianas, celebraron el 115\u00ba aniversario desde su creaci\u00f3n.","robots":{"index":"index","follow":"follow","max-snippet":"max-snippet:-1","max-image-preview":"max-image-preview:large","max-video-preview":"max-video-preview:-1"},"canonical":"https:\/\/andresmanjon.es\/index.php\/2025\/03\/01\/dia-de-la-vocacion-avemariana-27-de-febrero\/","og_locale":"es_ES","og_type":"article","og_title":"D\u00eda de la Vocaci\u00f3n Avemariana \u2013 27 de Febrero - MANJON VIVE","og_description":"D\u00eda de la Vocaci\u00f3n Avemariana \u2013 27 de Febrero las Religiosas Avemarianas, celebraron el 115\u00ba aniversario desde su creaci\u00f3n.","og_url":"https:\/\/andresmanjon.es\/index.php\/2025\/03\/01\/dia-de-la-vocacion-avemariana-27-de-febrero\/","og_site_name":"MANJON VIVE","article_published_time":"2025-03-01T08:15:11+00:00","article_modified_time":"2025-03-01T09:52:32+00:00","og_image":[{"width":750,"height":1100,"url":"https:\/\/andresmanjon.es\/wp-content\/uploads\/2025\/03\/Avemarianas-1.jpg","type":"image\/jpeg"}],"author":"Enrique Alonso Guardia","twitter_card":"summary_large_image","twitter_misc":{"Escrito por":"Enrique Alonso Guardia","Tiempo de lectura":"2 minutos"},"schema":{"@context":"https:\/\/schema.org","@graph":[{"@type":"Article","@id":"https:\/\/andresmanjon.es\/index.php\/2025\/03\/01\/dia-de-la-vocacion-avemariana-27-de-febrero\/#article","isPartOf":{"@id":"https:\/\/andresmanjon.es\/index.php\/2025\/03\/01\/dia-de-la-vocacion-avemariana-27-de-febrero\/"},"author":{"name":"Enrique Alonso Guardia","@id":"https:\/\/andresmanjon.es\/#\/schema\/person\/c3aa9658a78defc49109499b1f40dc3a"},"headline":"D\u00eda de la Vocaci\u00f3n Avemariana \u2013 27 de Febrero","datePublished":"2025-03-01T08:15:11+00:00","dateModified":"2025-03-01T09:52:32+00:00","mainEntityOfPage":{"@id":"https:\/\/andresmanjon.es\/index.php\/2025\/03\/01\/dia-de-la-vocacion-avemariana-27-de-febrero\/"},"wordCount":177,"publisher":{"@id":"https:\/\/andresmanjon.es\/#\/schema\/person\/c3aa9658a78defc49109499b1f40dc3a"},"image":{"@id":"https:\/\/andresmanjon.es\/index.php\/2025\/03\/01\/dia-de-la-vocacion-avemariana-27-de-febrero\/#primaryimage"},"thumbnailUrl":"https:\/\/i0.wp.com\/andresmanjon.es\/wp-content\/uploads\/2025\/03\/Avemarianas-1.jpg?fit=750%2C1100&ssl=1","keywords":["115\u00ba aniversario Avemarianas","Educaci\u00f3n Cristiana","fundaci\u00f3n 1910","reel conmemorativo.\u200b","Religiosas Operarias del Divino Maestro"],"articleSection":["Legado Manjoniano"],"inLanguage":"es"},{"@type":"WebPage","@id":"https:\/\/andresmanjon.es\/index.php\/2025\/03\/01\/dia-de-la-vocacion-avemariana-27-de-febrero\/","url":"https:\/\/andresmanjon.es\/index.php\/2025\/03\/01\/dia-de-la-vocacion-avemariana-27-de-febrero\/","name":"D\u00eda de la Vocaci\u00f3n Avemariana \u2013 27 de Febrero - MANJON VIVE","isPartOf":{"@id":"https:\/\/andresmanjon.es\/#website"},"primaryImageOfPage":{"@id":"https:\/\/andresmanjon.es\/index.php\/2025\/03\/01\/dia-de-la-vocacion-avemariana-27-de-febrero\/#primaryimage"},"image":{"@id":"https:\/\/andresmanjon.es\/index.php\/2025\/03\/01\/dia-de-la-vocacion-avemariana-27-de-febrero\/#primaryimage"},"thumbnailUrl":"https:\/\/i0.wp.com\/andresmanjon.es\/wp-content\/uploads\/2025\/03\/Avemarianas-1.jpg?fit=750%2C1100&ssl=1","datePublished":"2025-03-01T08:15:11+00:00","dateModified":"2025-03-01T09:52:32+00:00","description":"D\u00eda de la Vocaci\u00f3n Avemariana \u2013 27 de Febrero las Religiosas Avemarianas, celebraron el 115\u00ba aniversario desde su creaci\u00f3n.","breadcrumb":{"@id":"https:\/\/andresmanjon.es\/index.php\/2025\/03\/01\/dia-de-la-vocacion-avemariana-27-de-febrero\/#breadcrumb"},"inLanguage":"es","potentialAction":[{"@type":"ReadAction","target":["https:\/\/andresmanjon.es\/index.php\/2025\/03\/01\/dia-de-la-vocacion-avemariana-27-de-febrero\/"]}]},{"@type":"ImageObject","inLanguage":"es","@id":"https:\/\/andresmanjon.es\/index.php\/2025\/03\/01\/dia-de-la-vocacion-avemariana-27-de-febrero\/#primaryimage","url":"https:\/\/i0.wp.com\/andresmanjon.es\/wp-content\/uploads\/2025\/03\/Avemarianas-1.jpg?fit=750%2C1100&ssl=1","contentUrl":"https:\/\/i0.wp.com\/andresmanjon.es\/wp-content\/uploads\/2025\/03\/Avemarianas-1.jpg?fit=750%2C1100&ssl=1","width":750,"height":1100,"caption":"Foto de la web: archivalencia.org"},{"@type":"BreadcrumbList","@id":"https:\/\/andresmanjon.es\/index.php\/2025\/03\/01\/dia-de-la-vocacion-avemariana-27-de-febrero\/#breadcrumb","itemListElement":[{"@type":"ListItem","position":1,"name":"Portada","item":"https:\/\/andresmanjon.es\/"},{"@type":"ListItem","position":2,"name":"D\u00eda de la Vocaci\u00f3n Avemariana \u2013 27 de Febrero"}]},{"@type":"WebSite","@id":"https:\/\/andresmanjon.es\/#website","url":"https:\/\/andresmanjon.es\/","name":"Andr\u00e9s Manj\u00f3n y Manj\u00f3n","description":"UNA EDUCACI\u00d3N PARA TODOS","publisher":{"@id":"https:\/\/andresmanjon.es\/#\/schema\/person\/c3aa9658a78defc49109499b1f40dc3a"},"potentialAction":[{"@type":"SearchAction","target":{"@type":"EntryPoint","urlTemplate":"https:\/\/andresmanjon.es\/?s={search_term_string}"},"query-input":{"@type":"PropertyValueSpecification","valueRequired":true,"valueName":"search_term_string"}}],"inLanguage":"es"},{"@type":["Person","Organization"],"@id":"https:\/\/andresmanjon.es\/#\/schema\/person\/c3aa9658a78defc49109499b1f40dc3a","name":"Enrique Alonso Guardia","image":{"@type":"ImageObject","inLanguage":"es","@id":"https:\/\/i0.wp.com\/andresmanjon.es\/wp-content\/uploads\/2023\/12\/cropped-logo-1.png?fit=1660%2C548&ssl=1dd6cd788025305c93754fac7facc0ac9","url":"https:\/\/i0.wp.com\/andresmanjon.es\/wp-content\/uploads\/2023\/12\/cropped-logo-1.png?fit=1660%2C548&ssl=1","contentUrl":"https:\/\/i0.wp.com\/andresmanjon.es\/wp-content\/uploads\/2023\/12\/cropped-logo-1.png?fit=1660%2C548&ssl=1","width":1660,"height":548,"caption":"Enrique Alonso Guardia"},"logo":{"@id":"https:\/\/i0.wp.com\/andresmanjon.es\/wp-content\/uploads\/2023\/12\/cropped-logo-1.png?fit=1660%2C548&ssl=1dd6cd788025305c93754fac7facc0ac9"},"sameAs":["http:\/\/www.kalonso.com"],"url":"https:\/\/andresmanjon.es\/index.php\/author\/kalonso\/"}]}},"jetpack_featured_media_url":"https:\/\/i0.wp.com\/andresmanjon.es\/wp-content\/uploads\/2025\/03\/Avemarianas-1.jpg?fit=750%2C1100&ssl=1","jetpack-related-posts":[{"id":2684,"url":"https:\/\/andresmanjon.es\/index.php\/2025\/10\/17\/12-de-octubre-avemariano\/","url_meta":{"origin":2447,"position":0},"title":"12 DE OCTUBRE AVEMARIANO","author":"Enrique Alonso Guardia","date":"10\/17\/2025","format":false,"excerpt":"12 de octubre, aniversario del inicio de las escuelas del Ave Mar\u00eda Las personas recordamos con agrado ciertas fechas memorables, bien personales, familiares, institucionales o sociales\u2026 En ellas subyace siempre un fundamento afectivo. El 12 de octubre, para las 440 personas que formamos hoy la comunidad del Ave Mar\u00eda, (310\u2026","rel":"","context":"En \u00abEnrique Gervilla\u00bb","block_context":{"text":"Enrique Gervilla","link":"https:\/\/andresmanjon.es\/index.php\/category\/enrique-gervilla\/"},"img":{"alt_text":"","src":"https:\/\/i0.wp.com\/andresmanjon.es\/wp-content\/uploads\/2025\/10\/Gemini_Generated_Image_1mvus01mvus01mvu.png?fit=1200%2C386&ssl=1&resize=350%2C200","width":350,"height":200,"srcset":"https:\/\/i0.wp.com\/andresmanjon.es\/wp-content\/uploads\/2025\/10\/Gemini_Generated_Image_1mvus01mvus01mvu.png?fit=1200%2C386&ssl=1&resize=350%2C200 1x, https:\/\/i0.wp.com\/andresmanjon.es\/wp-content\/uploads\/2025\/10\/Gemini_Generated_Image_1mvus01mvus01mvu.png?fit=1200%2C386&ssl=1&resize=525%2C300 1.5x, https:\/\/i0.wp.com\/andresmanjon.es\/wp-content\/uploads\/2025\/10\/Gemini_Generated_Image_1mvus01mvus01mvu.png?fit=1200%2C386&ssl=1&resize=700%2C400 2x, https:\/\/i0.wp.com\/andresmanjon.es\/wp-content\/uploads\/2025\/10\/Gemini_Generated_Image_1mvus01mvus01mvu.png?fit=1200%2C386&ssl=1&resize=1050%2C600 3x"},"classes":[]},{"id":2689,"url":"https:\/\/andresmanjon.es\/index.php\/2025\/10\/17\/alumnos-del-colegio-ave-maria-casa-madre-obtienen-el-jubileo-en-la-abadia-del-sacromonte\/","url_meta":{"origin":2447,"position":1},"title":"Alumnos del Colegio Ave Mar\u00eda Casa Madre obtienen el Jubileo en la Abad\u00eda del Sacromonte","author":"Enrique Alonso Guardia","date":"10\/17\/2025","format":false,"excerpt":"Jubileo en la Abad\u00eda del Sacromonte, El pasado 10 de octubre, m\u00e1s de 500 alumnos, junto a 40 docentes y miembros del AMPA, peregrinaron desde el Colegio Ave Mar\u00eda Casa Madre hasta la Abad\u00eda del Sacromonte, donde obtuvieron las gracias del Jubileo del A\u00f1o de la Esperanza. Fuente original: Archidi\u00f3cesis\u2026","rel":"","context":"En \u00abAcci\u00f3n Manjoniana\u00bb","block_context":{"text":"Acci\u00f3n Manjoniana","link":"https:\/\/andresmanjon.es\/index.php\/category\/accion-manjoniana\/"},"img":{"alt_text":"","src":"https:\/\/i0.wp.com\/andresmanjon.es\/wp-content\/uploads\/2025\/10\/Captura-de-pantalla-2025-10-17-a-las-19.53.46.png?fit=1122%2C836&ssl=1&resize=350%2C200","width":350,"height":200,"srcset":"https:\/\/i0.wp.com\/andresmanjon.es\/wp-content\/uploads\/2025\/10\/Captura-de-pantalla-2025-10-17-a-las-19.53.46.png?fit=1122%2C836&ssl=1&resize=350%2C200 1x, https:\/\/i0.wp.com\/andresmanjon.es\/wp-content\/uploads\/2025\/10\/Captura-de-pantalla-2025-10-17-a-las-19.53.46.png?fit=1122%2C836&ssl=1&resize=525%2C300 1.5x, https:\/\/i0.wp.com\/andresmanjon.es\/wp-content\/uploads\/2025\/10\/Captura-de-pantalla-2025-10-17-a-las-19.53.46.png?fit=1122%2C836&ssl=1&resize=700%2C400 2x, https:\/\/i0.wp.com\/andresmanjon.es\/wp-content\/uploads\/2025\/10\/Captura-de-pantalla-2025-10-17-a-las-19.53.46.png?fit=1122%2C836&ssl=1&resize=1050%2C600 3x"},"classes":[]},{"id":2714,"url":"https:\/\/andresmanjon.es\/index.php\/2025\/11\/23\/manjon-cartoon-la-pedagogia-del-corazon-en-clave-de-humor\/","url_meta":{"origin":2447,"position":2},"title":"Manj\u00f3n Cartoon: la pedagog\u00eda del coraz\u00f3n en clave de humor","author":"Enrique Alonso Guardia","date":"11\/23\/2025","format":false,"excerpt":"Manj\u00f3n Cartoon es una colecci\u00f3n de ilustraciones inspiradas en la figura y el legado de Don Andr\u00e9s Manj\u00f3n, fundador de las Escuelas del Ave Mar\u00eda. A trav\u00e9s de un lenguaje visual alegre y contempor\u00e1neo, estas im\u00e1genes transmiten su visi\u00f3n educativa: ense\u00f1ar con amor, sencillez y sentido humano. Cada escena muestra\u2026","rel":"","context":"En \u00abAndr\u00e9s Manj\u00f3n\u00bb","block_context":{"text":"Andr\u00e9s Manj\u00f3n","link":"https:\/\/andresmanjon.es\/index.php\/category\/andres-manjon\/"},"img":{"alt_text":"","src":"https:\/\/i0.wp.com\/andresmanjon.es\/wp-content\/uploads\/2025\/11\/Manjon_cartoon_00025.png?fit=675%2C1200&ssl=1&resize=350%2C200","width":350,"height":200,"srcset":"https:\/\/i0.wp.com\/andresmanjon.es\/wp-content\/uploads\/2025\/11\/Manjon_cartoon_00025.png?fit=675%2C1200&ssl=1&resize=350%2C200 1x, https:\/\/i0.wp.com\/andresmanjon.es\/wp-content\/uploads\/2025\/11\/Manjon_cartoon_00025.png?fit=675%2C1200&ssl=1&resize=525%2C300 1.5x"},"classes":[]},{"id":1788,"url":"https:\/\/andresmanjon.es\/index.php\/2024\/10\/13\/12-de-octubre-aniversario-del-inicio-de-las-escuelas-del-ave-maria\/","url_meta":{"origin":2447,"position":3},"title":"12 de octubre, aniversario del inicio de las escuelas del Ave Mar\u00eda","author":"Enrique Alonso Guardia","date":"10\/13\/2024","format":false,"excerpt":"12 de octubre - Por Enrique Gervilla. Patrono de las Escuelas del Ave Mar\u00eda de Granada. En su ultima misiva, don Enrique se dirig\u00eda a los miembros de la comunidad avemariana con estas palabras: \"Las personas recordamos con agrado ciertas fechas memorables: personales, familiares, institucionales o sociales\u2026 Todas tienen un\u2026","rel":"","context":"En \u00abEnrique Gervilla\u00bb","block_context":{"text":"Enrique Gervilla","link":"https:\/\/andresmanjon.es\/index.php\/category\/enrique-gervilla\/"},"img":{"alt_text":"","src":"https:\/\/i0.wp.com\/andresmanjon.es\/wp-content\/uploads\/2024\/10\/4D460980-5E66-4DA2-8669-14CBC12F1627-scaled.jpeg?fit=900%2C1200&ssl=1&resize=350%2C200","width":350,"height":200,"srcset":"https:\/\/i0.wp.com\/andresmanjon.es\/wp-content\/uploads\/2024\/10\/4D460980-5E66-4DA2-8669-14CBC12F1627-scaled.jpeg?fit=900%2C1200&ssl=1&resize=350%2C200 1x, https:\/\/i0.wp.com\/andresmanjon.es\/wp-content\/uploads\/2024\/10\/4D460980-5E66-4DA2-8669-14CBC12F1627-scaled.jpeg?fit=900%2C1200&ssl=1&resize=525%2C300 1.5x, https:\/\/i0.wp.com\/andresmanjon.es\/wp-content\/uploads\/2024\/10\/4D460980-5E66-4DA2-8669-14CBC12F1627-scaled.jpeg?fit=900%2C1200&ssl=1&resize=700%2C400 2x"},"classes":[]},{"id":125,"url":"https:\/\/andresmanjon.es\/index.php\/2023\/12\/26\/andres-manjon-educador-y-visionario\/","url_meta":{"origin":2447,"position":4},"title":"Andr\u00e9s Manj\u00f3n: Educador y Visionario","author":"Enrique Alonso Guardia","date":"12\/26\/2023","format":false,"excerpt":"Andr\u00e9s Manj\u00f3n: pionero de la educaci\u00f3n moderna","rel":"","context":"En \u00abReflexiones\u00bb","block_context":{"text":"Reflexiones","link":"https:\/\/andresmanjon.es\/index.php\/category\/reflexiones\/"},"img":{"alt_text":"","src":"https:\/\/i0.wp.com\/andresmanjon.es\/wp-content\/uploads\/2023\/12\/don_andres.jpg?fit=1121%2C1121&ssl=1&resize=350%2C200","width":350,"height":200,"srcset":"https:\/\/i0.wp.com\/andresmanjon.es\/wp-content\/uploads\/2023\/12\/don_andres.jpg?fit=1121%2C1121&ssl=1&resize=350%2C200 1x, https:\/\/i0.wp.com\/andresmanjon.es\/wp-content\/uploads\/2023\/12\/don_andres.jpg?fit=1121%2C1121&ssl=1&resize=525%2C300 1.5x, https:\/\/i0.wp.com\/andresmanjon.es\/wp-content\/uploads\/2023\/12\/don_andres.jpg?fit=1121%2C1121&ssl=1&resize=700%2C400 2x, https:\/\/i0.wp.com\/andresmanjon.es\/wp-content\/uploads\/2023\/12\/don_andres.jpg?fit=1121%2C1121&ssl=1&resize=1050%2C600 3x"},"classes":[]},{"id":954,"url":"https:\/\/andresmanjon.es\/index.php\/2024\/02\/13\/jose-jimenez-fajardo\/","url_meta":{"origin":2447,"position":5},"title":"JOS\u00c9 JIM\u00c9NEZ FAJARDO","author":"Enrique Alonso Guardia","date":"02\/13\/2024","format":false,"excerpt":"ART\u00cdCULO D. JOS\u00c9 JIM\u00c9NEZ FAJARDO Enviado por D. Nicol\u00e1s Guti\u00e9rrez Gorlat, publicado en la Revista Actitud Avemariana. Naci\u00f3 el d\u00eda 6 de julio de 1922 en el seno de una familia humilde. Su infancia se desarroll\u00f3 en torno \u00a0a la Catedral de Granada, ya que sus padres, Rafael Jim\u00e9nez Izquierdo\u2026","rel":"","context":"En \u00abNicol\u00e1s Guti\u00e9rrez Gorlat\u00bb","block_context":{"text":"Nicol\u00e1s Guti\u00e9rrez Gorlat","link":"https:\/\/andresmanjon.es\/index.php\/category\/nicolas-gutierrez-gorlat\/"},"img":{"alt_text":"","src":"https:\/\/i0.wp.com\/andresmanjon.es\/wp-content\/uploads\/2024\/02\/jimenzfajardo-e1707736881481.jpg?fit=1112%2C1078&ssl=1&resize=350%2C200","width":350,"height":200,"srcset":"https:\/\/i0.wp.com\/andresmanjon.es\/wp-content\/uploads\/2024\/02\/jimenzfajardo-e1707736881481.jpg?fit=1112%2C1078&ssl=1&resize=350%2C200 1x, https:\/\/i0.wp.com\/andresmanjon.es\/wp-content\/uploads\/2024\/02\/jimenzfajardo-e1707736881481.jpg?fit=1112%2C1078&ssl=1&resize=525%2C300 1.5x, https:\/\/i0.wp.com\/andresmanjon.es\/wp-content\/uploads\/2024\/02\/jimenzfajardo-e1707736881481.jpg?fit=1112%2C1078&ssl=1&resize=700%2C400 2x, https:\/\/i0.wp.com\/andresmanjon.es\/wp-content\/uploads\/2024\/02\/jimenzfajardo-e1707736881481.jpg?fit=1112%2C1078&ssl=1&resize=1050%2C600 3x"},"classes":[]}],"jetpack_sharing_enabled":true,"authors":[{"term_id":18,"user_id":2,"is_guest":0,"slug":"kalonso","display_name":"Enrique Alonso Guardia","avatar_url":"https:\/\/secure.gravatar.com\/avatar\/8dedfb85376f5619df87b798562554716430c51bdd4ee2c6cb09011dd04878a9?s=96&d=mm&r=g","0":null,"1":"","2":"","3":"","4":"","5":"","6":"","7":"","8":""}],"_links":{"self":[{"href":"https:\/\/andresmanjon.es\/index.php\/wp-json\/wp\/v2\/posts\/2447","targetHints":{"allow":["GET"]}}],"collection":[{"href":"https:\/\/andresmanjon.es\/index.php\/wp-json\/wp\/v2\/posts"}],"about":[{"href":"https:\/\/andresmanjon.es\/index.php\/wp-json\/wp\/v2\/types\/post"}],"author":[{"embeddable":true,"href":"https:\/\/andresmanjon.es\/index.php\/wp-json\/wp\/v2\/users\/2"}],"replies":[{"embeddable":true,"href":"https:\/\/andresmanjon.es\/index.php\/wp-json\/wp\/v2\/comments?post=2447"}],"version-history":[{"count":1,"href":"https:\/\/andresmanjon.es\/index.php\/wp-json\/wp\/v2\/posts\/2447\/revisions"}],"predecessor-version":[{"id":2449,"href":"https:\/\/andresmanjon.es\/index.php\/wp-json\/wp\/v2\/posts\/2447\/revisions\/2449"}],"wp:featuredmedia":[{"embeddable":true,"href":"https:\/\/andresmanjon.es\/index.php\/wp-json\/wp\/v2\/media\/2448"}],"wp:attachment":[{"href":"https:\/\/andresmanjon.es\/index.php\/wp-json\/wp\/v2\/media?parent=2447"}],"wp:term":[{"taxonomy":"category","embeddable":true,"href":"https:\/\/andresmanjon.es\/index.php\/wp-json\/wp\/v2\/categories?post=2447"},{"taxonomy":"post_tag","embeddable":true,"href":"https:\/\/andresmanjon.es\/index.php\/wp-json\/wp\/v2\/tags?post=2447"},{"taxonomy":"author","embeddable":true,"href":"https:\/\/andresmanjon.es\/index.php\/wp-json\/wp\/v2\/ppma_author?post=2447"}],"curies":[{"name":"wp","href":"https:\/\/api.w.org\/{rel}","templated":true}]}}