{"id":2393,"date":"2024-12-26T17:12:55","date_gmt":"2024-12-26T16:12:55","guid":{"rendered":"https:\/\/andresmanjon.es\/?p=2393"},"modified":"2024-12-26T17:13:50","modified_gmt":"2024-12-26T16:13:50","slug":"recordando-a-don-jorge-guillen","status":"publish","type":"post","link":"https:\/\/andresmanjon.es\/index.php\/2024\/12\/26\/recordando-a-don-jorge-guillen\/","title":{"rendered":"RECORDANDO A DON JORGE GUILL\u00c9N"},"content":{"rendered":"<h3>Nuevo art\u00edculo de Leandro Garc\u00eda Casanova: \u201cRecordando a Jorge Guill\u00e9n\u201d<\/h3>\n<p>Fuente: <a href=\"https:\/\/blogdegarciacasanova.blogspot.com\/2013\/03\/recordando-don-jorge-guillen.html?m=1\">https:\/\/blogdegarciacasanova.blogspot.com\/2013\/03\/recordando-don-jorge-guillen.html?m=1<\/a><\/p>\n<p>Volvemos a traeros uno de los art\u00edculos de don Leandro Garc\u00eda Casanova que, en esta oscasi\u00f3n, habla de sus \u00faltimos encuentros con don Jorge Guill\u00e9n rector del Ave Maria Casa Madre.<\/p>\n<table>\n<tbody>\n<tr>\n<td><img data-recalc-dims=\"1\" fetchpriority=\"high\" decoding=\"async\" class=\"aligncenter wp-image-2395 size-full\" title=\"RECORDANDO A DON JORGE GUILL\u00c9N\" src=\"https:\/\/i0.wp.com\/andresmanjon.es\/wp-content\/uploads\/2024\/12\/IMG_5210.jpeg?resize=264%2C280&#038;ssl=1\" alt=\"RECORDANDO A DON JORGE GUILL\u00c9N\" width=\"264\" height=\"280\" \/><\/td>\n<\/tr>\n<tr>\n<td>Foto de la Archidi\u00f3cesis de Granada<\/td>\n<\/tr>\n<\/tbody>\n<\/table>\n<p>El 11 de mayo de 2010, me acerco a la Casa SacerdotalVirgen de Gracia, en <strong>Granada<\/strong>. Mi idea es preguntar por <strong>don Jorge Guill\u00e9n Garc\u00eda \u2013fue rector de <\/strong><strong>la <span>Casa Madre<\/span>del Ave Mar\u00eda, desde 1957 a<\/strong><strong> 1971<\/strong>\u2013, pero la monja de la porter\u00eda lo llama por el tel\u00e9fono y despu\u00e9s de 39 largos a\u00f1os nos saludamos: \u201cTu cara me suena, \u00bfc\u00f3mo dices que te llamas?\u201d, me pregunta a modo de introducci\u00f3n. Le digo donde trabajo y que escrib\u00ed dos art\u00edculos sobre el colegio: \u201c<strong>Don Emilio Borrego<\/strong> (el rector que le sucedi\u00f3) me dijo hace unos a\u00f1os que usted era el alma del Ave Mar\u00eda\u201d. Pero \u00e9l va y me corrige: \u201c\u00a1Has dicho el arma!\u201d, y entonces rompemos a re\u00edr por la ocurrencia. Es un hombre afable y humilde, que sabe llegar a la gente.<\/p>\n<p>\u2013Yo <span>\u00a0<\/span>estuve catorce a\u00f1os de rector y luego me vine con el arzobispo de Granada, donde estuve de vicario. Pero, por aquel tiempo, pidieron tres misioneros para <strong>Brasil <\/strong>y nos presentamos tres sacerdotes. A m\u00ed me destinaron <strong>a la di\u00f3cesis de<\/strong> <strong>R\u00edo Branco<\/strong>, un estado que hace frontera con <strong>Bolivia y Per\u00fa<\/strong>. Me cogi\u00f3 la dictadura de los militares y \u00e9stos no permitieron que entraran en <strong>Brasil <\/strong>m\u00e1s misioneros cat\u00f3licos, porque <strong>el Gobierno brasile\u00f1o se ali\u00f3 con los Estados Unidos;<\/strong> en cambio, llegaron muchos curas protestantes estadounidenses. En octubre de 2008, me encontraba de vacaciones en <strong>Granada <\/strong>y ped\u00ed que me hicieran un an\u00e1lisis de orina, pues nunca me lo hab\u00eda hecho antes. El d\u00eda antes de marcharme a <strong>Brasil<\/strong>, me dieron el resultado del PSA: un d\u00eda hab\u00eda marcado uno y pico, al siguiente dos y, al otro, tres y pico; pero yo dije que me marchaba. Sin embargo, el onc\u00f3logo me aconsej\u00f3 que ten\u00eda que quedarme, pues el PSA estaba subiendo y me puso un tratamiento. Unos meses despu\u00e9s me march\u00e9 a <strong>Brasil<\/strong>, pero all\u00ed me diagnosticaron un c\u00e1ncer de pr\u00f3stata y ahora tengo un tratamiento de quimioterapia. Tiene sus efectos secundarios, pero voy tirando. El onc\u00f3logo me ha dicho que no me morir\u00e9 a causa del c\u00e1ncer de pr\u00f3stata, pero que morir\u00e9 con el c\u00e1ncer. Tengo 75 a\u00f1os y ahora no tengo asignado ning\u00fan trabajo, sino que hago cosas puntuales, \u00a1con el trabajo que podr\u00eda hacer en la di\u00f3cesis de <strong>R\u00edo Branco<\/strong>! Yo me encomiendo al Se\u00f1or y le digo que estoy a su disposici\u00f3n, para lo que \u00e9l quiera de m\u00ed. Te voy a contar una an\u00e9cdota: acababa de ordenarme de sacerdote y estaba paseando por los jardines de <strong>la Cartuja<\/strong>, cuando me entr\u00f3 la duda, \u00bfqu\u00e9 ser\u00eda de mi vocaci\u00f3n cuando pasaran diez o quince a\u00f1os? Pero aquel d\u00eda hab\u00eda le\u00eddo <strong>el <em>Breviario<\/em><\/strong>, precisamente, donde ven\u00eda una frase de <strong>los <em>Salmos<\/em><\/strong><strong>, art\u00edculo 37, vers\u00edculo 5<\/strong>, de la que me acordar\u00e9 siempre: \u2018Encomienda a <em>Yahv\u00e9<\/em> tus caminos, \/ conf\u00eda en \u00c9l, y \u00c9l obrar\u00e1\u2019. Y \u00e9sta es la receta que tambi\u00e9n me aplico hoy.<\/p>\n<table>\n<tbody>\n<tr>\n<td><img data-recalc-dims=\"1\" decoding=\"async\" class=\"aligncenter wp-image-2396 size-full\" title=\"RECORDANDO A DON JORGE GUILL\u00c9N\" src=\"https:\/\/i0.wp.com\/andresmanjon.es\/wp-content\/uploads\/2024\/12\/IMG_5211.jpeg?resize=280%2C210&#038;ssl=1\" alt=\"RECORDANDO A DON JORGE GUILL\u00c9N\" width=\"280\" height=\"210\" \/><\/td>\n<\/tr>\n<tr>\n<td>En las escaleras se hac\u00edan las fotos de los cursos<\/td>\n<\/tr>\n<\/tbody>\n<\/table>\n<p style=\"font-weight: 400;\"><strong>Le confieso a don Jorge que el<span> Ave Mar\u00eda<\/span> me marc\u00f3<\/strong>\u2013estuve durante los cursos 1970 y 71\u2013, pues era un colegio abierto, ten\u00eda el <strong><em>cineforum<\/em><\/strong>, donde previamente nos dec\u00edan las escenas de la pel\u00edcula que hab\u00edan sido censuradas y luego se abr\u00eda un debate donde se criticaba abiertamente la <strong>Dictadura de Franco<\/strong>. A veces la memoria le falla, cuando le hablo de alumnos o de profesores de aquella \u00e9poca, o bien cuando le recuerdo alguna an\u00e9cdota. Antes de despedirnos, me dijo: \u201cTe voy a pedir que me tutees, pues yo me siento mejor as\u00ed. El usted parece distante\u2026\u201d. Yo trat\u00e9 de tutearlo como pude, pero me costaba un trabajo enorme.<\/p>\n<p>En realidad <strong>don Jorge<\/strong> tiene 18 a\u00f1os m\u00e1s que yo, pero en la mente de un joven, de 17 a\u00f1os, <strong>el rector del<\/strong> <strong>Ave Mar\u00eda<\/strong> era algo as\u00ed como la m\u00e1xima autoridad. En la conversaci\u00f3n, le cont\u00e9 el inmenso respeto que impon\u00eda cuando cruzaba el patio de cemento del<strong> Ave Mar\u00eda<\/strong>, con su cigarrillo entre los dedos: autom\u00e1ticamente se paraban los juegos y las pelotas, de manera que los alumnos esper\u00e1bamos a que pasara el rector. \u201cYo creo que eso son exageraciones\u201d, se limit\u00f3 a responderme, aunque entonces la cosa funcionaba as\u00ed. \u201cOtro d\u00eda me miraste fijamente en el sal\u00f3n de estudio, porque yo habr\u00eda hecho algo mal, en esos momentos yo quise que la tierra me tragara\u2026\u201d. Antes de despedirme le ped\u00ed que me concediera una entrevista, donde me hablara de aquellos a\u00f1os, pero se excus\u00f3 amablemente. \u201cPero, cuando usted se vaya\u2026\u201d, le dije sin pensarlo y ambos nos volvimos a re\u00edr. Ahora la ocurrencia fue m\u00eda. Lo que llama la atenci\u00f3n de <strong>don Jorge <\/strong>es su naturalidad y sencillez, y esto quiz\u00e1 se lo deba a sus a\u00f1os de misionero, donde tiene que hacer de todo y mezclarse con aquellas tribus de <strong>Brasil<\/strong>.<\/p>\n<table>\n<tbody>\n<tr>\n<td><img data-recalc-dims=\"1\" decoding=\"async\" class=\"size-full wp-image-2397 aligncenter\" src=\"https:\/\/i0.wp.com\/andresmanjon.es\/wp-content\/uploads\/2024\/12\/IMG_5212.jpeg?resize=280%2C191&#038;ssl=1\" alt=\"\" width=\"280\" height=\"191\" \/><\/td>\n<\/tr>\n<tr>\n<td>Equipo de baloncesto, a\u00f1os sesenta<\/td>\n<\/tr>\n<\/tbody>\n<\/table>\n<p>Unos d\u00edas despu\u00e9s, habl\u00e9 por tel\u00e9fono con el director de la <strong>Casa Madre del Ave Mar\u00eda<\/strong>, <strong>Antonio Casquet <\/strong>\u2013\u00e9l cursaba quinto de Bachiller cuando yo estaba en sexto\u2013, le cont\u00e9 que hab\u00eda visitado a <strong>don Jorge<\/strong> y la enfermedad que ten\u00eda. \u201cDeber\u00edas ir pensando en hacer un homenaje al antiguo rector y a <strong>don Emilio Borrego<\/strong>, para que no pase lo mismo que con<strong> don Ricardo Villa-Real<\/strong>\u2026 Cualquier d\u00eda nos enteramos que se ha muerto alguno de ellos\u201d. Y <strong>Antonio <\/strong>me contest\u00f3: \u201cNo sab\u00eda nada de la enfermedad pero llevas raz\u00f3n, lo que pasa es que uno vive el d\u00eda a d\u00eda. A ver si organizamos algo\u201d.<\/p>\n<p>El 21 de octubre de 2010, me encontr\u00e9 con <strong>don Jorge<\/strong> en la calle que sube a la plaza de Gracia y le dije: \u201cDespu\u00e9s de cruzarme con usted, me he dado cuenta de que era mi padre rector\u201d, la frase le hizo gracia y solt\u00f3 una carcajada. Sin embargo hab\u00eda envejecido bastante desde la \u00faltima vez, ten\u00eda la cara m\u00e1s inflada y ya no se acordaba de m\u00ed ni del encuentro que tuvimos en la residencia, cinco meses antes. \u201cMe falla bastante la memoria\u201d, me dijo. \u201cNo hace mucho me encontr\u00e9 con su hermano <strong>Rafael<\/strong>, que present\u00f3 un libro. La sencillez parece que es cosa de la familia\u201d. Tras unos segundos de silencio, me respondi\u00f3: \u201cSin embargo, hay quienes opinan que soy complicado\u201d. Como no suelo pensar dos veces las cosas, le solt\u00e9: \u201c<strong>Brasil <\/strong>queda lejos\u201d. Se qued\u00f3 un momento pensativo y se limit\u00f3 a decir: \u201cParece ser que s\u00ed\u201d. Entonces me apret\u00f3 la mano y se despidi\u00f3 con una frase amable, de esas que te llegan al coraz\u00f3n: \u201cGracias por haberte parado a saludarme\u201d. El gesto serio y la mirada casi perdida de <strong>don Jorge <\/strong>eran de quien se apresta ya para el tramo final.<\/p>\n<table>\n<tbody>\n<tr>\n<td>\n<h3><img data-recalc-dims=\"1\" loading=\"lazy\" decoding=\"async\" class=\"size-full wp-image-2398 aligncenter\" src=\"https:\/\/i0.wp.com\/andresmanjon.es\/wp-content\/uploads\/2024\/12\/IMG_5213.jpeg?resize=280%2C204&#038;ssl=1\" alt=\"\" width=\"280\" height=\"204\" \/><\/h3>\n<\/td>\n<\/tr>\n<tr>\n<td>Alumnos del Ave Mar\u00eda, 1963-1969<\/td>\n<\/tr>\n<\/tbody>\n<\/table>\n<p>Dos meses m\u00e1s tarde, <strong>el poeta Rafael Guill\u00e9n <\/strong>me dijo que su hermano hab\u00eda adelgazado. El tiempo fue pasando hasta que, el 5 de mayo de 2011, me acerqu\u00e9 a la residencia y pregunt\u00e9 a la hermana de la porter\u00eda: \u201cDon Jorge ya est\u00e1 en el cielo, muri\u00f3 el 23 de marzo pasado\u201d. No me esperaba aquel mazazo y me arrepent\u00ed de haber llegado demasiado tarde, pero me quedan los recuerdos imborrables y las alegr\u00edas compartidas con los compa\u00f1eros, en aquellos a\u00f1os de adolescencia y, sobre todo, de haber conocido al rector que durante catorce a\u00f1os fue <strong>el<\/strong> <strong>alma del Ave Mar\u00eda<\/strong>. Hace unos a\u00f1os, <strong>don Emilio Borrego<\/strong> \u2013p\u00e1rroco de la <strong>iglesia de Gracia<\/strong>\u2013 me cont\u00f3 que dejaba su despacho abierto porque <strong>don Jorge<\/strong> ten\u00eda esa costumbre, en aquella \u00e9poca en que la Polic\u00eda del R\u00e9gimen ten\u00eda pinchado el tel\u00e9fono del rector.<\/p>\n<p><span><strong>Posdata<\/strong>:\u00a0 Se\u00f1alar que <a href=\"https:\/\/andresmanjon.es\/index.php\/2024\/07\/10\/10-julio-muerte-de-manjon\/\">don Andr\u00e9s Manj\u00f3n muri\u00f3 en la segunda d\u00e9cada del siglo\u00a0veinte.<\/a><\/span><\/p>\n<p><a href=\"http:\/\/en-clase.ideal.es\/index.php\/opinion\/1377-leandro-garcia-casanova-lrecordando-a-don-jorge-guillenr-.html\">http:\/\/en-clase.ideal.es\/index.php\/opinion\/1377-leandro-garcia-casanova-lrecordando-a-don-jorge-guillenr-.html<\/a><\/p>\n","protected":false},"excerpt":{"rendered":"<p>Nuevo art\u00edculo de Leandro Garc\u00eda Casanova: \u201cRecordando a Jorge Guill\u00e9n\u201d Fuente: https:\/\/blogdegarciacasanova.blogspot.com\/2013\/03\/recordando-don-jorge-guillen.html?m=1 Volvemos a traeros uno de los art\u00edculos de don Leandro Garc\u00eda Casanova que, en esta oscasi\u00f3n, habla de sus \u00faltimos encuentros con don Jorge Guill\u00e9n rector del Ave Maria Casa Madre. Foto de la Archidi\u00f3cesis de Granada El 11 de mayo de 2010, [&hellip;]<\/p>\n","protected":false},"author":2,"featured_media":2395,"comment_status":"closed","ping_status":"closed","sticky":false,"template":"","format":"standard","meta":{"jetpack_post_was_ever_published":false,"_jetpack_newsletter_access":"","_jetpack_dont_email_post_to_subs":false,"_jetpack_newsletter_tier_id":0,"_jetpack_memberships_contains_paywalled_content":false,"_jetpack_memberships_contains_paid_content":false,"footnotes":""},"categories":[190],"tags":[243,241,242,136,244],"ppma_author":[189],"class_list":["post-2393","post","type-post","status-publish","format-standard","has-post-thumbnail","hentry","category-leandro-garcia-casanova","tag-avemaria-casamadre","tag-don-jorge-guillen","tag-leandro-garcia-casanova","tag-legado","tag-rector"],"yoast_head":"<!-- This site is optimized with the Yoast SEO plugin v27.4 - https:\/\/yoast.com\/product\/yoast-seo-wordpress\/ -->\n<title>RECORDANDO A DON JORGE GUILL\u00c9N - MANJON VIVE<\/title>\n<meta name=\"description\" content=\"RECORDANDO A DON JORGE GUILL\u00c9N - RECORDANDO A DON JORGE GUILL\u00c9N - RECORDANDO A DON JORGE GUILL\u00c9N - RECORDANDO A DON JORGE GUILL\u00c9N\" \/>\n<meta name=\"robots\" content=\"index, follow, max-snippet:-1, max-image-preview:large, max-video-preview:-1\" \/>\n<link rel=\"canonical\" href=\"https:\/\/andresmanjon.es\/index.php\/2024\/12\/26\/recordando-a-don-jorge-guillen\/\" \/>\n<meta property=\"og:locale\" content=\"es_ES\" \/>\n<meta property=\"og:type\" content=\"article\" \/>\n<meta property=\"og:title\" content=\"RECORDANDO A DON JORGE GUILL\u00c9N - MANJON VIVE\" \/>\n<meta property=\"og:description\" content=\"RECORDANDO A DON JORGE GUILL\u00c9N - RECORDANDO A DON JORGE GUILL\u00c9N - RECORDANDO A DON JORGE GUILL\u00c9N - RECORDANDO A DON JORGE GUILL\u00c9N\" \/>\n<meta property=\"og:url\" content=\"https:\/\/andresmanjon.es\/index.php\/2024\/12\/26\/recordando-a-don-jorge-guillen\/\" \/>\n<meta property=\"og:site_name\" content=\"MANJON VIVE\" \/>\n<meta property=\"article:published_time\" content=\"2024-12-26T16:12:55+00:00\" \/>\n<meta property=\"article:modified_time\" content=\"2024-12-26T16:13:50+00:00\" \/>\n<meta property=\"og:image\" content=\"https:\/\/andresmanjon.es\/wp-content\/uploads\/2024\/12\/IMG_5210.jpeg\" \/>\n\t<meta property=\"og:image:width\" content=\"264\" \/>\n\t<meta property=\"og:image:height\" content=\"280\" \/>\n\t<meta property=\"og:image:type\" content=\"image\/jpeg\" \/>\n<meta name=\"author\" content=\"Leandro Garc\u00eda Casanova\" \/>\n<meta name=\"twitter:card\" content=\"summary_large_image\" \/>\n<meta name=\"twitter:label1\" content=\"Escrito por\" \/>\n\t<meta name=\"twitter:data1\" content=\"Enrique Alonso Guardia\" \/>\n\t<meta name=\"twitter:label2\" content=\"Tiempo de lectura\" \/>\n\t<meta name=\"twitter:data2\" content=\"8 minutos\" \/>\n<script type=\"application\/ld+json\" class=\"yoast-schema-graph\">{\"@context\":\"https:\\\/\\\/schema.org\",\"@graph\":[{\"@type\":\"Article\",\"@id\":\"https:\\\/\\\/andresmanjon.es\\\/index.php\\\/2024\\\/12\\\/26\\\/recordando-a-don-jorge-guillen\\\/#article\",\"isPartOf\":{\"@id\":\"https:\\\/\\\/andresmanjon.es\\\/index.php\\\/2024\\\/12\\\/26\\\/recordando-a-don-jorge-guillen\\\/\"},\"author\":{\"name\":\"Enrique Alonso Guardia\",\"@id\":\"https:\\\/\\\/andresmanjon.es\\\/#\\\/schema\\\/person\\\/c3aa9658a78defc49109499b1f40dc3a\"},\"headline\":\"RECORDANDO A DON JORGE GUILL\u00c9N\",\"datePublished\":\"2024-12-26T16:12:55+00:00\",\"dateModified\":\"2024-12-26T16:13:50+00:00\",\"mainEntityOfPage\":{\"@id\":\"https:\\\/\\\/andresmanjon.es\\\/index.php\\\/2024\\\/12\\\/26\\\/recordando-a-don-jorge-guillen\\\/\"},\"wordCount\":1444,\"publisher\":{\"@id\":\"https:\\\/\\\/andresmanjon.es\\\/#\\\/schema\\\/person\\\/c3aa9658a78defc49109499b1f40dc3a\"},\"image\":{\"@id\":\"https:\\\/\\\/andresmanjon.es\\\/index.php\\\/2024\\\/12\\\/26\\\/recordando-a-don-jorge-guillen\\\/#primaryimage\"},\"thumbnailUrl\":\"https:\\\/\\\/i0.wp.com\\\/andresmanjon.es\\\/wp-content\\\/uploads\\\/2024\\\/12\\\/IMG_5210.jpeg?fit=264%2C280&ssl=1\",\"keywords\":[\"Avemaria Casamadre\",\"Don Jorge Guill\u00e9n\",\"Leandro Garc\u00eda Casanova\",\"legado\",\"rector\"],\"articleSection\":[\"Leandro Garc\u00eda Casanova\"],\"inLanguage\":\"es\"},{\"@type\":\"WebPage\",\"@id\":\"https:\\\/\\\/andresmanjon.es\\\/index.php\\\/2024\\\/12\\\/26\\\/recordando-a-don-jorge-guillen\\\/\",\"url\":\"https:\\\/\\\/andresmanjon.es\\\/index.php\\\/2024\\\/12\\\/26\\\/recordando-a-don-jorge-guillen\\\/\",\"name\":\"RECORDANDO A DON JORGE GUILL\u00c9N - MANJON VIVE\",\"isPartOf\":{\"@id\":\"https:\\\/\\\/andresmanjon.es\\\/#website\"},\"primaryImageOfPage\":{\"@id\":\"https:\\\/\\\/andresmanjon.es\\\/index.php\\\/2024\\\/12\\\/26\\\/recordando-a-don-jorge-guillen\\\/#primaryimage\"},\"image\":{\"@id\":\"https:\\\/\\\/andresmanjon.es\\\/index.php\\\/2024\\\/12\\\/26\\\/recordando-a-don-jorge-guillen\\\/#primaryimage\"},\"thumbnailUrl\":\"https:\\\/\\\/i0.wp.com\\\/andresmanjon.es\\\/wp-content\\\/uploads\\\/2024\\\/12\\\/IMG_5210.jpeg?fit=264%2C280&ssl=1\",\"datePublished\":\"2024-12-26T16:12:55+00:00\",\"dateModified\":\"2024-12-26T16:13:50+00:00\",\"description\":\"RECORDANDO A DON JORGE GUILL\u00c9N - RECORDANDO A DON JORGE GUILL\u00c9N - RECORDANDO A DON JORGE GUILL\u00c9N - RECORDANDO A DON JORGE GUILL\u00c9N\",\"breadcrumb\":{\"@id\":\"https:\\\/\\\/andresmanjon.es\\\/index.php\\\/2024\\\/12\\\/26\\\/recordando-a-don-jorge-guillen\\\/#breadcrumb\"},\"inLanguage\":\"es\",\"potentialAction\":[{\"@type\":\"ReadAction\",\"target\":[\"https:\\\/\\\/andresmanjon.es\\\/index.php\\\/2024\\\/12\\\/26\\\/recordando-a-don-jorge-guillen\\\/\"]}]},{\"@type\":\"ImageObject\",\"inLanguage\":\"es\",\"@id\":\"https:\\\/\\\/andresmanjon.es\\\/index.php\\\/2024\\\/12\\\/26\\\/recordando-a-don-jorge-guillen\\\/#primaryimage\",\"url\":\"https:\\\/\\\/i0.wp.com\\\/andresmanjon.es\\\/wp-content\\\/uploads\\\/2024\\\/12\\\/IMG_5210.jpeg?fit=264%2C280&ssl=1\",\"contentUrl\":\"https:\\\/\\\/i0.wp.com\\\/andresmanjon.es\\\/wp-content\\\/uploads\\\/2024\\\/12\\\/IMG_5210.jpeg?fit=264%2C280&ssl=1\",\"width\":264,\"height\":280},{\"@type\":\"BreadcrumbList\",\"@id\":\"https:\\\/\\\/andresmanjon.es\\\/index.php\\\/2024\\\/12\\\/26\\\/recordando-a-don-jorge-guillen\\\/#breadcrumb\",\"itemListElement\":[{\"@type\":\"ListItem\",\"position\":1,\"name\":\"Portada\",\"item\":\"https:\\\/\\\/andresmanjon.es\\\/\"},{\"@type\":\"ListItem\",\"position\":2,\"name\":\"RECORDANDO A DON JORGE GUILL\u00c9N\"}]},{\"@type\":\"WebSite\",\"@id\":\"https:\\\/\\\/andresmanjon.es\\\/#website\",\"url\":\"https:\\\/\\\/andresmanjon.es\\\/\",\"name\":\"Andr\u00e9s Manj\u00f3n y Manj\u00f3n\",\"description\":\"UNA EDUCACI\u00d3N PARA TODOS\",\"publisher\":{\"@id\":\"https:\\\/\\\/andresmanjon.es\\\/#\\\/schema\\\/person\\\/c3aa9658a78defc49109499b1f40dc3a\"},\"potentialAction\":[{\"@type\":\"SearchAction\",\"target\":{\"@type\":\"EntryPoint\",\"urlTemplate\":\"https:\\\/\\\/andresmanjon.es\\\/?s={search_term_string}\"},\"query-input\":{\"@type\":\"PropertyValueSpecification\",\"valueRequired\":true,\"valueName\":\"search_term_string\"}}],\"inLanguage\":\"es\"},{\"@type\":[\"Person\",\"Organization\"],\"@id\":\"https:\\\/\\\/andresmanjon.es\\\/#\\\/schema\\\/person\\\/c3aa9658a78defc49109499b1f40dc3a\",\"name\":\"Enrique Alonso Guardia\",\"image\":{\"@type\":\"ImageObject\",\"inLanguage\":\"es\",\"@id\":\"https:\\\/\\\/i0.wp.com\\\/andresmanjon.es\\\/wp-content\\\/uploads\\\/2023\\\/12\\\/cropped-logo-1.png?fit=1660%2C548&ssl=1dd6cd788025305c93754fac7facc0ac9\",\"url\":\"https:\\\/\\\/i0.wp.com\\\/andresmanjon.es\\\/wp-content\\\/uploads\\\/2023\\\/12\\\/cropped-logo-1.png?fit=1660%2C548&ssl=1\",\"contentUrl\":\"https:\\\/\\\/i0.wp.com\\\/andresmanjon.es\\\/wp-content\\\/uploads\\\/2023\\\/12\\\/cropped-logo-1.png?fit=1660%2C548&ssl=1\",\"width\":1660,\"height\":548,\"caption\":\"Enrique Alonso Guardia\"},\"logo\":{\"@id\":\"https:\\\/\\\/i0.wp.com\\\/andresmanjon.es\\\/wp-content\\\/uploads\\\/2023\\\/12\\\/cropped-logo-1.png?fit=1660%2C548&ssl=1dd6cd788025305c93754fac7facc0ac9\"},\"sameAs\":[\"http:\\\/\\\/www.kalonso.com\"],\"url\":\"https:\\\/\\\/andresmanjon.es\\\/index.php\\\/author\\\/kalonso\\\/\"}]}<\/script>\n<!-- \/ Yoast SEO plugin. -->","yoast_head_json":{"title":"RECORDANDO A DON JORGE GUILL\u00c9N - MANJON VIVE","description":"RECORDANDO A DON JORGE GUILL\u00c9N - RECORDANDO A DON JORGE GUILL\u00c9N - RECORDANDO A DON JORGE GUILL\u00c9N - RECORDANDO A DON JORGE GUILL\u00c9N","robots":{"index":"index","follow":"follow","max-snippet":"max-snippet:-1","max-image-preview":"max-image-preview:large","max-video-preview":"max-video-preview:-1"},"canonical":"https:\/\/andresmanjon.es\/index.php\/2024\/12\/26\/recordando-a-don-jorge-guillen\/","og_locale":"es_ES","og_type":"article","og_title":"RECORDANDO A DON JORGE GUILL\u00c9N - MANJON VIVE","og_description":"RECORDANDO A DON JORGE GUILL\u00c9N - RECORDANDO A DON JORGE GUILL\u00c9N - RECORDANDO A DON JORGE GUILL\u00c9N - RECORDANDO A DON JORGE GUILL\u00c9N","og_url":"https:\/\/andresmanjon.es\/index.php\/2024\/12\/26\/recordando-a-don-jorge-guillen\/","og_site_name":"MANJON VIVE","article_published_time":"2024-12-26T16:12:55+00:00","article_modified_time":"2024-12-26T16:13:50+00:00","og_image":[{"width":264,"height":280,"url":"https:\/\/andresmanjon.es\/wp-content\/uploads\/2024\/12\/IMG_5210.jpeg","type":"image\/jpeg"}],"author":"Leandro Garc\u00eda Casanova","twitter_card":"summary_large_image","twitter_misc":{"Escrito por":"Enrique Alonso Guardia","Tiempo de lectura":"8 minutos"},"schema":{"@context":"https:\/\/schema.org","@graph":[{"@type":"Article","@id":"https:\/\/andresmanjon.es\/index.php\/2024\/12\/26\/recordando-a-don-jorge-guillen\/#article","isPartOf":{"@id":"https:\/\/andresmanjon.es\/index.php\/2024\/12\/26\/recordando-a-don-jorge-guillen\/"},"author":{"name":"Enrique Alonso Guardia","@id":"https:\/\/andresmanjon.es\/#\/schema\/person\/c3aa9658a78defc49109499b1f40dc3a"},"headline":"RECORDANDO A DON JORGE GUILL\u00c9N","datePublished":"2024-12-26T16:12:55+00:00","dateModified":"2024-12-26T16:13:50+00:00","mainEntityOfPage":{"@id":"https:\/\/andresmanjon.es\/index.php\/2024\/12\/26\/recordando-a-don-jorge-guillen\/"},"wordCount":1444,"publisher":{"@id":"https:\/\/andresmanjon.es\/#\/schema\/person\/c3aa9658a78defc49109499b1f40dc3a"},"image":{"@id":"https:\/\/andresmanjon.es\/index.php\/2024\/12\/26\/recordando-a-don-jorge-guillen\/#primaryimage"},"thumbnailUrl":"https:\/\/i0.wp.com\/andresmanjon.es\/wp-content\/uploads\/2024\/12\/IMG_5210.jpeg?fit=264%2C280&ssl=1","keywords":["Avemaria Casamadre","Don Jorge Guill\u00e9n","Leandro Garc\u00eda Casanova","legado","rector"],"articleSection":["Leandro Garc\u00eda Casanova"],"inLanguage":"es"},{"@type":"WebPage","@id":"https:\/\/andresmanjon.es\/index.php\/2024\/12\/26\/recordando-a-don-jorge-guillen\/","url":"https:\/\/andresmanjon.es\/index.php\/2024\/12\/26\/recordando-a-don-jorge-guillen\/","name":"RECORDANDO A DON JORGE GUILL\u00c9N - MANJON VIVE","isPartOf":{"@id":"https:\/\/andresmanjon.es\/#website"},"primaryImageOfPage":{"@id":"https:\/\/andresmanjon.es\/index.php\/2024\/12\/26\/recordando-a-don-jorge-guillen\/#primaryimage"},"image":{"@id":"https:\/\/andresmanjon.es\/index.php\/2024\/12\/26\/recordando-a-don-jorge-guillen\/#primaryimage"},"thumbnailUrl":"https:\/\/i0.wp.com\/andresmanjon.es\/wp-content\/uploads\/2024\/12\/IMG_5210.jpeg?fit=264%2C280&ssl=1","datePublished":"2024-12-26T16:12:55+00:00","dateModified":"2024-12-26T16:13:50+00:00","description":"RECORDANDO A DON JORGE GUILL\u00c9N - RECORDANDO A DON JORGE GUILL\u00c9N - RECORDANDO A DON JORGE GUILL\u00c9N - RECORDANDO A DON JORGE GUILL\u00c9N","breadcrumb":{"@id":"https:\/\/andresmanjon.es\/index.php\/2024\/12\/26\/recordando-a-don-jorge-guillen\/#breadcrumb"},"inLanguage":"es","potentialAction":[{"@type":"ReadAction","target":["https:\/\/andresmanjon.es\/index.php\/2024\/12\/26\/recordando-a-don-jorge-guillen\/"]}]},{"@type":"ImageObject","inLanguage":"es","@id":"https:\/\/andresmanjon.es\/index.php\/2024\/12\/26\/recordando-a-don-jorge-guillen\/#primaryimage","url":"https:\/\/i0.wp.com\/andresmanjon.es\/wp-content\/uploads\/2024\/12\/IMG_5210.jpeg?fit=264%2C280&ssl=1","contentUrl":"https:\/\/i0.wp.com\/andresmanjon.es\/wp-content\/uploads\/2024\/12\/IMG_5210.jpeg?fit=264%2C280&ssl=1","width":264,"height":280},{"@type":"BreadcrumbList","@id":"https:\/\/andresmanjon.es\/index.php\/2024\/12\/26\/recordando-a-don-jorge-guillen\/#breadcrumb","itemListElement":[{"@type":"ListItem","position":1,"name":"Portada","item":"https:\/\/andresmanjon.es\/"},{"@type":"ListItem","position":2,"name":"RECORDANDO A DON JORGE GUILL\u00c9N"}]},{"@type":"WebSite","@id":"https:\/\/andresmanjon.es\/#website","url":"https:\/\/andresmanjon.es\/","name":"Andr\u00e9s Manj\u00f3n y Manj\u00f3n","description":"UNA EDUCACI\u00d3N PARA TODOS","publisher":{"@id":"https:\/\/andresmanjon.es\/#\/schema\/person\/c3aa9658a78defc49109499b1f40dc3a"},"potentialAction":[{"@type":"SearchAction","target":{"@type":"EntryPoint","urlTemplate":"https:\/\/andresmanjon.es\/?s={search_term_string}"},"query-input":{"@type":"PropertyValueSpecification","valueRequired":true,"valueName":"search_term_string"}}],"inLanguage":"es"},{"@type":["Person","Organization"],"@id":"https:\/\/andresmanjon.es\/#\/schema\/person\/c3aa9658a78defc49109499b1f40dc3a","name":"Enrique Alonso Guardia","image":{"@type":"ImageObject","inLanguage":"es","@id":"https:\/\/i0.wp.com\/andresmanjon.es\/wp-content\/uploads\/2023\/12\/cropped-logo-1.png?fit=1660%2C548&ssl=1dd6cd788025305c93754fac7facc0ac9","url":"https:\/\/i0.wp.com\/andresmanjon.es\/wp-content\/uploads\/2023\/12\/cropped-logo-1.png?fit=1660%2C548&ssl=1","contentUrl":"https:\/\/i0.wp.com\/andresmanjon.es\/wp-content\/uploads\/2023\/12\/cropped-logo-1.png?fit=1660%2C548&ssl=1","width":1660,"height":548,"caption":"Enrique Alonso Guardia"},"logo":{"@id":"https:\/\/i0.wp.com\/andresmanjon.es\/wp-content\/uploads\/2023\/12\/cropped-logo-1.png?fit=1660%2C548&ssl=1dd6cd788025305c93754fac7facc0ac9"},"sameAs":["http:\/\/www.kalonso.com"],"url":"https:\/\/andresmanjon.es\/index.php\/author\/kalonso\/"}]}},"jetpack_featured_media_url":"https:\/\/i0.wp.com\/andresmanjon.es\/wp-content\/uploads\/2024\/12\/IMG_5210.jpeg?fit=264%2C280&ssl=1","jetpack-related-posts":[{"id":1928,"url":"https:\/\/andresmanjon.es\/index.php\/2024\/11\/13\/el-ave-maria-en-el-recuerdo\/","url_meta":{"origin":2393,"position":0},"title":"EL AVE MARIA EN EL RECUERDO","author":"Enrique Alonso Guardia","date":"11\/13\/2024","format":false,"excerpt":"EL AVE MAR\u00cdA EN EL RECUERDO Art\u00edculo cedido por el autor. Fuente original: https:\/\/blogdegarciacasanova.blogspot.com\/2013\/11\/el-ave-maria-en-el-recuerdo.html En 1969, llegu\u00e9 al colegio del Ave Mar\u00eda de la cuesta del Chapiz, cuando el franquismo enfilaba sus \u00faltimos a\u00f1os. Don Jorge Guill\u00e9n entonces dirig\u00eda la \u2018Casa Madre\u2019, un sacerdote que a\u00f1os m\u00e1s tarde se march\u00f3\u2026","rel":"","context":"En \u00abLeandro Garc\u00eda Casanova\u00bb","block_context":{"text":"Leandro Garc\u00eda Casanova","link":"https:\/\/andresmanjon.es\/index.php\/category\/leandro-garcia-casanova\/"},"img":{"alt_text":"EL AVE MARIA EN EL RECUERDO","src":"https:\/\/i0.wp.com\/andresmanjon.es\/wp-content\/uploads\/2024\/11\/Ave-Maria-269x300.jpg?resize=350%2C200&ssl=1","width":350,"height":200},"classes":[]},{"id":1804,"url":"https:\/\/andresmanjon.es\/index.php\/2024\/10\/16\/don-pedro-manjon\/","url_meta":{"origin":2393,"position":1},"title":"DON PEDRO MANJ\u00d3N","author":"Enrique Alonso Guardia","date":"10\/16\/2024","format":false,"excerpt":"Dedicado a los avemarianosEl escritor Francisco Gil Craviotto,\u00a0al que conozco\u00a0desde principios del siglo, public\u00f3 en 1999,\u00a0\u201cRetratos y semblanzas con la Alhambra al fondo\u201d, de editorial Port-Royal. En el libro viene una entrevista que le hizo a\u00a0don Pedro Manj\u00f3n, el sobrino de\u00a0don Andr\u00e9s Manj\u00f3n, fundador de las\u00a0Escuelas del Ave Mar\u00eda. El\u2026","rel":"","context":"En \u00abLeandro Garc\u00eda Casanova\u00bb","block_context":{"text":"Leandro Garc\u00eda Casanova","link":"https:\/\/andresmanjon.es\/index.php\/category\/leandro-garcia-casanova\/"},"img":{"alt_text":"","src":"https:\/\/i0.wp.com\/andresmanjon.es\/wp-content\/uploads\/2024\/10\/PM-300x227.jpg?resize=350%2C200&ssl=1","width":350,"height":200},"classes":[]},{"id":2689,"url":"https:\/\/andresmanjon.es\/index.php\/2025\/10\/17\/alumnos-del-colegio-ave-maria-casa-madre-obtienen-el-jubileo-en-la-abadia-del-sacromonte\/","url_meta":{"origin":2393,"position":2},"title":"Alumnos del Colegio Ave Mar\u00eda Casa Madre obtienen el Jubileo en la Abad\u00eda del Sacromonte","author":"Enrique Alonso Guardia","date":"10\/17\/2025","format":false,"excerpt":"Jubileo en la Abad\u00eda del Sacromonte, El pasado 10 de octubre, m\u00e1s de 500 alumnos, junto a 40 docentes y miembros del AMPA, peregrinaron desde el Colegio Ave Mar\u00eda Casa Madre hasta la Abad\u00eda del Sacromonte, donde obtuvieron las gracias del Jubileo del A\u00f1o de la Esperanza. Fuente original: Archidi\u00f3cesis\u2026","rel":"","context":"En \u00abAcci\u00f3n Manjoniana\u00bb","block_context":{"text":"Acci\u00f3n Manjoniana","link":"https:\/\/andresmanjon.es\/index.php\/category\/accion-manjoniana\/"},"img":{"alt_text":"","src":"https:\/\/i0.wp.com\/andresmanjon.es\/wp-content\/uploads\/2025\/10\/Captura-de-pantalla-2025-10-17-a-las-19.53.46.png?fit=1122%2C836&ssl=1&resize=350%2C200","width":350,"height":200,"srcset":"https:\/\/i0.wp.com\/andresmanjon.es\/wp-content\/uploads\/2025\/10\/Captura-de-pantalla-2025-10-17-a-las-19.53.46.png?fit=1122%2C836&ssl=1&resize=350%2C200 1x, https:\/\/i0.wp.com\/andresmanjon.es\/wp-content\/uploads\/2025\/10\/Captura-de-pantalla-2025-10-17-a-las-19.53.46.png?fit=1122%2C836&ssl=1&resize=525%2C300 1.5x, https:\/\/i0.wp.com\/andresmanjon.es\/wp-content\/uploads\/2025\/10\/Captura-de-pantalla-2025-10-17-a-las-19.53.46.png?fit=1122%2C836&ssl=1&resize=700%2C400 2x, https:\/\/i0.wp.com\/andresmanjon.es\/wp-content\/uploads\/2025\/10\/Captura-de-pantalla-2025-10-17-a-las-19.53.46.png?fit=1122%2C836&ssl=1&resize=1050%2C600 3x"},"classes":[]},{"id":1675,"url":"https:\/\/andresmanjon.es\/index.php\/2024\/09\/15\/manjon-y-la-virgen-de-las-angustias\/","url_meta":{"origin":2393,"position":3},"title":"Manj\u00f3n y la Virgen de las Angustias","author":"Enrique Alonso Guardia","date":"09\/15\/2024","format":false,"excerpt":"Manj\u00f3n y la Virgen de las Angustias. Don Andr\u00e9s Manj\u00f3n dedic\u00f3 su vida a educar a ni\u00f1os y ni\u00f1as, sobre todo a quienes m\u00e1s lo necesitaban. Adem\u00e1s de ser un gran educador, tambi\u00e9n era muy devoto de la Virgen de las Angustias, la patrona de Granada. En homenaje a esta\u2026","rel":"","context":"En \u00abInterioridad Manjoniana\u00bb","block_context":{"text":"Interioridad Manjoniana","link":"https:\/\/andresmanjon.es\/index.php\/category\/interioridad-manjoniana\/"},"img":{"alt_text":"VIRGEN DE LAS ANGUSTIAS","src":"https:\/\/i0.wp.com\/andresmanjon.es\/wp-content\/uploads\/2024\/09\/88B3A333-1E3A-4EB7-B248-1D88CF140DC6_4_5005_c.jpeg?fit=360%2C480&ssl=1&resize=350%2C200","width":350,"height":200},"classes":[]},{"id":1870,"url":"https:\/\/andresmanjon.es\/index.php\/2024\/11\/08\/carta-de-don-andres-manjon-a-dona-paquita\/","url_meta":{"origin":2393,"position":4},"title":"Carta de Don Andr\u00e9s Manj\u00f3n a Do\u00f1a Paquita","author":"Enrique Alonso Guardia","date":"11\/08\/2024","format":false,"excerpt":"Carta de Don Andr\u00e9s Manj\u00f3n a Do\u00f1a Paquita: Un legado eterno en las Escuelas del Ave Mar\u00eda. Desde este rinc\u00f3n de paz, quiero dedicar unas palabras llenas de gratitud a ti, Do\u00f1a Paquita. Tu vida como maestra no termin\u00f3 cuando se apag\u00f3 la \u00faltima lecci\u00f3n. Sigue viva en cada sonrisa\u2026","rel":"","context":"En \u00ab\u00a1Gracias!\u00bb","block_context":{"text":"\u00a1Gracias!","link":"https:\/\/andresmanjon.es\/index.php\/category\/gracias\/"},"img":{"alt_text":"","src":"https:\/\/i0.wp.com\/andresmanjon.es\/wp-content\/uploads\/2024\/11\/donapaquita_00002.jpg?fit=903%2C1200&ssl=1&resize=350%2C200","width":350,"height":200,"srcset":"https:\/\/i0.wp.com\/andresmanjon.es\/wp-content\/uploads\/2024\/11\/donapaquita_00002.jpg?fit=903%2C1200&ssl=1&resize=350%2C200 1x, https:\/\/i0.wp.com\/andresmanjon.es\/wp-content\/uploads\/2024\/11\/donapaquita_00002.jpg?fit=903%2C1200&ssl=1&resize=525%2C300 1.5x, https:\/\/i0.wp.com\/andresmanjon.es\/wp-content\/uploads\/2024\/11\/donapaquita_00002.jpg?fit=903%2C1200&ssl=1&resize=700%2C400 2x"},"classes":[]},{"id":1406,"url":"https:\/\/andresmanjon.es\/index.php\/2024\/07\/10\/10-julio-muerte-de-manjon\/","url_meta":{"origin":2393,"position":5},"title":"10 julio &#8211; Muerte de Manj\u00f3n","author":"Enrique Alonso Guardia","date":"07\/10\/2024","format":false,"excerpt":"10 de julio. El Adi\u00f3s a Don Andr\u00e9s Manj\u00f3n: El Legado de un Educador Inquebrantable Hoy celebramos la muerte de un gran Educador: don Andr\u00e9s Manj\u00f3n. Que el Se\u00f1or nos d\u00e9 a todos fuerza, ilusi\u00f3n y creatividad para seguir con ampliando su legado con fidelidad y entrega. El 10 de\u2026","rel":"","context":"En \u00abAndr\u00e9s Manj\u00f3n\u00bb","block_context":{"text":"Andr\u00e9s Manj\u00f3n","link":"https:\/\/andresmanjon.es\/index.php\/category\/andres-manjon\/"},"img":{"alt_text":"","src":"https:\/\/i0.wp.com\/andresmanjon.es\/wp-content\/uploads\/2024\/07\/IMG_1315.webp?fit=780%2C496&ssl=1&resize=350%2C200","width":350,"height":200,"srcset":"https:\/\/i0.wp.com\/andresmanjon.es\/wp-content\/uploads\/2024\/07\/IMG_1315.webp?fit=780%2C496&ssl=1&resize=350%2C200 1x, https:\/\/i0.wp.com\/andresmanjon.es\/wp-content\/uploads\/2024\/07\/IMG_1315.webp?fit=780%2C496&ssl=1&resize=525%2C300 1.5x, https:\/\/i0.wp.com\/andresmanjon.es\/wp-content\/uploads\/2024\/07\/IMG_1315.webp?fit=780%2C496&ssl=1&resize=700%2C400 2x"},"classes":[]}],"jetpack_sharing_enabled":true,"authors":[{"term_id":189,"user_id":0,"is_guest":1,"slug":"leandro-garcia-casanova","display_name":"Leandro Garc\u00eda Casanova","avatar_url":{"url":"https:\/\/andresmanjon.es\/wp-content\/uploads\/2024\/10\/leandro-garcia-150x150-1.jpg","url2x":"https:\/\/andresmanjon.es\/wp-content\/uploads\/2024\/10\/leandro-garcia-150x150-1.jpg"},"0":null,"1":"","2":"","3":"","4":"","5":"","6":"","7":"","8":""}],"_links":{"self":[{"href":"https:\/\/andresmanjon.es\/index.php\/wp-json\/wp\/v2\/posts\/2393","targetHints":{"allow":["GET"]}}],"collection":[{"href":"https:\/\/andresmanjon.es\/index.php\/wp-json\/wp\/v2\/posts"}],"about":[{"href":"https:\/\/andresmanjon.es\/index.php\/wp-json\/wp\/v2\/types\/post"}],"author":[{"embeddable":true,"href":"https:\/\/andresmanjon.es\/index.php\/wp-json\/wp\/v2\/users\/2"}],"replies":[{"embeddable":true,"href":"https:\/\/andresmanjon.es\/index.php\/wp-json\/wp\/v2\/comments?post=2393"}],"version-history":[{"count":3,"href":"https:\/\/andresmanjon.es\/index.php\/wp-json\/wp\/v2\/posts\/2393\/revisions"}],"predecessor-version":[{"id":2401,"href":"https:\/\/andresmanjon.es\/index.php\/wp-json\/wp\/v2\/posts\/2393\/revisions\/2401"}],"wp:featuredmedia":[{"embeddable":true,"href":"https:\/\/andresmanjon.es\/index.php\/wp-json\/wp\/v2\/media\/2395"}],"wp:attachment":[{"href":"https:\/\/andresmanjon.es\/index.php\/wp-json\/wp\/v2\/media?parent=2393"}],"wp:term":[{"taxonomy":"category","embeddable":true,"href":"https:\/\/andresmanjon.es\/index.php\/wp-json\/wp\/v2\/categories?post=2393"},{"taxonomy":"post_tag","embeddable":true,"href":"https:\/\/andresmanjon.es\/index.php\/wp-json\/wp\/v2\/tags?post=2393"},{"taxonomy":"author","embeddable":true,"href":"https:\/\/andresmanjon.es\/index.php\/wp-json\/wp\/v2\/ppma_author?post=2393"}],"curies":[{"name":"wp","href":"https:\/\/api.w.org\/{rel}","templated":true}]}}