{"id":1744,"date":"2024-10-07T23:32:27","date_gmt":"2024-10-07T22:32:27","guid":{"rendered":"https:\/\/andresmanjon.es\/?p=1744"},"modified":"2024-10-08T16:40:23","modified_gmt":"2024-10-08T15:40:23","slug":"la-virgen-del-rosario","status":"publish","type":"post","link":"https:\/\/andresmanjon.es\/index.php\/2024\/10\/07\/la-virgen-del-rosario\/","title":{"rendered":"La Virgen del Rosario: Patrona de las Escuelas del Ave Mar\u00eda"},"content":{"rendered":"<figure id=\"attachment_1761\" aria-describedby=\"caption-attachment-1761\" style=\"width: 200px\" class=\"wp-caption alignright\"><img data-recalc-dims=\"1\" fetchpriority=\"high\" decoding=\"async\" class=\"size-medium wp-image-1761\" src=\"https:\/\/i0.wp.com\/andresmanjon.es\/wp-content\/uploads\/2024\/10\/Nuestra_Senora_del_Rosario_Coronada_Granada.jpg?resize=200%2C300&#038;ssl=1\" alt=\"\" width=\"200\" height=\"300\" srcset=\"https:\/\/i0.wp.com\/andresmanjon.es\/wp-content\/uploads\/2024\/10\/Nuestra_Senora_del_Rosario_Coronada_Granada.jpg?resize=200%2C300&amp;ssl=1 200w, https:\/\/i0.wp.com\/andresmanjon.es\/wp-content\/uploads\/2024\/10\/Nuestra_Senora_del_Rosario_Coronada_Granada.jpg?w=518&amp;ssl=1 518w\" sizes=\"(max-width: 200px) 100vw, 200px\" \/><figcaption id=\"caption-attachment-1761\" class=\"wp-caption-text\"><em>De Pablo H Realejo<\/em><\/figcaption><\/figure>\n<h2><em>La Virgen del Rosario: Patrona de las Escuelas del Ave Mar\u00eda y Su Significado Hist\u00f3rico y Actual para Don Andr\u00e9s Manj\u00f3n<\/em><\/h2>\n<h3><strong>Introducci\u00f3n:<\/strong><\/h3>\n<p>La Virgen del Rosario tiene un lugar muy especial en la historia y el coraz\u00f3n de las Escuelas del Ave Mar\u00eda, fundadas por Don Andr\u00e9s Manj\u00f3n en Granada. Desde 1891, esta advocaci\u00f3n mariana no solo fue nombrada Patrona y Protectora de las Escuelas, sino que el Rosario se convirti\u00f3 en una oraci\u00f3n fundamental en la formaci\u00f3n espiritual y moral de los alumnos. En palabras de Manj\u00f3n, el Rosario ayudaba a \u00abtallar el car\u00e1cter\u00bb de los ni\u00f1os, convirti\u00e9ndose en una herramienta educativa clave en el desarrollo de valores cristianos.<\/p>\n<p>Sin embargo, en el contexto actual, donde los ni\u00f1os y adolescentes viven en un mundo digitalizado y acelerado, el Rosario puede parecer una pr\u00e1ctica distante y compleja. Hoy, en 2024, queremos reflexionar sobre c\u00f3mo retomar esta devoci\u00f3n de manera creativa y accesible para los estudiantes de diferentes edades, desde Infantil hasta Secundaria.<\/p>\n<figure id=\"attachment_1763\" aria-describedby=\"caption-attachment-1763\" style=\"width: 300px\" class=\"wp-caption alignleft\"><img data-recalc-dims=\"1\" decoding=\"async\" class=\"size-medium wp-image-1763\" src=\"https:\/\/i0.wp.com\/andresmanjon.es\/wp-content\/uploads\/2024\/10\/Retablo_y_Camarin_de_Nuestra_Senora_del_Rosario_de_Granada.jpg?resize=300%2C200&#038;ssl=1\" alt=\"\" width=\"300\" height=\"200\" srcset=\"https:\/\/i0.wp.com\/andresmanjon.es\/wp-content\/uploads\/2024\/10\/Retablo_y_Camarin_de_Nuestra_Senora_del_Rosario_de_Granada.jpg?resize=300%2C200&amp;ssl=1 300w, https:\/\/i0.wp.com\/andresmanjon.es\/wp-content\/uploads\/2024\/10\/Retablo_y_Camarin_de_Nuestra_Senora_del_Rosario_de_Granada.jpg?resize=768%2C511&amp;ssl=1 768w, https:\/\/i0.wp.com\/andresmanjon.es\/wp-content\/uploads\/2024\/10\/Retablo_y_Camarin_de_Nuestra_Senora_del_Rosario_de_Granada.jpg?w=778&amp;ssl=1 778w\" sizes=\"(max-width: 300px) 100vw, 300px\" \/><figcaption id=\"caption-attachment-1763\" class=\"wp-caption-text\"><em>De Pablo H Realejo<\/em><\/figcaption><\/figure>\n<h3>La Virgen del Rosario: Reina y Madre en las Escuelas del Ave Mar\u00eda<\/h3>\n<p>El 12 de octubre de 1891, maestros, ni\u00f1os y sacerdotes proclamaron a la Virgen del Rosario como Reina y Madre de las Escuelas del Ave Mar\u00eda, con el objetivo de asegurar su protecci\u00f3n y apoyo espiritual. Manj\u00f3n confiaba plenamente en su intercesi\u00f3n, y este acto se volvi\u00f3 una tradici\u00f3n viva y un compromiso diario. Esta proclamaci\u00f3n oficial fue reforzada en 1907 por el Arzobispo de Granada, consolidando a la Virgen del Rosario como el emblema de las Escuelas\u200b.<\/p>\n<p>El rezo del Rosario era mucho m\u00e1s que una pr\u00e1ctica devocional; se convirti\u00f3 en una tradici\u00f3n diaria donde ni\u00f1os y maestros compart\u00edan oraci\u00f3n y canto, reforzando los valores de humildad, reflexi\u00f3n y paz interior. Don Andr\u00e9s ve\u00eda en el Rosario una forma de \u00abmirar hacia dentro\u00bb y cultivar virtudes esenciales en la formaci\u00f3n de cada alumno\u200b.<\/p>\n<h3>La Importancia del Rosario en la Formaci\u00f3n Espiritual de los Estudiantes<\/h3>\n<p>Don Andr\u00e9s Manj\u00f3n era un firme defensor de una educaci\u00f3n integral que no solo formara acad\u00e9micamente a los estudiantes, sino que tambi\u00e9n fortaleciera su esp\u00edritu. En su obra <em>El Maestro mirando hacia dentro<\/em>, Manj\u00f3n se\u00f1ala que la educaci\u00f3n debe abordar tanto el cuerpo como el alma, y el Rosario es una herramienta poderosa para este fin. A trav\u00e9s de sus misterios, los estudiantes aprenden valores como el sacrificio, la compasi\u00f3n y el amor al pr\u00f3jimo\u200b.<\/p>\n<p>Adem\u00e1s, el programa iconogr\u00e1fico de la capilla del Colegio Ave Mar\u00eda Casa Madre, que incluye representaciones de los misterios gozosos, dolorosos y gloriosos, permite a los estudiantes vivir esta devoci\u00f3n de manera visual y reflexiva. Estas obras ayudan a los alumnos a conectar el Rosario con la vida de Jes\u00fas y Mar\u00eda, integrando la oraci\u00f3n en su aprendizaje cotidiano\u200b.<\/p>\n<h3>\u00bfC\u00f3mo Actualizar el Rosario para los Ni\u00f1os y Adolescentes de 2024?<\/h3>\n<p>Para que el Rosario sea relevante para los estudiantes de hoy, es esencial adaptarlo a su capacidad de atenci\u00f3n, intereses y nivel de comprensi\u00f3n. A continuaci\u00f3n, te propongo un plan de actividades innovadoras y adaptadas por edades, que permite que el rezo del Rosario sea una experiencia significativa y atractiva.<\/p>\n<h4>Plan para Infantil (3-5 a\u00f1os): Introducci\u00f3n Visual y L\u00fadica al Rosario<\/h4>\n<ol>\n<li><strong>Cuentos y canciones sobre los misterios<\/strong>: A trav\u00e9s de cuentos sencillos y canciones, los ni\u00f1os pueden conocer los episodios principales de la vida de Jes\u00fas y Mar\u00eda. Esta actividad no solo facilita el aprendizaje, sino que crea un ambiente alegre y acogedor para los m\u00e1s peque\u00f1os.<\/li>\n<li><strong>Manualidades y rosarios de colores<\/strong>: Cada ni\u00f1o puede crear su propio Rosario con cuentas de colores y otros materiales. Esto los ayuda a familiarizarse con la estructura del Rosario de una forma visual y entretenida.<\/li>\n<li><strong>Juego de los Misterios<\/strong>: Se pueden realizar peque\u00f1os teatros o dramatizaciones de los misterios del Rosario, ayudando a los ni\u00f1os a visualizar y comprender mejor estos eventos de forma activa y participativa.<\/li>\n<\/ol>\n<h4>Plan para Primaria (6-11 a\u00f1os): Comprender el Rosario y Conectar con sus Valores<\/h4>\n<ol>\n<li><strong>El Rosario en im\u00e1genes<\/strong>: Utilizando el programa iconogr\u00e1fico de la capilla de Casa Madre, los estudiantes pueden conocer cada misterio a trav\u00e9s de una breve explicaci\u00f3n y reflexi\u00f3n visual. Cada mes se puede estudiar un misterio en profundidad, relacion\u00e1ndolo con un valor espec\u00edfico (ej., la humildad en la Anunciaci\u00f3n).<\/li>\n<li><strong>Oraci\u00f3n compartida en grupo<\/strong>: A trav\u00e9s de din\u00e1micas de oraci\u00f3n en peque\u00f1os grupos, los ni\u00f1os pueden rezar una decena juntos y reflexionar sobre c\u00f3mo pueden aplicar el valor del misterio en su vida diaria.<\/li>\n<li><strong>Aplicaciones y recursos digitales<\/strong>: Existen apps interactivas del Rosario donde los estudiantes pueden seguir la oraci\u00f3n con audio y texto, haci\u00e9ndola m\u00e1s accesible y atractiva en sus dispositivos.<\/li>\n<\/ol>\n<h4>Plan para Secundaria (12-16 a\u00f1os): Reflexi\u00f3n Profunda y Conexi\u00f3n Personal<\/h4>\n<ol>\n<li><strong>Di\u00e1logos y debates sobre los misterios<\/strong>: Los estudiantes pueden reunirse para reflexionar sobre el significado de cada misterio y compartir c\u00f3mo estos eventos b\u00edblicos pueden conectarse con sus propias experiencias de vida. Esto convierte el Rosario en una herramienta de autoconocimiento y crecimiento personal.<\/li>\n<li><strong>Rosario y meditaci\u00f3n<\/strong>: Integrar el Rosario como una pr\u00e1ctica de meditaci\u00f3n, permitiendo que cada misterio invite a la introspecci\u00f3n y a la b\u00fasqueda de paz interior. Los estudiantes pueden utilizar espacios de silencio y reflexi\u00f3n despu\u00e9s de cada decena.<\/li>\n<li><strong>Servicio comunitario inspirado en los misterios<\/strong>: Cada misterio del Rosario puede inspirar una acci\u00f3n concreta de servicio a la comunidad. Por ejemplo, el misterio de la Visitaci\u00f3n puede motivar a los estudiantes a realizar actos de amabilidad o voluntariado, uniendo la oraci\u00f3n con el servicio activo.<\/li>\n<\/ol>\n<h2>IM\u00c1GENES PARA EL REZO DEL ROSARIO CON NI\u00d1OS<\/h2>\n<p><img data-recalc-dims=\"1\" decoding=\"async\" class=\"aligncenter wp-image-1776 size-full\" src=\"https:\/\/i0.wp.com\/andresmanjon.es\/wp-content\/uploads\/2024\/10\/rosario.webp?resize=450%2C576&#038;ssl=1\" alt=\"\" width=\"450\" height=\"576\" srcset=\"https:\/\/i0.wp.com\/andresmanjon.es\/wp-content\/uploads\/2024\/10\/rosario.webp?w=450&amp;ssl=1 450w, https:\/\/i0.wp.com\/andresmanjon.es\/wp-content\/uploads\/2024\/10\/rosario.webp?resize=234%2C300&amp;ssl=1 234w\" sizes=\"(max-width: 450px) 100vw, 450px\" \/><\/p>\n<p>&nbsp;<\/p>\n<h2 class=\"post-title entry-title\">MISTERIOS GOZOSOS DEL ROSARIO (LUNES Y S\u00c1BADOS)<\/h2>\n<div><img data-recalc-dims=\"1\" loading=\"lazy\" decoding=\"async\" class=\"aligncenter wp-image-1746 size-full\" src=\"https:\/\/i0.wp.com\/andresmanjon.es\/wp-content\/uploads\/2024\/10\/misterios_gozosos.jpg?resize=786%2C295&#038;ssl=1\" alt=\"Misterios Gozosoa\" width=\"786\" height=\"295\" srcset=\"https:\/\/i0.wp.com\/andresmanjon.es\/wp-content\/uploads\/2024\/10\/misterios_gozosos.jpg?w=786&amp;ssl=1 786w, https:\/\/i0.wp.com\/andresmanjon.es\/wp-content\/uploads\/2024\/10\/misterios_gozosos.jpg?resize=300%2C113&amp;ssl=1 300w, https:\/\/i0.wp.com\/andresmanjon.es\/wp-content\/uploads\/2024\/10\/misterios_gozosos.jpg?resize=768%2C288&amp;ssl=1 768w\" sizes=\"(max-width: 786px) 100vw, 786px\" \/><\/div>\n<div><\/div>\n<h4><b><span class=\"Apple-style-span\">1- La Anunciaci\u00f3n<\/span><\/b><\/h4>\n<div style=\"padding-left: 40px;\"><em><span class=\"Apple-style-span\">\u201cEl \u00e1ngel le dijo: No temas, Mar\u00eda, porque has hallado gracia delante de Dios, vas a concebir en el seno y vas a dar a luz un hijo, a quien pondr\u00e1s por nombre Jes\u00fas. El ser\u00e1 grande y ser\u00e1 llamado Hijo del Alt\u00edsimo (&#8230;). Dijo Mar\u00eda: He aqu\u00ed la esclava del Se\u00f1or; h\u00e1gase en m\u00ed seg\u00fan t\u00fa palabra.\u201d(Lucas 1, 30-32, 38)<\/span><\/em><\/div>\n<h4><b><span class=\"Apple-style-span\">2- La Visitaci\u00f3n (de Mar\u00eda a su prima Santa Isabel)<\/span><\/b><\/h4>\n<div style=\"padding-left: 40px;\"><em><span class=\"Apple-style-span\">\u201cEn aquellos d\u00edas, se levanto Mar\u00eda y se fue con prontitud a la regi\u00f3n monta\u00f1osa, a una ciudad de Jud\u00e1; entr\u00f3 en casa de Zacar\u00edas y salud\u00f3 a Isabel. Y sucedi\u00f3 que, en cuanto oy\u00f3 Isabel el saludo de Mar\u00eda, salt\u00f3 de gozo el ni\u00f1o en su seno, e Isabel qued\u00f3 llena del Esp\u00edritu Santo; y exclamando con gran voz, dijo: bendita t\u00fa entre las mujeres y bendito el fruto de tu vientre; y \u00bfde donde a m\u00ed que la madre de mi Se\u00f1or venga a visitarme?\u201d (Lucas 1, 39-43)<\/span><\/em><\/div>\n<h4><b><span class=\"Apple-style-span\">3- El Nacimiento de Jes\u00fas<\/span><\/b><\/h4>\n<div style=\"padding-left: 40px;\"><em><span class=\"Apple-style-span\">\u201cY sucedi\u00f3 que, mientras ellos estaban all\u00ed se cumplieron los d\u00edas del alumbramiento, y dio a luz a su hijo primog\u00e9nito, le envolvi\u00f3 en pa\u00f1ales y le acost\u00f3 en un pesebre, porque no ten\u00edan sitio en el\u00a0<\/span><span class=\"Apple-style-span\">alojamiento. Hab\u00eda en la misma comarca algunos pastores (&#8230;) se les present\u00f3 el \u00c1ngel del Se\u00f1or, (&#8230;)y les dijo: no tem\u00e1is, pues os anuncio una gran alegr\u00eda, (&#8230;) os ha nacido (&#8230;) un salvador.\u201d <\/span><\/em><em><span class=\"Apple-style-span\">(Lucas 2, 6-11)<\/span><\/em><span class=\"Apple-style-span\"><\/span><\/div>\n<h4><b><span class=\"Apple-style-span\">4- La Presentaci\u00f3n<\/span><\/b><\/h4>\n<div style=\"padding-left: 40px;\"><em><span class=\"Apple-style-span\">\u201cLlevaron a Jes\u00fas a Jerusal\u00e9n para presentarle al Se\u00f1or, como est\u00e1 escrito en la Ley del Se\u00f1or. (&#8230;) Y he aqu\u00ed que hab\u00eda en Jerusal\u00e9n un hombre llamado Sime\u00f3n que esperaba la consolaci\u00f3n de Israel; y <\/span><\/em><em><span class=\"Apple-style-span\">estaba en \u00e9l el Esp\u00edritu Santo. (&#8230;)Sime\u00f3n les bendijo y dijo a Mar\u00eda, su madre: \u00c9ste est\u00e1 puesto para ca\u00edda y elevaci\u00f3n de muchos en Israel, y para ser se\u00f1al de contradicci\u00f3n- \u00a1y a ti misma una espada te traspasar\u00e1 el alma!- a fin de que queden al descubierto las intenciones de muchos corazones.\u201d\u00a0(Lc 2, 22-25, 34-35)<\/span><\/em><\/div>\n<div><\/div>\n<h4><b><span class=\"Apple-style-span\">5- El Ni\u00f1o Perdido y Hallado en el Templo<\/span><\/b><\/h4>\n<div style=\"text-align: left; padding-left: 40px;\"><em><span class=\"Apple-style-span\">\u201cSus padres iban todos los a\u00f1os a Jerusal\u00e9n a la fiesta de la Pascua. (&#8230;) Subieron ellos como de costumbre a la fiesta y, al volverse, pasados los d\u00edas, el ni\u00f1o Jes\u00fas se qued\u00f3 en Jerusal\u00e9n, sin saberlo sus padres(&#8230;). Se volvieron a Jerusal\u00e9n en su busca(&#8230;). Al cabo de tres d\u00edas, le encontraron en el templo sentado en medio de los maestros, escuch\u00e1ndoles y pregunt\u00e1ndoles; todos los que le o\u00edan, estaban estupefactos por su inteligencia y sus respuestas.\u201d (Lc 2, 41-47) \u00a0<\/span><\/em><\/div>\n<div><\/div>\n<div><img data-recalc-dims=\"1\" loading=\"lazy\" decoding=\"async\" class=\"aligncenter wp-image-1745 size-full\" title=\"Misterios Gozosos BYN\" src=\"https:\/\/i0.wp.com\/andresmanjon.es\/wp-content\/uploads\/2024\/10\/misterios_gozosos_bn.jpg?resize=786%2C295&#038;ssl=1\" alt=\"Misterios Gozosos BYN\" width=\"786\" height=\"295\" srcset=\"https:\/\/i0.wp.com\/andresmanjon.es\/wp-content\/uploads\/2024\/10\/misterios_gozosos_bn.jpg?w=786&amp;ssl=1 786w, https:\/\/i0.wp.com\/andresmanjon.es\/wp-content\/uploads\/2024\/10\/misterios_gozosos_bn.jpg?resize=300%2C113&amp;ssl=1 300w, https:\/\/i0.wp.com\/andresmanjon.es\/wp-content\/uploads\/2024\/10\/misterios_gozosos_bn.jpg?resize=768%2C288&amp;ssl=1 768w\" sizes=\"(max-width: 786px) 100vw, 786px\" \/><\/div>\n<div><img data-recalc-dims=\"1\" loading=\"lazy\" decoding=\"async\" class=\"aligncenter wp-image-1772 size-full\" title=\"Momentos Gozosos\" src=\"https:\/\/i0.wp.com\/andresmanjon.es\/wp-content\/uploads\/2024\/10\/odres-nuevos-misterios-gozosos-bn-texto.jpeg?resize=497%2C702&#038;ssl=1\" alt=\"Momentos Gozosos\" width=\"497\" height=\"702\" srcset=\"https:\/\/i0.wp.com\/andresmanjon.es\/wp-content\/uploads\/2024\/10\/odres-nuevos-misterios-gozosos-bn-texto.jpeg?w=497&amp;ssl=1 497w, https:\/\/i0.wp.com\/andresmanjon.es\/wp-content\/uploads\/2024\/10\/odres-nuevos-misterios-gozosos-bn-texto.jpeg?resize=212%2C300&amp;ssl=1 212w\" sizes=\"(max-width: 497px) 100vw, 497px\" \/><\/div>\n<div>\n<hr \/>\n<h2 class=\"post-title entry-title\">MISTERIOS LUMINOSOS DEL ROSARIO (JUEVES)<\/h2>\n<div><img data-recalc-dims=\"1\" loading=\"lazy\" decoding=\"async\" class=\"aligncenter wp-image-1749 size-full\" src=\"https:\/\/i0.wp.com\/andresmanjon.es\/wp-content\/uploads\/2024\/10\/misterios_luminosos-2.jpg?resize=786%2C295&#038;ssl=1\" alt=\"\" width=\"786\" height=\"295\" srcset=\"https:\/\/i0.wp.com\/andresmanjon.es\/wp-content\/uploads\/2024\/10\/misterios_luminosos-2.jpg?w=786&amp;ssl=1 786w, https:\/\/i0.wp.com\/andresmanjon.es\/wp-content\/uploads\/2024\/10\/misterios_luminosos-2.jpg?resize=300%2C113&amp;ssl=1 300w, https:\/\/i0.wp.com\/andresmanjon.es\/wp-content\/uploads\/2024\/10\/misterios_luminosos-2.jpg?resize=768%2C288&amp;ssl=1 768w\" sizes=\"(max-width: 786px) 100vw, 786px\" \/><\/div>\n<h4><b><span class=\"Apple-style-span\">1- Bautismo en el Jord\u00e1n<\/span><\/b><\/h4>\n<div style=\"padding-left: 40px;\"><em><span class=\"Apple-style-span\">\u201cEntonces aparece Jes\u00fas, que viene de Galilea al Jord\u00e1n donde Juan, para ser bautizado por \u00e9l. Sali\u00f3 luego del agua; y en esto se abrieron los cielos y vio al Esp\u00edritu de Dios que bajaba en forma de paloma y ven\u00eda sobre \u00e9l. Y una voz que sal\u00eda de los cielos dec\u00eda: Este es mi Hijo amado, en quien yo me complazco.\u201d (Mt 3, 13, 16-17)<\/span><\/em><\/div>\n<h4><b><span class=\"Apple-style-span\">2- Milagro en las bodas del Can\u00e1<\/span><\/b><\/h4>\n<div style=\"padding-left: 40px;\"><em><span class=\"Apple-style-span\">\u201cSe celebraba una boda en Can\u00e1 de Galilea y estaba all\u00ed la madre de Jes\u00fas. Fue invitado tambi\u00e9n a la boda Jes\u00fas con sus disc\u00edpulos. Y, como faltaba vino, porque se hab\u00eda acabado el vino de la boda, le dice a Jes\u00fas su madre: No tienen vino. Jes\u00fas le responde: \u00bfQu\u00e9 tengo yo contigo, mujer? Todav\u00eda no ha llegado mi hora. Dice su madre a los sirvientes: Haced lo que \u00e9l os diga.\u201d(Jn 2,1-5)<\/span><\/em><\/div>\n<h4><b><span class=\"Apple-style-span\">3- Anuncio del Reino de Dios, invitando a la conversi\u00f3n<\/span><\/b><\/h4>\n<div style=\"padding-left: 40px;\"><em><span class=\"Apple-style-span\">\u201cMarch\u00f3 Jes\u00fas a Galilea; y proclamaba la Buena Nueva de Dios: El tiempo se ha cumplido y el Reino de Dios est\u00e1 cerca; convert\u00edos y creed en la Buena Nueva (&#8230;). Luego llegan a Cafarna\u00fam (&#8230;) y le vienen a traer a un paral\u00edtico. (&#8230;) Al no poder present\u00e1rselo a causa de la multitud, abrieron el techo (&#8230;) y a trav\u00e9s de la abertura que hicieron, descolgaron la camilla donde yac\u00eda el paral\u00edtico. Viendo Jes\u00fas la fe de ellos, dice al paral\u00edtico: Hijo, tus pecados te son perdonados (&#8230;), a ti te digo, lev\u00e1ntate, toma tu camilla y vete a tu casa.\u201d(Mc 1, 15, 21; 2,3-11; Lc 7, 47-48)<\/span><\/em><\/div>\n<div style=\"padding-left: 40px;\"><em><span class=\"Apple-style-span\">Por eso te digo que quedan perdonados sus muchos pecados, porque ha mostrado mucho amor. A quien poco se le perdona,poco amor muestra.\u00bb Y le dijo a ella: \u00abTus pecados quedan perdonados.\u00bb<\/span><\/em><\/div>\n<div style=\"padding-left: 40px;\"><em><span class=\"Apple-style-span\">(Lc 7, 47-48) <\/span><\/em><\/div>\n<h4><b><span class=\"Apple-style-span\">4- La Transfiguraci\u00f3n<\/span><\/b><\/h4>\n<div style=\"padding-left: 40px;\"><em><span class=\"Apple-style-span\">\u201cSeis d\u00edas despu\u00e9s, toma Jes\u00fas consigo a Pedro, a Santiago y a su hermano Juan, y los lleva aparte, a un monte alto. Y se transfigur\u00f3 delante de ellos: su rostro se puso brillante como el sol y sus vestidos se volvieron blancos como la luz. En esto, se les aparecieron Mois\u00e9s y El\u00edas que conversaban con \u00e9l. (&#8230;) Una nube luminosa los cubri\u00f3 con su sombra y de la nube sal\u00eda una voz que dec\u00eda: Este es mi Hijo amado, en quien me complazco; escuchadle.\u00bb(Mt 17, 1-3, 5) <\/span><\/em><\/div>\n<h4><b><span class=\"Apple-style-span\">5- Instituci\u00f3n de la Eucarist\u00eda.<\/span><\/b><\/h4>\n<div style=\"padding-left: 40px;\"><em><span class=\"Apple-style-span\">\u201cSabiendo Jes\u00fas, que hab\u00eda llegado su hora de pasar de este mundo al Padre, habiendo amado a los suyos que estaban en el mundo, los am\u00f3 hasta el extremo\u201d. Y \u201cmientras estaban comiendo, tom\u00f3 Jes\u00fas pan y lo bendijo, lo parti\u00f3 y, d\u00e1ndoselo a sus disc\u00edpulos, dijo: Tomad, comed, \u00e9ste es mi cuerpo. Tom\u00f3 luego una copa y, dadas las gracias, se la dio diciendo: bebed de ella todos, porque \u00e9sta es mi sangre de la Alianza que es derramada por muchos para perd\u00f3n de los pecados\u201d .(Jn, 13, 1; Mt 26, 26-29)<\/span><\/em><\/div>\n<div><img data-recalc-dims=\"1\" loading=\"lazy\" decoding=\"async\" class=\"aligncenter wp-image-1750 size-full\" src=\"https:\/\/i0.wp.com\/andresmanjon.es\/wp-content\/uploads\/2024\/10\/misterios_luminosos_bn.jpg?resize=786%2C295&#038;ssl=1\" alt=\"\" width=\"786\" height=\"295\" srcset=\"https:\/\/i0.wp.com\/andresmanjon.es\/wp-content\/uploads\/2024\/10\/misterios_luminosos_bn.jpg?w=786&amp;ssl=1 786w, https:\/\/i0.wp.com\/andresmanjon.es\/wp-content\/uploads\/2024\/10\/misterios_luminosos_bn.jpg?resize=300%2C113&amp;ssl=1 300w, https:\/\/i0.wp.com\/andresmanjon.es\/wp-content\/uploads\/2024\/10\/misterios_luminosos_bn.jpg?resize=768%2C288&amp;ssl=1 768w\" sizes=\"(max-width: 786px) 100vw, 786px\" \/><\/div>\n<\/div>\n<div><\/div>\n<div><img data-recalc-dims=\"1\" loading=\"lazy\" decoding=\"async\" class=\"aligncenter wp-image-1773 size-full\" title=\"Momentos Luminosos\" src=\"https:\/\/i0.wp.com\/andresmanjon.es\/wp-content\/uploads\/2024\/10\/odres-nuevos-misterios-luminosos-texto-bn.jpeg?resize=497%2C702&#038;ssl=1\" alt=\"Momentos Luminosos\" width=\"497\" height=\"702\" srcset=\"https:\/\/i0.wp.com\/andresmanjon.es\/wp-content\/uploads\/2024\/10\/odres-nuevos-misterios-luminosos-texto-bn.jpeg?w=497&amp;ssl=1 497w, https:\/\/i0.wp.com\/andresmanjon.es\/wp-content\/uploads\/2024\/10\/odres-nuevos-misterios-luminosos-texto-bn.jpeg?resize=212%2C300&amp;ssl=1 212w\" sizes=\"(max-width: 497px) 100vw, 497px\" \/><\/div>\n<div>\n<hr \/>\n<h2 class=\"post-title entry-title\">MISTERIOS DOLOROSOS DEL ROSARIO (MARTES Y VIERNES)<\/h2>\n<p><img data-recalc-dims=\"1\" loading=\"lazy\" decoding=\"async\" class=\"aligncenter wp-image-1754 size-full\" src=\"https:\/\/i0.wp.com\/andresmanjon.es\/wp-content\/uploads\/2024\/10\/misterios_dolorosos.jpg?resize=786%2C295&#038;ssl=1\" alt=\"\" width=\"786\" height=\"295\" srcset=\"https:\/\/i0.wp.com\/andresmanjon.es\/wp-content\/uploads\/2024\/10\/misterios_dolorosos.jpg?w=786&amp;ssl=1 786w, https:\/\/i0.wp.com\/andresmanjon.es\/wp-content\/uploads\/2024\/10\/misterios_dolorosos.jpg?resize=300%2C113&amp;ssl=1 300w, https:\/\/i0.wp.com\/andresmanjon.es\/wp-content\/uploads\/2024\/10\/misterios_dolorosos.jpg?resize=768%2C288&amp;ssl=1 768w\" sizes=\"(max-width: 786px) 100vw, 786px\" \/><\/p>\n<h4><b><span class=\"Apple-style-span\">1- Oraci\u00f3n de Jes\u00fas en el huerto<\/span><\/b><\/h4>\n<div style=\"padding-left: 40px;\"><em><span class=\"Apple-style-span\">\u201cVa Jes\u00fas con ellos a una propiedad llamada Getseman\u00ed, y dice a los disc\u00edpulos: Sientense aqu\u00ed, mientras voy all\u00e1 a orar. Y tomando consigo a Pedro y a los dos hijos de Zebedeo, comenz\u00f3 a sentir tristeza y angustia. Y adelant\u00e1ndose un poco, cay\u00f3 rostro en tierra, y dijo: \u201cPadre si quieres aparta de m\u00ed esta copa, pero no se haga mi voluntad sino la tuya\u00bb.Y sumido en agon\u00eda, insist\u00eda m\u00e1s en su oraci\u00f3n. Su sudor se hizo como gotas espesas de sangre que ca\u00edan en tierra\u201d (Mt 26, 36-37; Lc 22, 41-44; Lc 22, 39-46).<\/span><\/em><\/div>\n<h4><b><span class=\"Apple-style-span\">2- Jes\u00fas es flagelado<\/span><\/b><\/h4>\n<div style=\"padding-left: 40px;\"><em><span class=\"Apple-style-span\">\u00abPilato volvi\u00f3 a salir donde los jud\u00edos y les dijo: \u00abYo no encuentro ning\u00fan delito en \u00e9l (&#8230;). \u00bfQuieren, pues, que lo ponga en libertad al Rey de los jud\u00edos?\u00bb Ellos volvieron a gritar diciendo: \u00ab\u00a1A \u00e9se, no; a Barrab\u00e1s!\u00bb (&#8230;) Pilato entonces tom\u00f3 a Jes\u00fas y mand\u00f3 azotarle\u201d.(Jn 18, 33, 19;1)<\/span><\/em><\/div>\n<h4><b><span class=\"Apple-style-span\">3- La coronaci\u00f3n de espinas<\/span><\/b><\/h4>\n<div style=\"padding-left: 40px;\"><em><span class=\"Apple-style-span\">\u00abLos soldados trenzando una corona de espinas, se la pusieron sobre su cabeza, y en su mano derecha una ca\u00f1a; y doblando la rodilla delante de \u00e9l, le hac\u00edan burla diciendo: \u00ab\u00a1Salve, Rey de los jud\u00edos!\u00bb; y despu\u00e9s de escupirle, cogieron la ca\u00f1a y le golpeaban en la cabeza.\u201d (Mt 27, 29-30)<\/span><\/em><\/div>\n<h4><b><span class=\"Apple-style-span\">4- Jesus con la cruz a cuestas y camino al Calvario.<\/span><\/b><\/h4>\n<div style=\"padding-left: 40px;\"><em><span class=\"Apple-style-span\">\u201cCuando se hubieron burlado de \u00e9l, le quitaron el manto, le pusieron sus ropas y le llevaron a crucificarle. Y \u00e9l cargando con su cruz, sali\u00f3 hacia el lugar llamado Calvario. Y obligaron a uno que pasaba, a Sim\u00f3n de Cirene, (&#8230;) a que llevara su cruz.\u201d(Mt, 27, 31; Jn 19, 17; Mc 15, 21)<\/span><\/em><\/div>\n<h4><b><span class=\"Apple-style-span\">5- Muerte de Jes\u00fas en la cruz<\/span><\/b><\/h4>\n<div style=\"padding-left: 40px;\"><em><span class=\"Apple-style-span\">\u201cLlegados al lugar llamado Calvario, le crucificaron. (&#8230;) Jes\u00fas dec\u00eda: Padre, perd\u00f3nales, porque no saben lo que hacen (&#8230;). Era ya cerca de la hora sexta cuando, al eclipsarse el sol, hubo oscuridad sobre toda la tierra hasta la hora nona (&#8230;). Jes\u00fas, dando un fuerte grito, dijo: \u00abPadre, en tus manos encomiendo mi esp\u00edritu\u00bb y, dicho esto, expir\u00f3. Como le vieron muerto, no le quebraron las piernas, sino que uno de los soldados le traspas\u00f3 el costado con una lanza y al instante sali\u00f3 sangre y agua.\u201d (Lc 23, 33-34, 44-46; Jn 19, 33-35)<\/span><\/em><\/div>\n<div><img data-recalc-dims=\"1\" loading=\"lazy\" decoding=\"async\" class=\"aligncenter wp-image-1753 size-full\" src=\"https:\/\/i0.wp.com\/andresmanjon.es\/wp-content\/uploads\/2024\/10\/misterios_dolorosos_bn.jpg?resize=786%2C295&#038;ssl=1\" alt=\"\" width=\"786\" height=\"295\" srcset=\"https:\/\/i0.wp.com\/andresmanjon.es\/wp-content\/uploads\/2024\/10\/misterios_dolorosos_bn.jpg?w=786&amp;ssl=1 786w, https:\/\/i0.wp.com\/andresmanjon.es\/wp-content\/uploads\/2024\/10\/misterios_dolorosos_bn.jpg?resize=300%2C113&amp;ssl=1 300w, https:\/\/i0.wp.com\/andresmanjon.es\/wp-content\/uploads\/2024\/10\/misterios_dolorosos_bn.jpg?resize=768%2C288&amp;ssl=1 768w\" sizes=\"(max-width: 786px) 100vw, 786px\" \/><\/div>\n<div><\/div>\n<\/div>\n<div><img data-recalc-dims=\"1\" loading=\"lazy\" decoding=\"async\" class=\"aligncenter wp-image-1770 size-full\" title=\"Momentos Dolorosos\" src=\"https:\/\/i0.wp.com\/andresmanjon.es\/wp-content\/uploads\/2024\/10\/odres-nuevos-misterios-dolorosos-bn-texto.jpeg?resize=497%2C702&#038;ssl=1\" alt=\"Momentos Dolorosos\" width=\"497\" height=\"702\" srcset=\"https:\/\/i0.wp.com\/andresmanjon.es\/wp-content\/uploads\/2024\/10\/odres-nuevos-misterios-dolorosos-bn-texto.jpeg?w=497&amp;ssl=1 497w, https:\/\/i0.wp.com\/andresmanjon.es\/wp-content\/uploads\/2024\/10\/odres-nuevos-misterios-dolorosos-bn-texto.jpeg?resize=212%2C300&amp;ssl=1 212w\" sizes=\"(max-width: 497px) 100vw, 497px\" \/><\/div>\n<div>\n<hr \/>\n<h2 class=\"post-title entry-title\">MISTERIOS GLORIOSOS DEL ROSARIO (MI\u00c9RCOLES Y DOMINGO)<\/h2>\n<p><img data-recalc-dims=\"1\" loading=\"lazy\" decoding=\"async\" class=\"aligncenter wp-image-1758 size-full\" src=\"https:\/\/i0.wp.com\/andresmanjon.es\/wp-content\/uploads\/2024\/10\/misterios_gloriosos.jpg?resize=786%2C295&#038;ssl=1\" alt=\"\" width=\"786\" height=\"295\" srcset=\"https:\/\/i0.wp.com\/andresmanjon.es\/wp-content\/uploads\/2024\/10\/misterios_gloriosos.jpg?w=786&amp;ssl=1 786w, https:\/\/i0.wp.com\/andresmanjon.es\/wp-content\/uploads\/2024\/10\/misterios_gloriosos.jpg?resize=300%2C113&amp;ssl=1 300w, https:\/\/i0.wp.com\/andresmanjon.es\/wp-content\/uploads\/2024\/10\/misterios_gloriosos.jpg?resize=768%2C288&amp;ssl=1 768w\" sizes=\"(max-width: 786px) 100vw, 786px\" \/><\/p>\n<h4><b><span class=\"Apple-style-span\">1- La Resurrecci\u00f3n del Se\u00f1or<\/span><\/b><\/h4>\n<div style=\"padding-left: 40px;\"><em><span class=\"Apple-style-span\">\u201cEl \u00c1ngel se dirigi\u00f3 a las mujeres y les dijo: No teman, pues s\u00e9 que buscan a Jes\u00fas, el Crucificado; no est\u00e1 aqu\u00ed, ha resucitado, como lo hab\u00eda dicho. Vengan, miren el lugar donde estaba. Y ahora vayan en seguida a decir a sus disc\u00edpulos: Ha resucitado de entre los muertos\u201d(Mt 28, 5-6)<\/span><\/em><\/div>\n<h4><b><span class=\"Apple-style-span\">2- La Ascensi\u00f3n<\/span><\/b><\/h4>\n<div style=\"padding-left: 40px;\"><em><span class=\"Apple-style-span\">Jes\u00fas los sac\u00f3 hasta cerca de Betania y, alzando sus manos, los bendijo. Y sucedi\u00f3 que, mientras los bendec\u00eda se separ\u00f3 de ellos y fue llevado al cielo. Despu\u00e9s salieron a predicar por todas partes, colaborando el Se\u00f1or con ellos y confirmando la Palabra con las se\u00f1ales que la acompa\u00f1aban.\u201d(Lc 24, 50-51; Mc 16, 20)<\/span><\/em><\/div>\n<h4><b><span class=\"Apple-style-span\">3- La Venida del Esp\u00edritu Santo en Pentecost\u00e9s<\/span><\/b><\/h4>\n<div style=\"padding-left: 40px;\"><em><span class=\"Apple-style-span\">\u201cTodos ellos perseveraban en la oraci\u00f3n, con un mismo esp\u00edritu en compa\u00f1\u00eda de algunas mujeres, de Mar\u00eda, la madre de Jes\u00fas, y de sus hermanos. \u00a0Al llegar el d\u00eda de Pentecost\u00e9s, estaban todos reunidos en un mismo lugar. De repente vino del cielo un ruido \u00a0que llen\u00f3 toda la casa en la que se encontraban. Se les aparecieron unas lenguas como de fuego que se repartieron y se posaron sobre cada uno de ellos; quedaron todos llenos del Esp\u00edritu Santo y se pusieron a hablar en otras lenguas, seg\u00fan el Esp\u00edritu les conced\u00eda expresarse.\u201d\u00a0<\/span><span class=\"Apple-style-span\">(Hch 1, 14; 2, 1-4)<\/span><\/em><\/div>\n<h4><b><span class=\"Apple-style-span\">4- La Asunci\u00f3n de la Virgen Sant\u00edsima<\/span><\/b><\/h4>\n<div style=\"padding-left: 40px;\"><em><span class=\"Apple-style-span\">\u201c\u00a1Lev\u00e1ntate, amada m\u00eda, hermosa m\u00eda, y vente! Porque, mira, ha pasado ya el invierno, han cesado las lluvias y se han ido. Mu\u00e9strame tu semblante, d\u00e9jame o\u00edr tu voz; porque tu voz es dulce, y bello tu semblante.\u201d <\/span><span class=\"Apple-style-span\">(Ct 2, 10-11, 14) <\/span><\/em><\/div>\n<h4><b><span class=\"Apple-style-span\">5 -La Coronaci\u00f3n de la Virgen Sant\u00edsima como Reina de Cielos y Tierra.<\/span><\/b><\/h4>\n<div style=\"padding-left: 40px;\"><em><span class=\"Apple-style-span\">\u201cToda espl\u00e9ndida, la hija del rey, va adentro, con vestidos en oro recamados; con sus brocados es llevada ante el rey.\u201d Y \u201cuna gran se\u00f1al apareci\u00f3 en el cielo; una mujer, vestida del sol, con la luna bajo sus pies, y una corona de doce estrellas sobre su cabeza.\u201d \u00a0(Sal. 45, 14-15; Ap 11, 19;12, 1)<\/span><\/em><\/div>\n<div><\/div>\n<\/div>\n<div><img data-recalc-dims=\"1\" loading=\"lazy\" decoding=\"async\" class=\"aligncenter wp-image-1757 size-full\" src=\"https:\/\/i0.wp.com\/andresmanjon.es\/wp-content\/uploads\/2024\/10\/misterios_gloriosos_bn.jpg?resize=786%2C295&#038;ssl=1\" alt=\"\" width=\"786\" height=\"295\" srcset=\"https:\/\/i0.wp.com\/andresmanjon.es\/wp-content\/uploads\/2024\/10\/misterios_gloriosos_bn.jpg?w=786&amp;ssl=1 786w, https:\/\/i0.wp.com\/andresmanjon.es\/wp-content\/uploads\/2024\/10\/misterios_gloriosos_bn.jpg?resize=300%2C113&amp;ssl=1 300w, https:\/\/i0.wp.com\/andresmanjon.es\/wp-content\/uploads\/2024\/10\/misterios_gloriosos_bn.jpg?resize=768%2C288&amp;ssl=1 768w\" sizes=\"(max-width: 786px) 100vw, 786px\" \/><\/div>\n<div><\/div>\n<h2><a href=\"https:\/\/i0.wp.com\/andresmanjon.es\/wp-content\/uploads\/2024\/10\/odres-nuevos-misterios-gloriosos-texto-bn-2.jpeg?ssl=1\"><img data-recalc-dims=\"1\" loading=\"lazy\" decoding=\"async\" class=\"aligncenter wp-image-1771 size-full\" title=\"Momentos Gloriosos\" src=\"https:\/\/i0.wp.com\/andresmanjon.es\/wp-content\/uploads\/2024\/10\/odres-nuevos-misterios-gloriosos-texto-bn-2.jpeg?resize=497%2C702&#038;ssl=1\" alt=\"Momentos Gloriosos\" width=\"497\" height=\"702\" srcset=\"https:\/\/i0.wp.com\/andresmanjon.es\/wp-content\/uploads\/2024\/10\/odres-nuevos-misterios-gloriosos-texto-bn-2.jpeg?w=497&amp;ssl=1 497w, https:\/\/i0.wp.com\/andresmanjon.es\/wp-content\/uploads\/2024\/10\/odres-nuevos-misterios-gloriosos-texto-bn-2.jpeg?resize=212%2C300&amp;ssl=1 212w\" sizes=\"(max-width: 497px) 100vw, 497px\" \/><\/a>DESCARGAS<\/h2>\n<div class='w3eden'><!-- WPDM Link Template: Default Template -->\n\n<div class=\"link-template-default card mb-2\">\n    <div class=\"card-body\">\n        <div class=\"media\">\n            <div class=\"mr-3 img-48\"><img decoding=\"async\" class=\"wpdm_icon\" alt=\"Icono\" src=\"https:\/\/andresmanjon.es\/wp-content\/plugins\/download-manager\/assets\/file-type-icons\/pdf.svg\" \/><\/div>\n            <div class=\"media-body\">\n                <h3 class=\"package-title\"><a href='https:\/\/andresmanjon.es\/index.php\/download\/rezo-del-rosario-con-ninos-imagenes\/'>REZO DEL ROSARIO CON NI\u00d1OS - IMAGENES<\/a><\/h3>\n                <div class=\"text-muted text-small\"><i class=\"fas fa-copy\"><\/i> 1 archivo(s) <i class=\"fas fa-hdd ml-3\"><\/i> 13.51 MB<\/div>\n            <\/div>\n            <div class=\"ml-3\">\n                <a class='wpdm-download-link download-on-click btn btn-primary ' rel='nofollow' href='#' data-downloadurl=\"https:\/\/andresmanjon.es\/index.php\/download\/rezo-del-rosario-con-ninos-imagenes\/?wpdmdl=1778&refresh=69f2c7c4a7cfc1777518532\">Descargar<\/a>\n            <\/div>\n        <\/div>\n    <\/div>\n<\/div>\n\n<\/div>\n<h2>ENLACES INTERESANTES<\/h2>\n<div>Fuente: <a href=\"http:\/\/dibujosparacatequesis.blogspot.com\/search\/label\/misterios%20del%20rosario\">http:\/\/dibujosparacatequesis.blogspot.com\/search\/label\/misterios%20del%20rosario<\/a><\/div>\n<div>Fuente: <a href=\"https:\/\/odresnuevos.es\/2020\/10\/19\/un-favor-fano\/\">https:\/\/odresnuevos.es\/2020\/10\/19\/un-favor-fano\/<\/a><\/div>\n","protected":false},"excerpt":{"rendered":"<p>La Virgen del Rosario: Patrona de las Escuelas del Ave Mar\u00eda y Su Significado Hist\u00f3rico y Actual para Don Andr\u00e9s Manj\u00f3n Introducci\u00f3n: La Virgen del Rosario tiene un lugar muy especial en la historia y el coraz\u00f3n de las Escuelas del Ave Mar\u00eda, fundadas por Don Andr\u00e9s Manj\u00f3n en Granada. Desde 1891, esta advocaci\u00f3n mariana [&hellip;]<\/p>\n","protected":false},"author":2,"featured_media":1761,"comment_status":"closed","ping_status":"closed","sticky":false,"template":"","format":"standard","meta":{"jetpack_post_was_ever_published":false,"_jetpack_newsletter_access":"","_jetpack_dont_email_post_to_subs":false,"_jetpack_newsletter_tier_id":0,"_jetpack_memberships_contains_paywalled_content":false,"_jetpack_memberships_contains_paid_content":false,"footnotes":""},"categories":[129],"tags":[128,54,125,40,130,131,127,126,124],"ppma_author":[18],"class_list":["post-1744","post","type-post","status-publish","format-standard","has-post-thumbnail","hentry","category-interioridad-manjoniana","tag-actividades-de-fe-para-ninos","tag-don-andres-manjon","tag-educacion-cristiana","tag-escuelas-del-ave-maria","tag-interioridad","tag-interioridad-manjoniana","tag-pedagogia-catolica","tag-rezo-del-rosario","tag-virgen-del-rosario"],"yoast_head":"<!-- This site is optimized with the Yoast SEO plugin v27.5 - https:\/\/yoast.com\/product\/yoast-seo-wordpress\/ -->\n<title>La Virgen del Rosario: Patrona de las Escuelas del Ave Mar\u00eda - MANJON VIVE<\/title>\n<meta name=\"description\" content=\"La Virgen del Rosario como Patrona de las Escuelas del Ave Mar\u00eda, impacto en educaci\u00f3n manjoniana y \u00bfc\u00f3mo adaptar esta devoci\u00f3n en 2024?\" \/>\n<meta name=\"robots\" content=\"index, follow, max-snippet:-1, max-image-preview:large, max-video-preview:-1\" \/>\n<link rel=\"canonical\" href=\"https:\/\/andresmanjon.es\/index.php\/2024\/10\/07\/la-virgen-del-rosario\/\" \/>\n<meta property=\"og:locale\" content=\"es_ES\" \/>\n<meta property=\"og:type\" content=\"article\" \/>\n<meta property=\"og:title\" content=\"La Virgen del Rosario: Patrona de las Escuelas del Ave Mar\u00eda - MANJON VIVE\" \/>\n<meta property=\"og:description\" content=\"La Virgen del Rosario como Patrona de las Escuelas del Ave Mar\u00eda, impacto en educaci\u00f3n manjoniana y \u00bfc\u00f3mo adaptar esta devoci\u00f3n en 2024?\" \/>\n<meta property=\"og:url\" content=\"https:\/\/andresmanjon.es\/index.php\/2024\/10\/07\/la-virgen-del-rosario\/\" \/>\n<meta property=\"og:site_name\" content=\"MANJON VIVE\" \/>\n<meta property=\"article:published_time\" content=\"2024-10-07T22:32:27+00:00\" \/>\n<meta property=\"article:modified_time\" content=\"2024-10-08T15:40:23+00:00\" \/>\n<meta property=\"og:image\" content=\"https:\/\/andresmanjon.es\/wp-content\/uploads\/2024\/10\/Nuestra_Senora_del_Rosario_Coronada_Granada.jpg\" \/>\n\t<meta property=\"og:image:width\" content=\"518\" \/>\n\t<meta property=\"og:image:height\" content=\"778\" \/>\n\t<meta property=\"og:image:type\" content=\"image\/jpeg\" \/>\n<meta name=\"author\" content=\"Enrique Alonso Guardia\" \/>\n<meta name=\"twitter:card\" content=\"summary_large_image\" \/>\n<meta name=\"twitter:label1\" content=\"Escrito por\" \/>\n\t<meta name=\"twitter:data1\" content=\"Enrique Alonso Guardia\" \/>\n\t<meta name=\"twitter:label2\" content=\"Tiempo de lectura\" \/>\n\t<meta name=\"twitter:data2\" content=\"16 minutos\" \/>\n<script type=\"application\/ld+json\" class=\"yoast-schema-graph\">{\"@context\":\"https:\\\/\\\/schema.org\",\"@graph\":[{\"@type\":\"Article\",\"@id\":\"https:\\\/\\\/andresmanjon.es\\\/index.php\\\/2024\\\/10\\\/07\\\/la-virgen-del-rosario\\\/#article\",\"isPartOf\":{\"@id\":\"https:\\\/\\\/andresmanjon.es\\\/index.php\\\/2024\\\/10\\\/07\\\/la-virgen-del-rosario\\\/\"},\"author\":{\"name\":\"Enrique Alonso Guardia\",\"@id\":\"https:\\\/\\\/andresmanjon.es\\\/#\\\/schema\\\/person\\\/c3aa9658a78defc49109499b1f40dc3a\"},\"headline\":\"La Virgen del Rosario: Patrona de las Escuelas del Ave Mar\u00eda\",\"datePublished\":\"2024-10-07T22:32:27+00:00\",\"dateModified\":\"2024-10-08T15:40:23+00:00\",\"mainEntityOfPage\":{\"@id\":\"https:\\\/\\\/andresmanjon.es\\\/index.php\\\/2024\\\/10\\\/07\\\/la-virgen-del-rosario\\\/\"},\"wordCount\":2864,\"publisher\":{\"@id\":\"https:\\\/\\\/andresmanjon.es\\\/#\\\/schema\\\/person\\\/c3aa9658a78defc49109499b1f40dc3a\"},\"image\":{\"@id\":\"https:\\\/\\\/andresmanjon.es\\\/index.php\\\/2024\\\/10\\\/07\\\/la-virgen-del-rosario\\\/#primaryimage\"},\"thumbnailUrl\":\"https:\\\/\\\/i0.wp.com\\\/andresmanjon.es\\\/wp-content\\\/uploads\\\/2024\\\/10\\\/Nuestra_Senora_del_Rosario_Coronada_Granada.jpg?fit=518%2C778&ssl=1\",\"keywords\":[\"Actividades de Fe para Ni\u00f1os.\",\"Don Andr\u00e9s Manj\u00f3n\",\"Educaci\u00f3n Cristiana\",\"Escuelas del Ave Mar\u00eda\",\"Interioridad\",\"interioridad manjoniana\",\"Pedagog\u00eda Cat\u00f3lica\",\"Rezo del Rosario\",\"Virgen del Rosario\"],\"articleSection\":[\"Interioridad Manjoniana\"],\"inLanguage\":\"es\"},{\"@type\":\"WebPage\",\"@id\":\"https:\\\/\\\/andresmanjon.es\\\/index.php\\\/2024\\\/10\\\/07\\\/la-virgen-del-rosario\\\/\",\"url\":\"https:\\\/\\\/andresmanjon.es\\\/index.php\\\/2024\\\/10\\\/07\\\/la-virgen-del-rosario\\\/\",\"name\":\"La Virgen del Rosario: Patrona de las Escuelas del Ave Mar\u00eda - MANJON VIVE\",\"isPartOf\":{\"@id\":\"https:\\\/\\\/andresmanjon.es\\\/#website\"},\"primaryImageOfPage\":{\"@id\":\"https:\\\/\\\/andresmanjon.es\\\/index.php\\\/2024\\\/10\\\/07\\\/la-virgen-del-rosario\\\/#primaryimage\"},\"image\":{\"@id\":\"https:\\\/\\\/andresmanjon.es\\\/index.php\\\/2024\\\/10\\\/07\\\/la-virgen-del-rosario\\\/#primaryimage\"},\"thumbnailUrl\":\"https:\\\/\\\/i0.wp.com\\\/andresmanjon.es\\\/wp-content\\\/uploads\\\/2024\\\/10\\\/Nuestra_Senora_del_Rosario_Coronada_Granada.jpg?fit=518%2C778&ssl=1\",\"datePublished\":\"2024-10-07T22:32:27+00:00\",\"dateModified\":\"2024-10-08T15:40:23+00:00\",\"description\":\"La Virgen del Rosario como Patrona de las Escuelas del Ave Mar\u00eda, impacto en educaci\u00f3n manjoniana y \u00bfc\u00f3mo adaptar esta devoci\u00f3n en 2024?\",\"breadcrumb\":{\"@id\":\"https:\\\/\\\/andresmanjon.es\\\/index.php\\\/2024\\\/10\\\/07\\\/la-virgen-del-rosario\\\/#breadcrumb\"},\"inLanguage\":\"es\",\"potentialAction\":[{\"@type\":\"ReadAction\",\"target\":[\"https:\\\/\\\/andresmanjon.es\\\/index.php\\\/2024\\\/10\\\/07\\\/la-virgen-del-rosario\\\/\"]}]},{\"@type\":\"ImageObject\",\"inLanguage\":\"es\",\"@id\":\"https:\\\/\\\/andresmanjon.es\\\/index.php\\\/2024\\\/10\\\/07\\\/la-virgen-del-rosario\\\/#primaryimage\",\"url\":\"https:\\\/\\\/i0.wp.com\\\/andresmanjon.es\\\/wp-content\\\/uploads\\\/2024\\\/10\\\/Nuestra_Senora_del_Rosario_Coronada_Granada.jpg?fit=518%2C778&ssl=1\",\"contentUrl\":\"https:\\\/\\\/i0.wp.com\\\/andresmanjon.es\\\/wp-content\\\/uploads\\\/2024\\\/10\\\/Nuestra_Senora_del_Rosario_Coronada_Granada.jpg?fit=518%2C778&ssl=1\",\"width\":518,\"height\":778,\"caption\":\"De Pablo H Realejo - Trabajo propio, CC BY-SA 4.0, https:\\\/\\\/commons.wikimedia.org\\\/w\\\/index.php?curid=70635418\"},{\"@type\":\"BreadcrumbList\",\"@id\":\"https:\\\/\\\/andresmanjon.es\\\/index.php\\\/2024\\\/10\\\/07\\\/la-virgen-del-rosario\\\/#breadcrumb\",\"itemListElement\":[{\"@type\":\"ListItem\",\"position\":1,\"name\":\"Portada\",\"item\":\"https:\\\/\\\/andresmanjon.es\\\/\"},{\"@type\":\"ListItem\",\"position\":2,\"name\":\"La Virgen del Rosario: Patrona de las Escuelas del Ave Mar\u00eda\"}]},{\"@type\":\"WebSite\",\"@id\":\"https:\\\/\\\/andresmanjon.es\\\/#website\",\"url\":\"https:\\\/\\\/andresmanjon.es\\\/\",\"name\":\"Andr\u00e9s Manj\u00f3n y Manj\u00f3n\",\"description\":\"UNA EDUCACI\u00d3N PARA TODOS\",\"publisher\":{\"@id\":\"https:\\\/\\\/andresmanjon.es\\\/#\\\/schema\\\/person\\\/c3aa9658a78defc49109499b1f40dc3a\"},\"potentialAction\":[{\"@type\":\"SearchAction\",\"target\":{\"@type\":\"EntryPoint\",\"urlTemplate\":\"https:\\\/\\\/andresmanjon.es\\\/?s={search_term_string}\"},\"query-input\":{\"@type\":\"PropertyValueSpecification\",\"valueRequired\":true,\"valueName\":\"search_term_string\"}}],\"inLanguage\":\"es\"},{\"@type\":[\"Person\",\"Organization\"],\"@id\":\"https:\\\/\\\/andresmanjon.es\\\/#\\\/schema\\\/person\\\/c3aa9658a78defc49109499b1f40dc3a\",\"name\":\"Enrique Alonso Guardia\",\"image\":{\"@type\":\"ImageObject\",\"inLanguage\":\"es\",\"@id\":\"https:\\\/\\\/i0.wp.com\\\/andresmanjon.es\\\/wp-content\\\/uploads\\\/2023\\\/12\\\/cropped-logo-1.png?fit=1660%2C548&ssl=1dd6cd788025305c93754fac7facc0ac9\",\"url\":\"https:\\\/\\\/i0.wp.com\\\/andresmanjon.es\\\/wp-content\\\/uploads\\\/2023\\\/12\\\/cropped-logo-1.png?fit=1660%2C548&ssl=1\",\"contentUrl\":\"https:\\\/\\\/i0.wp.com\\\/andresmanjon.es\\\/wp-content\\\/uploads\\\/2023\\\/12\\\/cropped-logo-1.png?fit=1660%2C548&ssl=1\",\"width\":1660,\"height\":548,\"caption\":\"Enrique Alonso Guardia\"},\"logo\":{\"@id\":\"https:\\\/\\\/i0.wp.com\\\/andresmanjon.es\\\/wp-content\\\/uploads\\\/2023\\\/12\\\/cropped-logo-1.png?fit=1660%2C548&ssl=1dd6cd788025305c93754fac7facc0ac9\"},\"sameAs\":[\"http:\\\/\\\/www.kalonso.com\"],\"url\":\"https:\\\/\\\/andresmanjon.es\\\/index.php\\\/author\\\/kalonso\\\/\"}]}<\/script>\n<!-- \/ Yoast SEO plugin. -->","yoast_head_json":{"title":"La Virgen del Rosario: Patrona de las Escuelas del Ave Mar\u00eda - MANJON VIVE","description":"La Virgen del Rosario como Patrona de las Escuelas del Ave Mar\u00eda, impacto en educaci\u00f3n manjoniana y \u00bfc\u00f3mo adaptar esta devoci\u00f3n en 2024?","robots":{"index":"index","follow":"follow","max-snippet":"max-snippet:-1","max-image-preview":"max-image-preview:large","max-video-preview":"max-video-preview:-1"},"canonical":"https:\/\/andresmanjon.es\/index.php\/2024\/10\/07\/la-virgen-del-rosario\/","og_locale":"es_ES","og_type":"article","og_title":"La Virgen del Rosario: Patrona de las Escuelas del Ave Mar\u00eda - MANJON VIVE","og_description":"La Virgen del Rosario como Patrona de las Escuelas del Ave Mar\u00eda, impacto en educaci\u00f3n manjoniana y \u00bfc\u00f3mo adaptar esta devoci\u00f3n en 2024?","og_url":"https:\/\/andresmanjon.es\/index.php\/2024\/10\/07\/la-virgen-del-rosario\/","og_site_name":"MANJON VIVE","article_published_time":"2024-10-07T22:32:27+00:00","article_modified_time":"2024-10-08T15:40:23+00:00","og_image":[{"width":518,"height":778,"url":"https:\/\/andresmanjon.es\/wp-content\/uploads\/2024\/10\/Nuestra_Senora_del_Rosario_Coronada_Granada.jpg","type":"image\/jpeg"}],"author":"Enrique Alonso Guardia","twitter_card":"summary_large_image","twitter_misc":{"Escrito por":"Enrique Alonso Guardia","Tiempo de lectura":"16 minutos"},"schema":{"@context":"https:\/\/schema.org","@graph":[{"@type":"Article","@id":"https:\/\/andresmanjon.es\/index.php\/2024\/10\/07\/la-virgen-del-rosario\/#article","isPartOf":{"@id":"https:\/\/andresmanjon.es\/index.php\/2024\/10\/07\/la-virgen-del-rosario\/"},"author":{"name":"Enrique Alonso Guardia","@id":"https:\/\/andresmanjon.es\/#\/schema\/person\/c3aa9658a78defc49109499b1f40dc3a"},"headline":"La Virgen del Rosario: Patrona de las Escuelas del Ave Mar\u00eda","datePublished":"2024-10-07T22:32:27+00:00","dateModified":"2024-10-08T15:40:23+00:00","mainEntityOfPage":{"@id":"https:\/\/andresmanjon.es\/index.php\/2024\/10\/07\/la-virgen-del-rosario\/"},"wordCount":2864,"publisher":{"@id":"https:\/\/andresmanjon.es\/#\/schema\/person\/c3aa9658a78defc49109499b1f40dc3a"},"image":{"@id":"https:\/\/andresmanjon.es\/index.php\/2024\/10\/07\/la-virgen-del-rosario\/#primaryimage"},"thumbnailUrl":"https:\/\/i0.wp.com\/andresmanjon.es\/wp-content\/uploads\/2024\/10\/Nuestra_Senora_del_Rosario_Coronada_Granada.jpg?fit=518%2C778&ssl=1","keywords":["Actividades de Fe para Ni\u00f1os.","Don Andr\u00e9s Manj\u00f3n","Educaci\u00f3n Cristiana","Escuelas del Ave Mar\u00eda","Interioridad","interioridad manjoniana","Pedagog\u00eda Cat\u00f3lica","Rezo del Rosario","Virgen del Rosario"],"articleSection":["Interioridad Manjoniana"],"inLanguage":"es"},{"@type":"WebPage","@id":"https:\/\/andresmanjon.es\/index.php\/2024\/10\/07\/la-virgen-del-rosario\/","url":"https:\/\/andresmanjon.es\/index.php\/2024\/10\/07\/la-virgen-del-rosario\/","name":"La Virgen del Rosario: Patrona de las Escuelas del Ave Mar\u00eda - MANJON VIVE","isPartOf":{"@id":"https:\/\/andresmanjon.es\/#website"},"primaryImageOfPage":{"@id":"https:\/\/andresmanjon.es\/index.php\/2024\/10\/07\/la-virgen-del-rosario\/#primaryimage"},"image":{"@id":"https:\/\/andresmanjon.es\/index.php\/2024\/10\/07\/la-virgen-del-rosario\/#primaryimage"},"thumbnailUrl":"https:\/\/i0.wp.com\/andresmanjon.es\/wp-content\/uploads\/2024\/10\/Nuestra_Senora_del_Rosario_Coronada_Granada.jpg?fit=518%2C778&ssl=1","datePublished":"2024-10-07T22:32:27+00:00","dateModified":"2024-10-08T15:40:23+00:00","description":"La Virgen del Rosario como Patrona de las Escuelas del Ave Mar\u00eda, impacto en educaci\u00f3n manjoniana y \u00bfc\u00f3mo adaptar esta devoci\u00f3n en 2024?","breadcrumb":{"@id":"https:\/\/andresmanjon.es\/index.php\/2024\/10\/07\/la-virgen-del-rosario\/#breadcrumb"},"inLanguage":"es","potentialAction":[{"@type":"ReadAction","target":["https:\/\/andresmanjon.es\/index.php\/2024\/10\/07\/la-virgen-del-rosario\/"]}]},{"@type":"ImageObject","inLanguage":"es","@id":"https:\/\/andresmanjon.es\/index.php\/2024\/10\/07\/la-virgen-del-rosario\/#primaryimage","url":"https:\/\/i0.wp.com\/andresmanjon.es\/wp-content\/uploads\/2024\/10\/Nuestra_Senora_del_Rosario_Coronada_Granada.jpg?fit=518%2C778&ssl=1","contentUrl":"https:\/\/i0.wp.com\/andresmanjon.es\/wp-content\/uploads\/2024\/10\/Nuestra_Senora_del_Rosario_Coronada_Granada.jpg?fit=518%2C778&ssl=1","width":518,"height":778,"caption":"De Pablo H Realejo - Trabajo propio, CC BY-SA 4.0, https:\/\/commons.wikimedia.org\/w\/index.php?curid=70635418"},{"@type":"BreadcrumbList","@id":"https:\/\/andresmanjon.es\/index.php\/2024\/10\/07\/la-virgen-del-rosario\/#breadcrumb","itemListElement":[{"@type":"ListItem","position":1,"name":"Portada","item":"https:\/\/andresmanjon.es\/"},{"@type":"ListItem","position":2,"name":"La Virgen del Rosario: Patrona de las Escuelas del Ave Mar\u00eda"}]},{"@type":"WebSite","@id":"https:\/\/andresmanjon.es\/#website","url":"https:\/\/andresmanjon.es\/","name":"Andr\u00e9s Manj\u00f3n y Manj\u00f3n","description":"UNA EDUCACI\u00d3N PARA TODOS","publisher":{"@id":"https:\/\/andresmanjon.es\/#\/schema\/person\/c3aa9658a78defc49109499b1f40dc3a"},"potentialAction":[{"@type":"SearchAction","target":{"@type":"EntryPoint","urlTemplate":"https:\/\/andresmanjon.es\/?s={search_term_string}"},"query-input":{"@type":"PropertyValueSpecification","valueRequired":true,"valueName":"search_term_string"}}],"inLanguage":"es"},{"@type":["Person","Organization"],"@id":"https:\/\/andresmanjon.es\/#\/schema\/person\/c3aa9658a78defc49109499b1f40dc3a","name":"Enrique Alonso Guardia","image":{"@type":"ImageObject","inLanguage":"es","@id":"https:\/\/i0.wp.com\/andresmanjon.es\/wp-content\/uploads\/2023\/12\/cropped-logo-1.png?fit=1660%2C548&ssl=1dd6cd788025305c93754fac7facc0ac9","url":"https:\/\/i0.wp.com\/andresmanjon.es\/wp-content\/uploads\/2023\/12\/cropped-logo-1.png?fit=1660%2C548&ssl=1","contentUrl":"https:\/\/i0.wp.com\/andresmanjon.es\/wp-content\/uploads\/2023\/12\/cropped-logo-1.png?fit=1660%2C548&ssl=1","width":1660,"height":548,"caption":"Enrique Alonso Guardia"},"logo":{"@id":"https:\/\/i0.wp.com\/andresmanjon.es\/wp-content\/uploads\/2023\/12\/cropped-logo-1.png?fit=1660%2C548&ssl=1dd6cd788025305c93754fac7facc0ac9"},"sameAs":["http:\/\/www.kalonso.com"],"url":"https:\/\/andresmanjon.es\/index.php\/author\/kalonso\/"}]}},"jetpack_featured_media_url":"https:\/\/i0.wp.com\/andresmanjon.es\/wp-content\/uploads\/2024\/10\/Nuestra_Senora_del_Rosario_Coronada_Granada.jpg?fit=518%2C778&ssl=1","jetpack-related-posts":[{"id":1675,"url":"https:\/\/andresmanjon.es\/index.php\/2024\/09\/15\/manjon-y-la-virgen-de-las-angustias\/","url_meta":{"origin":1744,"position":0},"title":"Manj\u00f3n y la Virgen de las Angustias","author":"Enrique Alonso Guardia","date":"09\/15\/2024","format":false,"excerpt":"Manj\u00f3n y la Virgen de las Angustias. Don Andr\u00e9s Manj\u00f3n dedic\u00f3 su vida a educar a ni\u00f1os y ni\u00f1as, sobre todo a quienes m\u00e1s lo necesitaban. Adem\u00e1s de ser un gran educador, tambi\u00e9n era muy devoto de la Virgen de las Angustias, la patrona de Granada. En homenaje a esta\u2026","rel":"","context":"En \u00abInterioridad Manjoniana\u00bb","block_context":{"text":"Interioridad Manjoniana","link":"https:\/\/andresmanjon.es\/index.php\/category\/interioridad-manjoniana\/"},"img":{"alt_text":"VIRGEN DE LAS ANGUSTIAS","src":"https:\/\/i0.wp.com\/andresmanjon.es\/wp-content\/uploads\/2024\/09\/88B3A333-1E3A-4EB7-B248-1D88CF140DC6_4_5005_c.jpeg?fit=360%2C480&ssl=1&resize=350%2C200","width":350,"height":200},"classes":[]},{"id":2613,"url":"https:\/\/andresmanjon.es\/index.php\/2025\/10\/08\/el-rosario-en-la-vision-educativa-de-andres-manjon\/","url_meta":{"origin":1744,"position":1},"title":"El Rosario en la visi\u00f3n educativa de Andr\u00e9s Manj\u00f3n","author":"Enrique Alonso Guardia","date":"10\/08\/2025","format":false,"excerpt":"Introducci\u00f3n El Rosario, en apariencia una oraci\u00f3n sencilla y repetitiva, fue para Andr\u00e9s Manj\u00f3n un instrumento espiritual y pedag\u00f3gico de primer orden. No se trataba de un simple ejercicio piadoso, sino de un m\u00e9todo formativo que un\u00eda oraci\u00f3n, contemplaci\u00f3n y educaci\u00f3n del car\u00e1cter. Tanto en sus Escuelas, fundadas a finales\u2026","rel":"","context":"En \u00abInterioridad Manjoniana\u00bb","block_context":{"text":"Interioridad Manjoniana","link":"https:\/\/andresmanjon.es\/index.php\/category\/interioridad-manjoniana\/"},"img":{"alt_text":"","src":"https:\/\/i0.wp.com\/andresmanjon.es\/wp-content\/uploads\/2025\/10\/elrosario.png?fit=1200%2C800&ssl=1&resize=350%2C200","width":350,"height":200,"srcset":"https:\/\/i0.wp.com\/andresmanjon.es\/wp-content\/uploads\/2025\/10\/elrosario.png?fit=1200%2C800&ssl=1&resize=350%2C200 1x, https:\/\/i0.wp.com\/andresmanjon.es\/wp-content\/uploads\/2025\/10\/elrosario.png?fit=1200%2C800&ssl=1&resize=525%2C300 1.5x, https:\/\/i0.wp.com\/andresmanjon.es\/wp-content\/uploads\/2025\/10\/elrosario.png?fit=1200%2C800&ssl=1&resize=700%2C400 2x, https:\/\/i0.wp.com\/andresmanjon.es\/wp-content\/uploads\/2025\/10\/elrosario.png?fit=1200%2C800&ssl=1&resize=1050%2C600 3x"},"classes":[]},{"id":1788,"url":"https:\/\/andresmanjon.es\/index.php\/2024\/10\/13\/12-de-octubre-aniversario-del-inicio-de-las-escuelas-del-ave-maria\/","url_meta":{"origin":1744,"position":2},"title":"12 de octubre, aniversario del inicio de las escuelas del Ave Mar\u00eda","author":"Enrique Alonso Guardia","date":"10\/13\/2024","format":false,"excerpt":"12 de octubre - Por Enrique Gervilla. Patrono de las Escuelas del Ave Mar\u00eda de Granada. En su ultima misiva, don Enrique se dirig\u00eda a los miembros de la comunidad avemariana con estas palabras: \"Las personas recordamos con agrado ciertas fechas memorables: personales, familiares, institucionales o sociales\u2026 Todas tienen un\u2026","rel":"","context":"En \u00abEnrique Gervilla\u00bb","block_context":{"text":"Enrique Gervilla","link":"https:\/\/andresmanjon.es\/index.php\/category\/enrique-gervilla\/"},"img":{"alt_text":"","src":"https:\/\/i0.wp.com\/andresmanjon.es\/wp-content\/uploads\/2024\/10\/4D460980-5E66-4DA2-8669-14CBC12F1627-scaled.jpeg?fit=900%2C1200&ssl=1&resize=350%2C200","width":350,"height":200,"srcset":"https:\/\/i0.wp.com\/andresmanjon.es\/wp-content\/uploads\/2024\/10\/4D460980-5E66-4DA2-8669-14CBC12F1627-scaled.jpeg?fit=900%2C1200&ssl=1&resize=350%2C200 1x, https:\/\/i0.wp.com\/andresmanjon.es\/wp-content\/uploads\/2024\/10\/4D460980-5E66-4DA2-8669-14CBC12F1627-scaled.jpeg?fit=900%2C1200&ssl=1&resize=525%2C300 1.5x, https:\/\/i0.wp.com\/andresmanjon.es\/wp-content\/uploads\/2024\/10\/4D460980-5E66-4DA2-8669-14CBC12F1627-scaled.jpeg?fit=900%2C1200&ssl=1&resize=700%2C400 2x"},"classes":[]},{"id":1301,"url":"https:\/\/andresmanjon.es\/index.php\/2024\/04\/09\/la-anunciacion-del-senor-enrique-gervilla\/","url_meta":{"origin":1744,"position":3},"title":"LA ANUNCIACI\u00d3N DEL SE\u00d1OR","author":"Enrique Alonso Guardia","date":"04\/09\/2024","format":false,"excerpt":"Los dos tesoros de nuestro Fundador: Mar\u00eda y los pobres \"La Anunciaci\u00f3n del Se\u00f1or\" Art\u00edculo de don Enrique Gervilla para el profesorado de la Fundaci\u00f3n del Ave Mar\u00eda de Granada. Bajo esta denominaci\u00f3n AVE MAR\u00cdA el P. Manj\u00f3n inici\u00f3, en el a\u00f1o 1889, su labor educativa con los m\u00e1s necesitados.\u2026","rel":"","context":"En \u00abEnrique Gervilla\u00bb","block_context":{"text":"Enrique Gervilla","link":"https:\/\/andresmanjon.es\/index.php\/category\/enrique-gervilla\/"},"img":{"alt_text":"","src":"https:\/\/i0.wp.com\/andresmanjon.es\/wp-content\/uploads\/2024\/04\/anunciacion2.webp?fit=1024%2C1024&ssl=1&resize=350%2C200","width":350,"height":200,"srcset":"https:\/\/i0.wp.com\/andresmanjon.es\/wp-content\/uploads\/2024\/04\/anunciacion2.webp?fit=1024%2C1024&ssl=1&resize=350%2C200 1x, https:\/\/i0.wp.com\/andresmanjon.es\/wp-content\/uploads\/2024\/04\/anunciacion2.webp?fit=1024%2C1024&ssl=1&resize=525%2C300 1.5x, https:\/\/i0.wp.com\/andresmanjon.es\/wp-content\/uploads\/2024\/04\/anunciacion2.webp?fit=1024%2C1024&ssl=1&resize=700%2C400 2x"},"classes":[]},{"id":2689,"url":"https:\/\/andresmanjon.es\/index.php\/2025\/10\/17\/alumnos-del-colegio-ave-maria-casa-madre-obtienen-el-jubileo-en-la-abadia-del-sacromonte\/","url_meta":{"origin":1744,"position":4},"title":"Alumnos del Colegio Ave Mar\u00eda Casa Madre obtienen el Jubileo en la Abad\u00eda del Sacromonte","author":"Enrique Alonso Guardia","date":"10\/17\/2025","format":false,"excerpt":"Jubileo en la Abad\u00eda del Sacromonte, El pasado 10 de octubre, m\u00e1s de 500 alumnos, junto a 40 docentes y miembros del AMPA, peregrinaron desde el Colegio Ave Mar\u00eda Casa Madre hasta la Abad\u00eda del Sacromonte, donde obtuvieron las gracias del Jubileo del A\u00f1o de la Esperanza. Fuente original: Archidi\u00f3cesis\u2026","rel":"","context":"En \u00abAcci\u00f3n Manjoniana\u00bb","block_context":{"text":"Acci\u00f3n Manjoniana","link":"https:\/\/andresmanjon.es\/index.php\/category\/accion-manjoniana\/"},"img":{"alt_text":"","src":"https:\/\/i0.wp.com\/andresmanjon.es\/wp-content\/uploads\/2025\/10\/Captura-de-pantalla-2025-10-17-a-las-19.53.46.png?fit=1122%2C836&ssl=1&resize=350%2C200","width":350,"height":200,"srcset":"https:\/\/i0.wp.com\/andresmanjon.es\/wp-content\/uploads\/2025\/10\/Captura-de-pantalla-2025-10-17-a-las-19.53.46.png?fit=1122%2C836&ssl=1&resize=350%2C200 1x, https:\/\/i0.wp.com\/andresmanjon.es\/wp-content\/uploads\/2025\/10\/Captura-de-pantalla-2025-10-17-a-las-19.53.46.png?fit=1122%2C836&ssl=1&resize=525%2C300 1.5x, https:\/\/i0.wp.com\/andresmanjon.es\/wp-content\/uploads\/2025\/10\/Captura-de-pantalla-2025-10-17-a-las-19.53.46.png?fit=1122%2C836&ssl=1&resize=700%2C400 2x, https:\/\/i0.wp.com\/andresmanjon.es\/wp-content\/uploads\/2025\/10\/Captura-de-pantalla-2025-10-17-a-las-19.53.46.png?fit=1122%2C836&ssl=1&resize=1050%2C600 3x"},"classes":[]},{"id":2457,"url":"https:\/\/andresmanjon.es\/index.php\/2025\/03\/25\/25-de-marzo-la-anunciacion\/","url_meta":{"origin":1744,"position":5},"title":"25 DE MARZO: LA ANUNCIACI\u00d3N","author":"Enrique Alonso Guardia","date":"03\/25\/2025","format":false,"excerpt":"25 DE MARZO: LA ANUNCIACI\u00d3N. FECHA IMPORTANTE PARA EL NACIMIENTO DEL AVE MAR\u00cdA Enrique Gervilla As\u00ed nos narra S. Lucas el anuncio del nacimiento de Jesucristo: \u201cAl sexto mes el \u00e1ngel Gabriel fue enviado por Dios a una ciudad de Galilea, llamada Nazaret, 27 a una virgen desposada con un\u2026","rel":"","context":"En \u00abEnrique Gervilla\u00bb","block_context":{"text":"Enrique Gervilla","link":"https:\/\/andresmanjon.es\/index.php\/category\/enrique-gervilla\/"},"img":{"alt_text":"","src":"https:\/\/i0.wp.com\/andresmanjon.es\/wp-content\/uploads\/2024\/12\/anunciacion.webp?fit=1200%2C686&ssl=1&resize=350%2C200","width":350,"height":200,"srcset":"https:\/\/i0.wp.com\/andresmanjon.es\/wp-content\/uploads\/2024\/12\/anunciacion.webp?fit=1200%2C686&ssl=1&resize=350%2C200 1x, https:\/\/i0.wp.com\/andresmanjon.es\/wp-content\/uploads\/2024\/12\/anunciacion.webp?fit=1200%2C686&ssl=1&resize=525%2C300 1.5x, https:\/\/i0.wp.com\/andresmanjon.es\/wp-content\/uploads\/2024\/12\/anunciacion.webp?fit=1200%2C686&ssl=1&resize=700%2C400 2x, https:\/\/i0.wp.com\/andresmanjon.es\/wp-content\/uploads\/2024\/12\/anunciacion.webp?fit=1200%2C686&ssl=1&resize=1050%2C600 3x"},"classes":[]}],"jetpack_sharing_enabled":true,"authors":[{"term_id":18,"user_id":2,"is_guest":0,"slug":"kalonso","display_name":"Enrique Alonso Guardia","avatar_url":"https:\/\/secure.gravatar.com\/avatar\/8dedfb85376f5619df87b798562554716430c51bdd4ee2c6cb09011dd04878a9?s=96&d=mm&r=g","0":null,"1":"","2":"","3":"","4":"","5":"","6":"","7":"","8":""}],"_links":{"self":[{"href":"https:\/\/andresmanjon.es\/index.php\/wp-json\/wp\/v2\/posts\/1744","targetHints":{"allow":["GET"]}}],"collection":[{"href":"https:\/\/andresmanjon.es\/index.php\/wp-json\/wp\/v2\/posts"}],"about":[{"href":"https:\/\/andresmanjon.es\/index.php\/wp-json\/wp\/v2\/types\/post"}],"author":[{"embeddable":true,"href":"https:\/\/andresmanjon.es\/index.php\/wp-json\/wp\/v2\/users\/2"}],"replies":[{"embeddable":true,"href":"https:\/\/andresmanjon.es\/index.php\/wp-json\/wp\/v2\/comments?post=1744"}],"version-history":[{"count":4,"href":"https:\/\/andresmanjon.es\/index.php\/wp-json\/wp\/v2\/posts\/1744\/revisions"}],"predecessor-version":[{"id":1775,"href":"https:\/\/andresmanjon.es\/index.php\/wp-json\/wp\/v2\/posts\/1744\/revisions\/1775"}],"wp:featuredmedia":[{"embeddable":true,"href":"https:\/\/andresmanjon.es\/index.php\/wp-json\/wp\/v2\/media\/1761"}],"wp:attachment":[{"href":"https:\/\/andresmanjon.es\/index.php\/wp-json\/wp\/v2\/media?parent=1744"}],"wp:term":[{"taxonomy":"category","embeddable":true,"href":"https:\/\/andresmanjon.es\/index.php\/wp-json\/wp\/v2\/categories?post=1744"},{"taxonomy":"post_tag","embeddable":true,"href":"https:\/\/andresmanjon.es\/index.php\/wp-json\/wp\/v2\/tags?post=1744"},{"taxonomy":"author","embeddable":true,"href":"https:\/\/andresmanjon.es\/index.php\/wp-json\/wp\/v2\/ppma_author?post=1744"}],"curies":[{"name":"wp","href":"https:\/\/api.w.org\/{rel}","templated":true}]}}