{"id":1713,"date":"2024-09-24T05:50:15","date_gmt":"2024-09-24T04:50:15","guid":{"rendered":"https:\/\/andresmanjon.es\/?p=1713"},"modified":"2024-09-25T20:20:12","modified_gmt":"2024-09-25T19:20:12","slug":"la-maestra-migas","status":"publish","type":"post","link":"https:\/\/andresmanjon.es\/index.php\/2024\/09\/24\/la-maestra-migas\/","title":{"rendered":"La Maestra Migas"},"content":{"rendered":"<h2>La Maestra Migas: El Encuentro que Cambi\u00f3 mi Vida<\/h2>\n<p><img data-recalc-dims=\"1\" fetchpriority=\"high\" decoding=\"async\" class=\"alignright size-medium wp-image-1716\" src=\"https:\/\/i0.wp.com\/andresmanjon.es\/wp-content\/uploads\/2024\/09\/Sin-titulo.png?resize=300%2C300&#038;ssl=1\" alt=\"La Maestra Migas\" width=\"300\" height=\"300\" srcset=\"https:\/\/i0.wp.com\/andresmanjon.es\/wp-content\/uploads\/2024\/09\/Sin-titulo.png?resize=300%2C300&amp;ssl=1 300w, https:\/\/i0.wp.com\/andresmanjon.es\/wp-content\/uploads\/2024\/09\/Sin-titulo.png?resize=1024%2C1024&amp;ssl=1 1024w, https:\/\/i0.wp.com\/andresmanjon.es\/wp-content\/uploads\/2024\/09\/Sin-titulo.png?resize=150%2C150&amp;ssl=1 150w, https:\/\/i0.wp.com\/andresmanjon.es\/wp-content\/uploads\/2024\/09\/Sin-titulo.png?resize=768%2C768&amp;ssl=1 768w, https:\/\/i0.wp.com\/andresmanjon.es\/wp-content\/uploads\/2024\/09\/Sin-titulo.png?w=1080&amp;ssl=1 1080w\" sizes=\"(max-width: 300px) 100vw, 300px\" \/>Era una tarde de est\u00edo, de esas en las que el calor se pasea pesado sobre un aire casi pegajoso. El sol se derramaba lento tras las colinas de Granada, y yo, Andr\u00e9s Manj\u00f3n, caminaba por las empinadas y polvorientas calles del Sacro-Monte, a lomos de mi burra. Los extrarradios de Granada, donde el hast\u00edo y la dejadez se mezclaban con el sudor de los hombres y el doloroso aroma de la miseria, se desplegaban ante mis ojos.<\/p>\n<p>Cada paso me acercaba a la Abad\u00eda del Sacromonte, al mismo tiempo que me alejaba de la burbuja de mi c\u00e1tedra, de los libros doctos y de las aulas que por tantos a\u00f1os fueron mi refugio y compromiso. Mas el peso que llevaba conmigo no era solo el del calor o el del polvo. Era el peso del alma, una inquietud profunda que, desde hac\u00eda tiempo, ven\u00eda roy\u00e9ndome por dentro.<\/p>\n<p>Hab\u00eda entregado mi vida al saber, a los estudios profundos, a los tratados teol\u00f3gicos y a la ense\u00f1anza en las universidades. Sin embargo, algo se quebraba en lo m\u00e1s hondo de mi ser. A pesar de los logros alcanzados, sent\u00eda que mi vida no colmaba el verdadero prop\u00f3sito para el que hab\u00eda sido llamada.<\/p>\n<h2>Recuerdos de Pobreza en mi Vida<\/h2>\n<p>Este sentimiento no era nuevo. Ya de ni\u00f1o, en Sargentes de la Lora, fui testigo de la pobreza que nos rodeaba. Vi a mi madre doblegarse en esfuerzos por atender a nuestra familia. M\u00e1s tarde, en Valladolid, al estudiar Derecho, los rostros de los desheredados en las calles me hicieron ver la injusticia: para ellos, el saber era un lujo inalcanzable.<\/p>\n<p>En Granada, durante mis primeros a\u00f1os como catedr\u00e1tico, las visitas a las cuevas del Beiro y los miserables arrabales de Villarejo me enfrentaron a una realidad a\u00fan m\u00e1s cruda.<\/p>\n<h2>El Encuentro con la Maestra Migas<\/h2>\n<p><img data-recalc-dims=\"1\" decoding=\"async\" class=\"alignright size-medium wp-image-1499\" src=\"https:\/\/i0.wp.com\/andresmanjon.es\/wp-content\/uploads\/2024\/09\/IMG_1774.jpg?resize=300%2C204&#038;ssl=1\" alt=\"\" width=\"300\" height=\"204\" srcset=\"https:\/\/i0.wp.com\/andresmanjon.es\/wp-content\/uploads\/2024\/09\/IMG_1774.jpg?resize=300%2C204&amp;ssl=1 300w, https:\/\/i0.wp.com\/andresmanjon.es\/wp-content\/uploads\/2024\/09\/IMG_1774.jpg?w=720&amp;ssl=1 720w\" sizes=\"(max-width: 300px) 100vw, 300px\" \/>Esas experiencias, lejos de desvanecerse, encendieron una llama en m\u00ed que ya no pod\u00eda ignorar. Esa tarde, mis pies me guiaron hacia un rinc\u00f3n m\u00e1s olvidado a\u00fan, un paraje donde la pobreza era una compa\u00f1era constante. Junto a una peque\u00f1a cueva de barro y paja, la encontr\u00e9. La maestra Migas, rodeada de ni\u00f1os harapientos, con la piel quemada por el sol y los est\u00f3magos vac\u00edos. Con una pizarra rota y una tiza gastada, intentaba ense\u00f1arles las letras y oraciones.<\/p>\n<p>Sent\u00ed una punzada en el pecho al ver a los ni\u00f1os descalzos, con los ojos opacados por la miseria, y aun as\u00ed, atentos y llenos de sed de aprender. Esta imagen me quebr\u00f3 el alma.<\/p>\n<p>Me detuve, incapaz de seguir adelante. Los ni\u00f1os miraban a la maestra con una devoci\u00f3n que jam\u00e1s hab\u00eda visto en los salones universitarios. Y en ese preciso instante lo comprend\u00ed: todo lo que hab\u00eda estudiado, todo lo que hab\u00eda ense\u00f1ado, carec\u00eda de sentido si no llegaba a ellos. Aquella mujer, sin m\u00e1s que su voluntad y un coraz\u00f3n abnegado, encarnaba la verdadera esencia de la ense\u00f1anza. Y yo, que tanto hab\u00eda le\u00eddo y hablado, hasta ese momento no hab\u00eda comprendido qu\u00e9 era ense\u00f1ar de verdad: voluntad, coraz\u00f3n y entrega.<\/p>\n<h2>Un Cambio en mi Vida: Las Escuelas del Ave Mar\u00eda<\/h2>\n<p>De pronto, el calor se torn\u00f3 insoportable. El sudor me corr\u00eda por la frente, pero no era el sol; era el peso de la verdad, que me aplastaba con fuerza. \u00bfQu\u00e9 sentido ten\u00eda mi erudici\u00f3n, si no pod\u00eda aliviar el sufrimiento de esos peque\u00f1os? \u00bfDe qu\u00e9 val\u00eda ser can\u00f3nigo, si el Evangelio que predicaba no se encarnaba en la vida de los m\u00e1s pobres?<\/p>\n<p>El viento levant\u00f3 una nube de polvo que se enredaba en mis vestiduras, como una met\u00e1fora de mi vida: viento que barr\u00eda lo accesorio. Cerr\u00e9 los ojos y, con una certeza que atravesaba mi ser, lo supe: todo lo que hab\u00eda hecho hasta ese d\u00eda no ten\u00eda valor si no me entregaba a esos ni\u00f1os, a los desheredados, a los olvidados.<\/p>\n<p>Algo dentro de m\u00ed se rompi\u00f3, o m\u00e1s bien, naci\u00f3 para siempre. Me vi a m\u00ed mismo, a\u00f1os atr\u00e1s, sentado en mi despacho, perdido en lecturas que cre\u00eda trascendentales. Pero, bajo el sol ardiente y la mirada de esos ni\u00f1os hambrientos, comprend\u00ed que mi verdadero deber no estaba en los libros, sino en la vida misma, entre aquellos que no ten\u00edan nada.<\/p>\n<p>El dolor fue hondo, pero junto a \u00e9l vino la claridad. Si hasta ese d\u00eda hab\u00eda vivido para el saber, desde entonces vivir\u00eda tambi\u00e9n para el hacer. Las Escuelas del Ave Mar\u00eda comenzaron a tomar forma en mi mente, no como un proyecto de caridad, sino como una verdadera revoluci\u00f3n del alma. Sab\u00eda que deb\u00eda dedicar mi vida a algo nuevo, algo que no solo ense\u00f1ara a leer y escribir, sino que les devolviera su dignidad.<\/p>\n<p>La maestra Migas me mir\u00f3, tal vez comprendiendo el torbellino que se agitaba en mi interior. El sol, ya cercano al ocaso, comenzaba a descender, y sent\u00ed c\u00f3mo la inquietud que me atormentaba comenzaba a disiparse, dando paso a una esperanza luminosa.<\/p>\n<p>Cuando el sol se ocultaba tras las colinas, me alej\u00e9 de aquel lugar con un paso m\u00e1s firme, m\u00e1s sereno y seguro. Hab\u00eda encontrado mi verdadero destino. Dejaba atr\u00e1s al Andr\u00e9s Manj\u00f3n de los salones universitarios, y abrazaba al hombre de la calle que, por fin, comprend\u00eda el sentido \u00faltimo de la ense\u00f1anza. Y en ese nuevo camino, encontr\u00e9 la paz y la felicidad que por tanto tiempo hab\u00eda buscado.<\/p>\n","protected":false},"excerpt":{"rendered":"<p>La Maestra Migas: El Encuentro que Cambi\u00f3 mi Vida Era una tarde de est\u00edo, de esas en las que el calor se pasea pesado sobre un aire casi pegajoso. El sol se derramaba lento tras las colinas de Granada, y yo, Andr\u00e9s Manj\u00f3n, caminaba por las empinadas y polvorientas calles del Sacro-Monte, a lomos de [&hellip;]<\/p>\n","protected":false},"author":2,"featured_media":1717,"comment_status":"closed","ping_status":"closed","sticky":false,"template":"","format":"standard","meta":{"jetpack_post_was_ever_published":false,"_jetpack_newsletter_access":"","_jetpack_dont_email_post_to_subs":false,"_jetpack_newsletter_tier_id":0,"_jetpack_memberships_contains_paywalled_content":false,"_jetpack_memberships_contains_paid_content":false,"footnotes":""},"categories":[5],"tags":[120,38,119,118,123,40,122,115,117,116,121],"ppma_author":[18],"class_list":["post-1713","post","type-post","status-publish","format-standard","has-post-thumbnail","hentry","category-reflexiones","tag-abadia-del-sacromonte","tag-andres-manjon","tag-catedratico","tag-educacion-para-los-pobres","tag-ensenanza-en-el-siglo-xix","tag-escuelas-del-ave-maria","tag-historia-de-granada","tag-maestra-migas","tag-pobreza-en-granada","tag-sacromonte","tag-transformacion-personal"],"yoast_head":"<!-- This site is optimized with the Yoast SEO plugin v27.4 - https:\/\/yoast.com\/product\/yoast-seo-wordpress\/ -->\n<title>La Maestra Migas - MANJON VIVE<\/title>\n<meta name=\"description\" content=\"La Maestra Migas: El Encuentro que Cambi\u00f3 mi Vida. Era una tarde de est\u00edo, de esas en las que el calor con el aire casi pegajoso.\" \/>\n<meta name=\"robots\" content=\"index, follow, max-snippet:-1, max-image-preview:large, max-video-preview:-1\" \/>\n<link rel=\"canonical\" href=\"https:\/\/andresmanjon.es\/index.php\/2024\/09\/24\/la-maestra-migas\/\" \/>\n<meta property=\"og:locale\" content=\"es_ES\" \/>\n<meta property=\"og:type\" content=\"article\" \/>\n<meta property=\"og:title\" content=\"La Maestra Migas - MANJON VIVE\" \/>\n<meta property=\"og:description\" content=\"La Maestra Migas: El Encuentro que Cambi\u00f3 mi Vida. Era una tarde de est\u00edo, de esas en las que el calor con el aire casi pegajoso.\" \/>\n<meta property=\"og:url\" content=\"https:\/\/andresmanjon.es\/index.php\/2024\/09\/24\/la-maestra-migas\/\" \/>\n<meta property=\"og:site_name\" content=\"MANJON VIVE\" \/>\n<meta property=\"article:published_time\" content=\"2024-09-24T04:50:15+00:00\" \/>\n<meta property=\"article:modified_time\" content=\"2024-09-25T19:20:12+00:00\" \/>\n<meta property=\"og:image\" content=\"https:\/\/andresmanjon.es\/wp-content\/uploads\/2024\/09\/BBA0B43C-3287-4DCF-B97B-9B30B7FF8D88.webp\" \/>\n\t<meta property=\"og:image:width\" content=\"1024\" \/>\n\t<meta property=\"og:image:height\" content=\"1024\" \/>\n\t<meta property=\"og:image:type\" content=\"image\/webp\" \/>\n<meta name=\"author\" content=\"Enrique Alonso Guardia\" \/>\n<meta name=\"twitter:card\" content=\"summary_large_image\" \/>\n<meta name=\"twitter:label1\" content=\"Escrito por\" \/>\n\t<meta name=\"twitter:data1\" content=\"Enrique Alonso Guardia\" \/>\n\t<meta name=\"twitter:label2\" content=\"Tiempo de lectura\" \/>\n\t<meta name=\"twitter:data2\" content=\"5 minutos\" \/>\n<script type=\"application\/ld+json\" class=\"yoast-schema-graph\">{\"@context\":\"https:\\\/\\\/schema.org\",\"@graph\":[{\"@type\":\"Article\",\"@id\":\"https:\\\/\\\/andresmanjon.es\\\/index.php\\\/2024\\\/09\\\/24\\\/la-maestra-migas\\\/#article\",\"isPartOf\":{\"@id\":\"https:\\\/\\\/andresmanjon.es\\\/index.php\\\/2024\\\/09\\\/24\\\/la-maestra-migas\\\/\"},\"author\":{\"name\":\"Enrique Alonso Guardia\",\"@id\":\"https:\\\/\\\/andresmanjon.es\\\/#\\\/schema\\\/person\\\/c3aa9658a78defc49109499b1f40dc3a\"},\"headline\":\"La Maestra Migas\",\"datePublished\":\"2024-09-24T04:50:15+00:00\",\"dateModified\":\"2024-09-25T19:20:12+00:00\",\"mainEntityOfPage\":{\"@id\":\"https:\\\/\\\/andresmanjon.es\\\/index.php\\\/2024\\\/09\\\/24\\\/la-maestra-migas\\\/\"},\"wordCount\":994,\"publisher\":{\"@id\":\"https:\\\/\\\/andresmanjon.es\\\/#\\\/schema\\\/person\\\/c3aa9658a78defc49109499b1f40dc3a\"},\"image\":{\"@id\":\"https:\\\/\\\/andresmanjon.es\\\/index.php\\\/2024\\\/09\\\/24\\\/la-maestra-migas\\\/#primaryimage\"},\"thumbnailUrl\":\"https:\\\/\\\/i0.wp.com\\\/andresmanjon.es\\\/wp-content\\\/uploads\\\/2024\\\/09\\\/BBA0B43C-3287-4DCF-B97B-9B30B7FF8D88.webp?fit=1024%2C1024&ssl=1\",\"keywords\":[\"abad\u00eda del Sacromonte\",\"Andr\u00e9s Manj\u00f3n\",\"catedr\u00e1tico\",\"educaci\u00f3n para los pobres\",\"ense\u00f1anza en el siglo XIX.\",\"Escuelas del Ave Mar\u00eda\",\"historia de Granada\",\"maestra Migas\",\"pobreza en Granada\",\"Sacromonte\",\"transformaci\u00f3n personal\"],\"articleSection\":[\"Reflexiones\"],\"inLanguage\":\"es\"},{\"@type\":\"WebPage\",\"@id\":\"https:\\\/\\\/andresmanjon.es\\\/index.php\\\/2024\\\/09\\\/24\\\/la-maestra-migas\\\/\",\"url\":\"https:\\\/\\\/andresmanjon.es\\\/index.php\\\/2024\\\/09\\\/24\\\/la-maestra-migas\\\/\",\"name\":\"La Maestra Migas - MANJON VIVE\",\"isPartOf\":{\"@id\":\"https:\\\/\\\/andresmanjon.es\\\/#website\"},\"primaryImageOfPage\":{\"@id\":\"https:\\\/\\\/andresmanjon.es\\\/index.php\\\/2024\\\/09\\\/24\\\/la-maestra-migas\\\/#primaryimage\"},\"image\":{\"@id\":\"https:\\\/\\\/andresmanjon.es\\\/index.php\\\/2024\\\/09\\\/24\\\/la-maestra-migas\\\/#primaryimage\"},\"thumbnailUrl\":\"https:\\\/\\\/i0.wp.com\\\/andresmanjon.es\\\/wp-content\\\/uploads\\\/2024\\\/09\\\/BBA0B43C-3287-4DCF-B97B-9B30B7FF8D88.webp?fit=1024%2C1024&ssl=1\",\"datePublished\":\"2024-09-24T04:50:15+00:00\",\"dateModified\":\"2024-09-25T19:20:12+00:00\",\"description\":\"La Maestra Migas: El Encuentro que Cambi\u00f3 mi Vida. Era una tarde de est\u00edo, de esas en las que el calor con el aire casi pegajoso.\",\"breadcrumb\":{\"@id\":\"https:\\\/\\\/andresmanjon.es\\\/index.php\\\/2024\\\/09\\\/24\\\/la-maestra-migas\\\/#breadcrumb\"},\"inLanguage\":\"es\",\"potentialAction\":[{\"@type\":\"ReadAction\",\"target\":[\"https:\\\/\\\/andresmanjon.es\\\/index.php\\\/2024\\\/09\\\/24\\\/la-maestra-migas\\\/\"]}]},{\"@type\":\"ImageObject\",\"inLanguage\":\"es\",\"@id\":\"https:\\\/\\\/andresmanjon.es\\\/index.php\\\/2024\\\/09\\\/24\\\/la-maestra-migas\\\/#primaryimage\",\"url\":\"https:\\\/\\\/i0.wp.com\\\/andresmanjon.es\\\/wp-content\\\/uploads\\\/2024\\\/09\\\/BBA0B43C-3287-4DCF-B97B-9B30B7FF8D88.webp?fit=1024%2C1024&ssl=1\",\"contentUrl\":\"https:\\\/\\\/i0.wp.com\\\/andresmanjon.es\\\/wp-content\\\/uploads\\\/2024\\\/09\\\/BBA0B43C-3287-4DCF-B97B-9B30B7FF8D88.webp?fit=1024%2C1024&ssl=1\",\"width\":1024,\"height\":1024},{\"@type\":\"BreadcrumbList\",\"@id\":\"https:\\\/\\\/andresmanjon.es\\\/index.php\\\/2024\\\/09\\\/24\\\/la-maestra-migas\\\/#breadcrumb\",\"itemListElement\":[{\"@type\":\"ListItem\",\"position\":1,\"name\":\"Portada\",\"item\":\"https:\\\/\\\/andresmanjon.es\\\/\"},{\"@type\":\"ListItem\",\"position\":2,\"name\":\"La Maestra Migas\"}]},{\"@type\":\"WebSite\",\"@id\":\"https:\\\/\\\/andresmanjon.es\\\/#website\",\"url\":\"https:\\\/\\\/andresmanjon.es\\\/\",\"name\":\"Andr\u00e9s Manj\u00f3n y Manj\u00f3n\",\"description\":\"UNA EDUCACI\u00d3N PARA TODOS\",\"publisher\":{\"@id\":\"https:\\\/\\\/andresmanjon.es\\\/#\\\/schema\\\/person\\\/c3aa9658a78defc49109499b1f40dc3a\"},\"potentialAction\":[{\"@type\":\"SearchAction\",\"target\":{\"@type\":\"EntryPoint\",\"urlTemplate\":\"https:\\\/\\\/andresmanjon.es\\\/?s={search_term_string}\"},\"query-input\":{\"@type\":\"PropertyValueSpecification\",\"valueRequired\":true,\"valueName\":\"search_term_string\"}}],\"inLanguage\":\"es\"},{\"@type\":[\"Person\",\"Organization\"],\"@id\":\"https:\\\/\\\/andresmanjon.es\\\/#\\\/schema\\\/person\\\/c3aa9658a78defc49109499b1f40dc3a\",\"name\":\"Enrique Alonso Guardia\",\"image\":{\"@type\":\"ImageObject\",\"inLanguage\":\"es\",\"@id\":\"https:\\\/\\\/i0.wp.com\\\/andresmanjon.es\\\/wp-content\\\/uploads\\\/2023\\\/12\\\/cropped-logo-1.png?fit=1660%2C548&ssl=1dd6cd788025305c93754fac7facc0ac9\",\"url\":\"https:\\\/\\\/i0.wp.com\\\/andresmanjon.es\\\/wp-content\\\/uploads\\\/2023\\\/12\\\/cropped-logo-1.png?fit=1660%2C548&ssl=1\",\"contentUrl\":\"https:\\\/\\\/i0.wp.com\\\/andresmanjon.es\\\/wp-content\\\/uploads\\\/2023\\\/12\\\/cropped-logo-1.png?fit=1660%2C548&ssl=1\",\"width\":1660,\"height\":548,\"caption\":\"Enrique Alonso Guardia\"},\"logo\":{\"@id\":\"https:\\\/\\\/i0.wp.com\\\/andresmanjon.es\\\/wp-content\\\/uploads\\\/2023\\\/12\\\/cropped-logo-1.png?fit=1660%2C548&ssl=1dd6cd788025305c93754fac7facc0ac9\"},\"sameAs\":[\"http:\\\/\\\/www.kalonso.com\"],\"url\":\"https:\\\/\\\/andresmanjon.es\\\/index.php\\\/author\\\/kalonso\\\/\"}]}<\/script>\n<!-- \/ Yoast SEO plugin. -->","yoast_head_json":{"title":"La Maestra Migas - MANJON VIVE","description":"La Maestra Migas: El Encuentro que Cambi\u00f3 mi Vida. Era una tarde de est\u00edo, de esas en las que el calor con el aire casi pegajoso.","robots":{"index":"index","follow":"follow","max-snippet":"max-snippet:-1","max-image-preview":"max-image-preview:large","max-video-preview":"max-video-preview:-1"},"canonical":"https:\/\/andresmanjon.es\/index.php\/2024\/09\/24\/la-maestra-migas\/","og_locale":"es_ES","og_type":"article","og_title":"La Maestra Migas - MANJON VIVE","og_description":"La Maestra Migas: El Encuentro que Cambi\u00f3 mi Vida. Era una tarde de est\u00edo, de esas en las que el calor con el aire casi pegajoso.","og_url":"https:\/\/andresmanjon.es\/index.php\/2024\/09\/24\/la-maestra-migas\/","og_site_name":"MANJON VIVE","article_published_time":"2024-09-24T04:50:15+00:00","article_modified_time":"2024-09-25T19:20:12+00:00","og_image":[{"width":1024,"height":1024,"url":"https:\/\/andresmanjon.es\/wp-content\/uploads\/2024\/09\/BBA0B43C-3287-4DCF-B97B-9B30B7FF8D88.webp","type":"image\/webp"}],"author":"Enrique Alonso Guardia","twitter_card":"summary_large_image","twitter_misc":{"Escrito por":"Enrique Alonso Guardia","Tiempo de lectura":"5 minutos"},"schema":{"@context":"https:\/\/schema.org","@graph":[{"@type":"Article","@id":"https:\/\/andresmanjon.es\/index.php\/2024\/09\/24\/la-maestra-migas\/#article","isPartOf":{"@id":"https:\/\/andresmanjon.es\/index.php\/2024\/09\/24\/la-maestra-migas\/"},"author":{"name":"Enrique Alonso Guardia","@id":"https:\/\/andresmanjon.es\/#\/schema\/person\/c3aa9658a78defc49109499b1f40dc3a"},"headline":"La Maestra Migas","datePublished":"2024-09-24T04:50:15+00:00","dateModified":"2024-09-25T19:20:12+00:00","mainEntityOfPage":{"@id":"https:\/\/andresmanjon.es\/index.php\/2024\/09\/24\/la-maestra-migas\/"},"wordCount":994,"publisher":{"@id":"https:\/\/andresmanjon.es\/#\/schema\/person\/c3aa9658a78defc49109499b1f40dc3a"},"image":{"@id":"https:\/\/andresmanjon.es\/index.php\/2024\/09\/24\/la-maestra-migas\/#primaryimage"},"thumbnailUrl":"https:\/\/i0.wp.com\/andresmanjon.es\/wp-content\/uploads\/2024\/09\/BBA0B43C-3287-4DCF-B97B-9B30B7FF8D88.webp?fit=1024%2C1024&ssl=1","keywords":["abad\u00eda del Sacromonte","Andr\u00e9s Manj\u00f3n","catedr\u00e1tico","educaci\u00f3n para los pobres","ense\u00f1anza en el siglo XIX.","Escuelas del Ave Mar\u00eda","historia de Granada","maestra Migas","pobreza en Granada","Sacromonte","transformaci\u00f3n personal"],"articleSection":["Reflexiones"],"inLanguage":"es"},{"@type":"WebPage","@id":"https:\/\/andresmanjon.es\/index.php\/2024\/09\/24\/la-maestra-migas\/","url":"https:\/\/andresmanjon.es\/index.php\/2024\/09\/24\/la-maestra-migas\/","name":"La Maestra Migas - MANJON VIVE","isPartOf":{"@id":"https:\/\/andresmanjon.es\/#website"},"primaryImageOfPage":{"@id":"https:\/\/andresmanjon.es\/index.php\/2024\/09\/24\/la-maestra-migas\/#primaryimage"},"image":{"@id":"https:\/\/andresmanjon.es\/index.php\/2024\/09\/24\/la-maestra-migas\/#primaryimage"},"thumbnailUrl":"https:\/\/i0.wp.com\/andresmanjon.es\/wp-content\/uploads\/2024\/09\/BBA0B43C-3287-4DCF-B97B-9B30B7FF8D88.webp?fit=1024%2C1024&ssl=1","datePublished":"2024-09-24T04:50:15+00:00","dateModified":"2024-09-25T19:20:12+00:00","description":"La Maestra Migas: El Encuentro que Cambi\u00f3 mi Vida. Era una tarde de est\u00edo, de esas en las que el calor con el aire casi pegajoso.","breadcrumb":{"@id":"https:\/\/andresmanjon.es\/index.php\/2024\/09\/24\/la-maestra-migas\/#breadcrumb"},"inLanguage":"es","potentialAction":[{"@type":"ReadAction","target":["https:\/\/andresmanjon.es\/index.php\/2024\/09\/24\/la-maestra-migas\/"]}]},{"@type":"ImageObject","inLanguage":"es","@id":"https:\/\/andresmanjon.es\/index.php\/2024\/09\/24\/la-maestra-migas\/#primaryimage","url":"https:\/\/i0.wp.com\/andresmanjon.es\/wp-content\/uploads\/2024\/09\/BBA0B43C-3287-4DCF-B97B-9B30B7FF8D88.webp?fit=1024%2C1024&ssl=1","contentUrl":"https:\/\/i0.wp.com\/andresmanjon.es\/wp-content\/uploads\/2024\/09\/BBA0B43C-3287-4DCF-B97B-9B30B7FF8D88.webp?fit=1024%2C1024&ssl=1","width":1024,"height":1024},{"@type":"BreadcrumbList","@id":"https:\/\/andresmanjon.es\/index.php\/2024\/09\/24\/la-maestra-migas\/#breadcrumb","itemListElement":[{"@type":"ListItem","position":1,"name":"Portada","item":"https:\/\/andresmanjon.es\/"},{"@type":"ListItem","position":2,"name":"La Maestra Migas"}]},{"@type":"WebSite","@id":"https:\/\/andresmanjon.es\/#website","url":"https:\/\/andresmanjon.es\/","name":"Andr\u00e9s Manj\u00f3n y Manj\u00f3n","description":"UNA EDUCACI\u00d3N PARA TODOS","publisher":{"@id":"https:\/\/andresmanjon.es\/#\/schema\/person\/c3aa9658a78defc49109499b1f40dc3a"},"potentialAction":[{"@type":"SearchAction","target":{"@type":"EntryPoint","urlTemplate":"https:\/\/andresmanjon.es\/?s={search_term_string}"},"query-input":{"@type":"PropertyValueSpecification","valueRequired":true,"valueName":"search_term_string"}}],"inLanguage":"es"},{"@type":["Person","Organization"],"@id":"https:\/\/andresmanjon.es\/#\/schema\/person\/c3aa9658a78defc49109499b1f40dc3a","name":"Enrique Alonso Guardia","image":{"@type":"ImageObject","inLanguage":"es","@id":"https:\/\/i0.wp.com\/andresmanjon.es\/wp-content\/uploads\/2023\/12\/cropped-logo-1.png?fit=1660%2C548&ssl=1dd6cd788025305c93754fac7facc0ac9","url":"https:\/\/i0.wp.com\/andresmanjon.es\/wp-content\/uploads\/2023\/12\/cropped-logo-1.png?fit=1660%2C548&ssl=1","contentUrl":"https:\/\/i0.wp.com\/andresmanjon.es\/wp-content\/uploads\/2023\/12\/cropped-logo-1.png?fit=1660%2C548&ssl=1","width":1660,"height":548,"caption":"Enrique Alonso Guardia"},"logo":{"@id":"https:\/\/i0.wp.com\/andresmanjon.es\/wp-content\/uploads\/2023\/12\/cropped-logo-1.png?fit=1660%2C548&ssl=1dd6cd788025305c93754fac7facc0ac9"},"sameAs":["http:\/\/www.kalonso.com"],"url":"https:\/\/andresmanjon.es\/index.php\/author\/kalonso\/"}]}},"jetpack_featured_media_url":"https:\/\/i0.wp.com\/andresmanjon.es\/wp-content\/uploads\/2024\/09\/BBA0B43C-3287-4DCF-B97B-9B30B7FF8D88.webp?fit=1024%2C1024&ssl=1","jetpack-related-posts":[{"id":2689,"url":"https:\/\/andresmanjon.es\/index.php\/2025\/10\/17\/alumnos-del-colegio-ave-maria-casa-madre-obtienen-el-jubileo-en-la-abadia-del-sacromonte\/","url_meta":{"origin":1713,"position":0},"title":"Alumnos del Colegio Ave Mar\u00eda Casa Madre obtienen el Jubileo en la Abad\u00eda del Sacromonte","author":"Enrique Alonso Guardia","date":"10\/17\/2025","format":false,"excerpt":"Jubileo en la Abad\u00eda del Sacromonte, El pasado 10 de octubre, m\u00e1s de 500 alumnos, junto a 40 docentes y miembros del AMPA, peregrinaron desde el Colegio Ave Mar\u00eda Casa Madre hasta la Abad\u00eda del Sacromonte, donde obtuvieron las gracias del Jubileo del A\u00f1o de la Esperanza. Fuente original: Archidi\u00f3cesis\u2026","rel":"","context":"En \u00abAcci\u00f3n Manjoniana\u00bb","block_context":{"text":"Acci\u00f3n Manjoniana","link":"https:\/\/andresmanjon.es\/index.php\/category\/accion-manjoniana\/"},"img":{"alt_text":"","src":"https:\/\/i0.wp.com\/andresmanjon.es\/wp-content\/uploads\/2025\/10\/Captura-de-pantalla-2025-10-17-a-las-19.53.46.png?fit=1122%2C836&ssl=1&resize=350%2C200","width":350,"height":200,"srcset":"https:\/\/i0.wp.com\/andresmanjon.es\/wp-content\/uploads\/2025\/10\/Captura-de-pantalla-2025-10-17-a-las-19.53.46.png?fit=1122%2C836&ssl=1&resize=350%2C200 1x, https:\/\/i0.wp.com\/andresmanjon.es\/wp-content\/uploads\/2025\/10\/Captura-de-pantalla-2025-10-17-a-las-19.53.46.png?fit=1122%2C836&ssl=1&resize=525%2C300 1.5x, https:\/\/i0.wp.com\/andresmanjon.es\/wp-content\/uploads\/2025\/10\/Captura-de-pantalla-2025-10-17-a-las-19.53.46.png?fit=1122%2C836&ssl=1&resize=700%2C400 2x, https:\/\/i0.wp.com\/andresmanjon.es\/wp-content\/uploads\/2025\/10\/Captura-de-pantalla-2025-10-17-a-las-19.53.46.png?fit=1122%2C836&ssl=1&resize=1050%2C600 3x"},"classes":[]},{"id":2760,"url":"https:\/\/andresmanjon.es\/index.php\/2025\/11\/23\/presentacion-libro-andres-manjon-granada-2025\/","url_meta":{"origin":1713,"position":1},"title":"Presentaci\u00f3n del libro \u201cANDR\u00c9S MANJ\u00d3N\u00bb","author":"Enrique Alonso Guardia","date":"11\/23\/2025","format":false,"excerpt":"La Abad\u00eda del Sacromonte y la C\u00e1tedra Andr\u00e9s Manj\u00f3n La Abad\u00eda del Sacromonte y la C\u00e1tedra Andr\u00e9s Manj\u00f3n han anunciado la presentaci\u00f3n del libro \u201cANDR\u00c9S MANJ\u00d3N. Una historia en la historia\u201d, del profesor D. Andr\u00e9s Palma Valenzuela, titular de la Universidad de Granada. La obra ha sido editada por la\u2026","rel":"","context":"En \u00abAndr\u00e9s Manj\u00f3n\u00bb","block_context":{"text":"Andr\u00e9s Manj\u00f3n","link":"https:\/\/andresmanjon.es\/index.php\/category\/andres-manjon\/"},"img":{"alt_text":"","src":"https:\/\/i0.wp.com\/andresmanjon.es\/wp-content\/uploads\/2025\/11\/invitacion.jpeg?fit=1200%2C848&ssl=1&resize=350%2C200","width":350,"height":200,"srcset":"https:\/\/i0.wp.com\/andresmanjon.es\/wp-content\/uploads\/2025\/11\/invitacion.jpeg?fit=1200%2C848&ssl=1&resize=350%2C200 1x, https:\/\/i0.wp.com\/andresmanjon.es\/wp-content\/uploads\/2025\/11\/invitacion.jpeg?fit=1200%2C848&ssl=1&resize=525%2C300 1.5x, https:\/\/i0.wp.com\/andresmanjon.es\/wp-content\/uploads\/2025\/11\/invitacion.jpeg?fit=1200%2C848&ssl=1&resize=700%2C400 2x, https:\/\/i0.wp.com\/andresmanjon.es\/wp-content\/uploads\/2025\/11\/invitacion.jpeg?fit=1200%2C848&ssl=1&resize=1050%2C600 3x"},"classes":[]},{"id":2752,"url":"https:\/\/andresmanjon.es\/index.php\/2025\/11\/23\/preparando-el-homenaje-a-andres-manjon-y-manjon\/","url_meta":{"origin":1713,"position":2},"title":"Preparando el homenaje a Andr\u00e9s Manj\u00f3n y Manj\u00f3n","author":"Enrique Alonso Guardia","date":"11\/23\/2025","format":false,"excerpt":"Quinto aniversario de la declaraci\u00f3n de Venerable Con motivo del quinto aniversario de la declaraci\u00f3n de Venerable de nuestro fundador Andr\u00e9s Manj\u00f3n y Manj\u00f3n, desde la web andresmanjon.es nos sumamos a la invitaci\u00f3n que ha hecho la Abad\u00eda del Sacromonte de Granada para el acto de homenaje que se celebrar\u00e1\u2026","rel":"","context":"En \u00abBeatificaci\u00f3n\u00bb","block_context":{"text":"Beatificaci\u00f3n","link":"https:\/\/andresmanjon.es\/index.php\/category\/beatificacion\/"},"img":{"alt_text":"","src":"https:\/\/i0.wp.com\/andresmanjon.es\/wp-content\/uploads\/2025\/11\/DSC02211-980x653-1.jpg?fit=980%2C653&ssl=1&resize=350%2C200","width":350,"height":200,"srcset":"https:\/\/i0.wp.com\/andresmanjon.es\/wp-content\/uploads\/2025\/11\/DSC02211-980x653-1.jpg?fit=980%2C653&ssl=1&resize=350%2C200 1x, https:\/\/i0.wp.com\/andresmanjon.es\/wp-content\/uploads\/2025\/11\/DSC02211-980x653-1.jpg?fit=980%2C653&ssl=1&resize=525%2C300 1.5x, https:\/\/i0.wp.com\/andresmanjon.es\/wp-content\/uploads\/2025\/11\/DSC02211-980x653-1.jpg?fit=980%2C653&ssl=1&resize=700%2C400 2x"},"classes":[]},{"id":1870,"url":"https:\/\/andresmanjon.es\/index.php\/2024\/11\/08\/carta-de-don-andres-manjon-a-dona-paquita\/","url_meta":{"origin":1713,"position":3},"title":"Carta de Don Andr\u00e9s Manj\u00f3n a Do\u00f1a Paquita","author":"Enrique Alonso Guardia","date":"11\/08\/2024","format":false,"excerpt":"Carta de Don Andr\u00e9s Manj\u00f3n a Do\u00f1a Paquita: Un legado eterno en las Escuelas del Ave Mar\u00eda. Desde este rinc\u00f3n de paz, quiero dedicar unas palabras llenas de gratitud a ti, Do\u00f1a Paquita. Tu vida como maestra no termin\u00f3 cuando se apag\u00f3 la \u00faltima lecci\u00f3n. Sigue viva en cada sonrisa\u2026","rel":"","context":"En \u00ab\u00a1Gracias!\u00bb","block_context":{"text":"\u00a1Gracias!","link":"https:\/\/andresmanjon.es\/index.php\/category\/gracias\/"},"img":{"alt_text":"","src":"https:\/\/i0.wp.com\/andresmanjon.es\/wp-content\/uploads\/2024\/11\/donapaquita_00002.jpg?fit=903%2C1200&ssl=1&resize=350%2C200","width":350,"height":200,"srcset":"https:\/\/i0.wp.com\/andresmanjon.es\/wp-content\/uploads\/2024\/11\/donapaquita_00002.jpg?fit=903%2C1200&ssl=1&resize=350%2C200 1x, https:\/\/i0.wp.com\/andresmanjon.es\/wp-content\/uploads\/2024\/11\/donapaquita_00002.jpg?fit=903%2C1200&ssl=1&resize=525%2C300 1.5x, https:\/\/i0.wp.com\/andresmanjon.es\/wp-content\/uploads\/2024\/11\/donapaquita_00002.jpg?fit=903%2C1200&ssl=1&resize=700%2C400 2x"},"classes":[]},{"id":1788,"url":"https:\/\/andresmanjon.es\/index.php\/2024\/10\/13\/12-de-octubre-aniversario-del-inicio-de-las-escuelas-del-ave-maria\/","url_meta":{"origin":1713,"position":4},"title":"12 de octubre, aniversario del inicio de las escuelas del Ave Mar\u00eda","author":"Enrique Alonso Guardia","date":"10\/13\/2024","format":false,"excerpt":"12 de octubre - Por Enrique Gervilla. Patrono de las Escuelas del Ave Mar\u00eda de Granada. En su ultima misiva, don Enrique se dirig\u00eda a los miembros de la comunidad avemariana con estas palabras: \"Las personas recordamos con agrado ciertas fechas memorables: personales, familiares, institucionales o sociales\u2026 Todas tienen un\u2026","rel":"","context":"En \u00abEnrique Gervilla\u00bb","block_context":{"text":"Enrique Gervilla","link":"https:\/\/andresmanjon.es\/index.php\/category\/enrique-gervilla\/"},"img":{"alt_text":"","src":"https:\/\/i0.wp.com\/andresmanjon.es\/wp-content\/uploads\/2024\/10\/4D460980-5E66-4DA2-8669-14CBC12F1627-scaled.jpeg?fit=900%2C1200&ssl=1&resize=350%2C200","width":350,"height":200,"srcset":"https:\/\/i0.wp.com\/andresmanjon.es\/wp-content\/uploads\/2024\/10\/4D460980-5E66-4DA2-8669-14CBC12F1627-scaled.jpeg?fit=900%2C1200&ssl=1&resize=350%2C200 1x, https:\/\/i0.wp.com\/andresmanjon.es\/wp-content\/uploads\/2024\/10\/4D460980-5E66-4DA2-8669-14CBC12F1627-scaled.jpeg?fit=900%2C1200&ssl=1&resize=525%2C300 1.5x, https:\/\/i0.wp.com\/andresmanjon.es\/wp-content\/uploads\/2024\/10\/4D460980-5E66-4DA2-8669-14CBC12F1627-scaled.jpeg?fit=900%2C1200&ssl=1&resize=700%2C400 2x"},"classes":[]},{"id":2362,"url":"https:\/\/andresmanjon.es\/index.php\/2024\/12\/04\/maria-la-maestra-de-maestros-y-maestras\/","url_meta":{"origin":1713,"position":5},"title":"Mar\u00eda, la Maestra de Maestros y Maestras","author":"Enrique Alonso Guardia","date":"12\/04\/2024","format":false,"excerpt":"Queridos amigos\/as del legado manjoniano, hablemos de Mar\u00eda. Este 8 de diciembre celebramos una de las fiestas m\u00e1s hermosas de nuestra fe: la Solemnidad de la Inmaculada Concepci\u00f3n. Es un d\u00eda para mirar a Mar\u00eda, nuestra Madre, que fue concebida sin pecado por un acto especial de amor de Dios.\u2026","rel":"","context":"En \u00abInterioridad Manjoniana\u00bb","block_context":{"text":"Interioridad Manjoniana","link":"https:\/\/andresmanjon.es\/index.php\/category\/interioridad-manjoniana\/"},"img":{"alt_text":"","src":"https:\/\/i0.wp.com\/andresmanjon.es\/wp-content\/uploads\/2024\/12\/Inmaculada.png?fit=595%2C842&ssl=1&resize=350%2C200","width":350,"height":200,"srcset":"https:\/\/i0.wp.com\/andresmanjon.es\/wp-content\/uploads\/2024\/12\/Inmaculada.png?fit=595%2C842&ssl=1&resize=350%2C200 1x, https:\/\/i0.wp.com\/andresmanjon.es\/wp-content\/uploads\/2024\/12\/Inmaculada.png?fit=595%2C842&ssl=1&resize=525%2C300 1.5x"},"classes":[]}],"jetpack_sharing_enabled":true,"authors":[{"term_id":18,"user_id":2,"is_guest":0,"slug":"kalonso","display_name":"Enrique Alonso Guardia","avatar_url":"https:\/\/secure.gravatar.com\/avatar\/8dedfb85376f5619df87b798562554716430c51bdd4ee2c6cb09011dd04878a9?s=96&d=mm&r=g","0":null,"1":"","2":"","3":"","4":"","5":"","6":"","7":"","8":""}],"_links":{"self":[{"href":"https:\/\/andresmanjon.es\/index.php\/wp-json\/wp\/v2\/posts\/1713","targetHints":{"allow":["GET"]}}],"collection":[{"href":"https:\/\/andresmanjon.es\/index.php\/wp-json\/wp\/v2\/posts"}],"about":[{"href":"https:\/\/andresmanjon.es\/index.php\/wp-json\/wp\/v2\/types\/post"}],"author":[{"embeddable":true,"href":"https:\/\/andresmanjon.es\/index.php\/wp-json\/wp\/v2\/users\/2"}],"replies":[{"embeddable":true,"href":"https:\/\/andresmanjon.es\/index.php\/wp-json\/wp\/v2\/comments?post=1713"}],"version-history":[{"count":1,"href":"https:\/\/andresmanjon.es\/index.php\/wp-json\/wp\/v2\/posts\/1713\/revisions"}],"predecessor-version":[{"id":1719,"href":"https:\/\/andresmanjon.es\/index.php\/wp-json\/wp\/v2\/posts\/1713\/revisions\/1719"}],"wp:featuredmedia":[{"embeddable":true,"href":"https:\/\/andresmanjon.es\/index.php\/wp-json\/wp\/v2\/media\/1717"}],"wp:attachment":[{"href":"https:\/\/andresmanjon.es\/index.php\/wp-json\/wp\/v2\/media?parent=1713"}],"wp:term":[{"taxonomy":"category","embeddable":true,"href":"https:\/\/andresmanjon.es\/index.php\/wp-json\/wp\/v2\/categories?post=1713"},{"taxonomy":"post_tag","embeddable":true,"href":"https:\/\/andresmanjon.es\/index.php\/wp-json\/wp\/v2\/tags?post=1713"},{"taxonomy":"author","embeddable":true,"href":"https:\/\/andresmanjon.es\/index.php\/wp-json\/wp\/v2\/ppma_author?post=1713"}],"curies":[{"name":"wp","href":"https:\/\/api.w.org\/{rel}","templated":true}]}}