{"id":1669,"date":"2024-09-14T03:56:06","date_gmt":"2024-09-14T02:56:06","guid":{"rendered":"https:\/\/andresmanjon.es\/?p=1669"},"modified":"2024-10-23T15:15:54","modified_gmt":"2024-10-23T14:15:54","slug":"manjon-el-docente-que-conectaba-cielo-y-tierra","status":"publish","type":"post","link":"https:\/\/andresmanjon.es\/index.php\/2024\/09\/14\/manjon-el-docente-que-conectaba-cielo-y-tierra\/","title":{"rendered":"Manj\u00f3n: El Docente que Conectaba Cielo y Tierra"},"content":{"rendered":"<p><img data-recalc-dims=\"1\" fetchpriority=\"high\" decoding=\"async\" class=\"alignright wp-image-1670 size-medium\" src=\"https:\/\/i0.wp.com\/andresmanjon.es\/wp-content\/uploads\/2024\/09\/IMG_2335.png?resize=300%2C300&#038;ssl=1\" alt=\"Frase de Manj\u00f3n \" width=\"300\" height=\"300\" srcset=\"https:\/\/i0.wp.com\/andresmanjon.es\/wp-content\/uploads\/2024\/09\/IMG_2335.png?resize=300%2C300&amp;ssl=1 300w, https:\/\/i0.wp.com\/andresmanjon.es\/wp-content\/uploads\/2024\/09\/IMG_2335.png?resize=1024%2C1024&amp;ssl=1 1024w, https:\/\/i0.wp.com\/andresmanjon.es\/wp-content\/uploads\/2024\/09\/IMG_2335.png?resize=150%2C150&amp;ssl=1 150w, https:\/\/i0.wp.com\/andresmanjon.es\/wp-content\/uploads\/2024\/09\/IMG_2335.png?resize=768%2C768&amp;ssl=1 768w, https:\/\/i0.wp.com\/andresmanjon.es\/wp-content\/uploads\/2024\/09\/IMG_2335.png?resize=1536%2C1536&amp;ssl=1 1536w, https:\/\/i0.wp.com\/andresmanjon.es\/wp-content\/uploads\/2024\/09\/IMG_2335.png?resize=2048%2C2048&amp;ssl=1 2048w, https:\/\/i0.wp.com\/andresmanjon.es\/wp-content\/uploads\/2024\/09\/IMG_2335.png?w=1600&amp;ssl=1 1600w\" sizes=\"(max-width: 300px) 100vw, 300px\" \/>Cuando pensamos en educaci\u00f3n, a menudo nos enfocamos en m\u00e9todos, t\u00e9cnicas y curr\u00edculos. Pero Andr\u00e9s Manj\u00f3n, referente indiscutible, nos invita a mirar m\u00e1s all\u00e1. Para \u00e9l, educar no era solo transmitir conocimientos, sino ayudar a cada persona a descubrir esa chispa divina que lleva dentro, es decir, conectar el cielo y la tierra.<\/p>\n<p>Manj\u00f3n afirmaba: \u00ab<em>Educar es desarrollar y desenvolver los g\u00e9rmenes de todo lo bueno que Dios ha plantado en el ser humano<\/em>\u00bb. Esta frase, cargada de profundidad, nos hace reflexionar sobre nuestro papel como docentes. \u00bfSomos conscientes del impacto que tenemos en la interioridad de nuestro alumnado? Somos docentes que conectan el cielo y la tierra.<\/p>\n<h2>El Docente como Gu\u00eda de Interioridad<\/h2>\n<p>M\u00e1s all\u00e1 de impartir lecciones, Manj\u00f3n ve\u00eda al docente como un acompa\u00f1ante o gu\u00eda en el despertar de las facultades humanas y espirituales. Educar es, para \u00e9l, un acto profundamente humano y divino. Cada d\u00eda en el aula es una oportunidad para tocar corazones, para encender esa llama interior que cada ni\u00f1o y ni\u00f1a posee.<\/p>\n<p>\u00bfHas sentido alguna vez esa conexi\u00f3n especial en clase, cuando una idea reson\u00f3 profundamente en tu alumnado? Ese es el momento en que nos convertimos en m\u00e1s que instructores; somos inspiradores, despertadores de almas, y esto no tiene precio.<\/p>\n<h2>Cultivando la Semilla de la Espiritualidad<\/h2>\n<p>Nuestro alumnado no es una p\u00e1gina en blanco a escribir, como se cree. M\u00e1s bien, son viajeros y viajeras que ya traen consigo un equipaje repleto de vivencias, creencias, ideas y sentimientos.<\/p>\n<p>Manj\u00f3n nos recuerda que no estamos aqu\u00ed para dictar cada paso del camino. No estamos para llevar en andas al alumno como el \u201cmaestro camello\u201d. Nuestra tarea es despertar, sugerir, acompa\u00f1ar en su propio viaje, proporcion\u00e1ndoles las herramientas y el apoyo necesario para que descubran y desarrollen su potencial innato.<\/p>\n<p>\u00bfC\u00f3mo podemos, entonces, fomentar un entorno donde cada estudiante se sienta valorado y motivado a explorar lo mejor de s\u00ed? Quiz\u00e1s sea a trav\u00e9s de rutas de aprendizaje manjonianas que reflejen sus intereses, o simplemente escuch\u00e1ndoles con atenci\u00f3n y respeto mientras comparten sus experiencias y perspectivas. O quiz\u00e1s, con un compromiso por desarrollar las competencias por las que opt\u00f3 don Andr\u00e9s y que las leyes de educaci\u00f3n nos proponen en la actualidad.<\/p>\n<h2>Formando Seres Humanos Integrales<\/h2>\n<p>En una sociedad que a menudo se centra en resultados, cifras, tecnolog\u00edas y redes sociales, Manj\u00f3n nos invita a mirar al ser humano en su totalidad. Nuestra labor es formar personas capaces de responder no solo a las demandas acad\u00e9micas, sino tambi\u00e9n a las necesidades espirituales y emocionales que la comunidad en la que vivimos necesita.<\/p>\n<p>\u00bfEstamos preparando a nuestro alumnado para enfrentar el mundo de la tecnolog\u00eda y la inteligencia artificial con criterio, empat\u00eda, resiliencia y prop\u00f3sito? \u00bfC\u00f3mo podemos integrar valores esenciales en nuestras ense\u00f1anzas diarias, mirando siempre hacia lo alto?<\/p>\n<h2>El Aula como Espacio Sagrado<\/h2>\n<p>Imagina tu aula no solo como un espacio f\u00edsico, sino como un lugar donde lo humano y lo divino se encuentran. \u00bfY si Dios te ayudara cada ma\u00f1ana a llevar tu aula adelante?<\/p>\n<p>Cada interacci\u00f3n es una semilla que puede florecer en el futuro. Al vernos como facilitadores de este encuentro, nuestra vocaci\u00f3n adquiere un significado m\u00e1s profundo.<\/p>\n<p>\u00bfY si cada clase la vi\u00e9ramos como una oportunidad \u00fanica para influir positivamente en la interioridad de nuestro alumnado? \u00bfC\u00f3mo cambiar\u00eda eso nuestra perspectiva diaria?<\/p>\n<h2>M\u00e1s All\u00e1 de las Cuatro Paredes<\/h2>\n<p>Para Manj\u00f3n, la educaci\u00f3n trascend\u00eda el aula. Era un proceso que abarcaba toda la vida, desde la infancia hasta la madurez. Como docentes, tenemos la oportunidad de influir no solo en el presente de nuestro alumnado, sino tambi\u00e9n en su futuro.<\/p>\n<p>\u00bfQu\u00e9 legado queremos dejar en ellas y ellos? \u00bfC\u00f3mo podemos inspirarles a ser agentes de cambio positivo en sus comunidades?<\/p>\n<h2>El Privilegio de Educar<\/h2>\n<p>Ser docente es uno de los mayores privilegios y responsabilidades que existen. Es la profesi\u00f3n que permite todas las otras. Siguiendo el ejemplo de Manj\u00f3n, podemos aspirar a ser gu\u00edas que no solo forman, sino que transforman. Por supuesto, todo para la dignidad de la comunidad en la que estamos insertos.<\/p>\n<p>Recuerda que cada gesto, cada palabra y cada acci\u00f3n no es neutra. Podemos dejar una huella imborrable y trazar puentes hacia una espiritualidad profunda, enraizada en la experiencia de Dios, Padre bueno.<\/p>\n<p>Pues eso. La transformaci\u00f3n comienza dentro.<\/p>\n<p>\u00bfC\u00f3mo aplicas en tu d\u00eda a d\u00eda la visi\u00f3n educativa de Andr\u00e9s Manj\u00f3n?<\/p>\n<h2>ENLACES INTERESANTES<\/h2>\n<ul>\n<li><a href=\"https:\/\/andresmanjon.es\/index.php\/2024\/05\/28\/andres-manjon-un-legado-de-educacion-y-un-camino-hacia-la-santidad\/\">Andr\u00e9s Manj\u00f3n: Un legado de educaci\u00f3n y un camino hacia la santidad<\/a><\/li>\n<li><a href=\"https:\/\/andresmanjon.es\/index.php\/centenario-de-la-muerte-de-don-andres-manjon\/\">CENTENARIO DE LA MUERTE DE DON ANDR\u00c9S MANJ\u00d3N<\/a><\/li>\n<li><a href=\"https:\/\/www.revistamision.com\/como-poner-a-dios-en-el-centro-de-tu-vida\/\">C\u00f3mo poner a Dios en el centro de tu vida<\/a><\/li>\n<\/ul>\n","protected":false},"excerpt":{"rendered":"<p>Cuando pensamos en educaci\u00f3n, a menudo nos enfocamos en m\u00e9todos, t\u00e9cnicas y curr\u00edculos. Pero Andr\u00e9s Manj\u00f3n, referente indiscutible, nos invita a mirar m\u00e1s all\u00e1. Para \u00e9l, educar no era solo transmitir conocimientos, sino ayudar a cada persona a descubrir esa chispa divina que lleva dentro, es decir, conectar el cielo y la tierra. Manj\u00f3n afirmaba: [&hellip;]<\/p>\n","protected":false},"author":2,"featured_media":1670,"comment_status":"closed","ping_status":"closed","sticky":false,"template":"","format":"standard","meta":{"jetpack_post_was_ever_published":false,"_jetpack_newsletter_access":"","_jetpack_dont_email_post_to_subs":false,"_jetpack_newsletter_tier_id":0,"_jetpack_memberships_contains_paywalled_content":false,"_jetpack_memberships_contains_paid_content":false,"footnotes":""},"categories":[129],"tags":[38,66,65,67,68,57],"ppma_author":[18],"class_list":["post-1669","post","type-post","status-publish","format-standard","has-post-thumbnail","hentry","category-interioridad-manjoniana","tag-andres-manjon","tag-docentes-inspiradores","tag-educacion-espiritual","tag-formacion-integral","tag-guia-espiritual","tag-pedagogia-manjoniana"],"yoast_head":"<!-- This site is optimized with the Yoast SEO plugin v27.5 - https:\/\/yoast.com\/product\/yoast-seo-wordpress\/ -->\n<title>Manj\u00f3n: El Docente que Conectaba Cielo y Tierra - MANJON VIVE<\/title>\n<meta name=\"description\" content=\"Descubre el legado de Andr\u00e9s Manj\u00f3n y su visi\u00f3n de la educaci\u00f3n como un puente entre lo humano y lo divino. Conectar cielo y tierra\" \/>\n<meta name=\"robots\" content=\"index, follow, max-snippet:-1, max-image-preview:large, max-video-preview:-1\" \/>\n<link rel=\"canonical\" href=\"https:\/\/andresmanjon.es\/index.php\/2024\/09\/14\/manjon-el-docente-que-conectaba-cielo-y-tierra\/\" \/>\n<meta property=\"og:locale\" content=\"es_ES\" \/>\n<meta property=\"og:type\" content=\"article\" \/>\n<meta property=\"og:title\" content=\"Manj\u00f3n: El Docente que Conectaba Cielo y Tierra - MANJON VIVE\" \/>\n<meta property=\"og:description\" content=\"Descubre el legado de Andr\u00e9s Manj\u00f3n y su visi\u00f3n de la educaci\u00f3n como un puente entre lo humano y lo divino. Conectar cielo y tierra\" \/>\n<meta property=\"og:url\" content=\"https:\/\/andresmanjon.es\/index.php\/2024\/09\/14\/manjon-el-docente-que-conectaba-cielo-y-tierra\/\" \/>\n<meta property=\"og:site_name\" content=\"MANJON VIVE\" \/>\n<meta property=\"article:published_time\" content=\"2024-09-14T02:56:06+00:00\" \/>\n<meta property=\"article:modified_time\" content=\"2024-10-23T14:15:54+00:00\" \/>\n<meta property=\"og:image\" content=\"https:\/\/andresmanjon.es\/wp-content\/uploads\/2024\/09\/IMG_2335-1024x1024.png\" \/>\n\t<meta property=\"og:image:width\" content=\"1024\" \/>\n\t<meta property=\"og:image:height\" content=\"1024\" \/>\n\t<meta property=\"og:image:type\" content=\"image\/png\" \/>\n<meta name=\"author\" content=\"Enrique Alonso Guardia\" \/>\n<meta name=\"twitter:card\" content=\"summary_large_image\" \/>\n<meta name=\"twitter:label1\" content=\"Escrito por\" \/>\n\t<meta name=\"twitter:data1\" content=\"Enrique Alonso Guardia\" \/>\n\t<meta name=\"twitter:label2\" content=\"Tiempo de lectura\" \/>\n\t<meta name=\"twitter:data2\" content=\"4 minutos\" \/>\n<script type=\"application\/ld+json\" class=\"yoast-schema-graph\">{\"@context\":\"https:\\\/\\\/schema.org\",\"@graph\":[{\"@type\":\"Article\",\"@id\":\"https:\\\/\\\/andresmanjon.es\\\/index.php\\\/2024\\\/09\\\/14\\\/manjon-el-docente-que-conectaba-cielo-y-tierra\\\/#article\",\"isPartOf\":{\"@id\":\"https:\\\/\\\/andresmanjon.es\\\/index.php\\\/2024\\\/09\\\/14\\\/manjon-el-docente-que-conectaba-cielo-y-tierra\\\/\"},\"author\":{\"name\":\"Enrique Alonso Guardia\",\"@id\":\"https:\\\/\\\/andresmanjon.es\\\/#\\\/schema\\\/person\\\/c3aa9658a78defc49109499b1f40dc3a\"},\"headline\":\"Manj\u00f3n: El Docente que Conectaba Cielo y Tierra\",\"datePublished\":\"2024-09-14T02:56:06+00:00\",\"dateModified\":\"2024-10-23T14:15:54+00:00\",\"mainEntityOfPage\":{\"@id\":\"https:\\\/\\\/andresmanjon.es\\\/index.php\\\/2024\\\/09\\\/14\\\/manjon-el-docente-que-conectaba-cielo-y-tierra\\\/\"},\"wordCount\":839,\"publisher\":{\"@id\":\"https:\\\/\\\/andresmanjon.es\\\/#\\\/schema\\\/person\\\/c3aa9658a78defc49109499b1f40dc3a\"},\"image\":{\"@id\":\"https:\\\/\\\/andresmanjon.es\\\/index.php\\\/2024\\\/09\\\/14\\\/manjon-el-docente-que-conectaba-cielo-y-tierra\\\/#primaryimage\"},\"thumbnailUrl\":\"https:\\\/\\\/i0.wp.com\\\/andresmanjon.es\\\/wp-content\\\/uploads\\\/2024\\\/09\\\/IMG_2335.png?fit=2160%2C2160&ssl=1\",\"keywords\":[\"Andr\u00e9s Manj\u00f3n\",\"docentes inspiradores\",\"educaci\u00f3n espiritual\",\"formaci\u00f3n integral\",\"gu\u00eda espiritual\",\"Pedagog\u00eda manjoniana\"],\"articleSection\":[\"Interioridad Manjoniana\"],\"inLanguage\":\"es\"},{\"@type\":\"WebPage\",\"@id\":\"https:\\\/\\\/andresmanjon.es\\\/index.php\\\/2024\\\/09\\\/14\\\/manjon-el-docente-que-conectaba-cielo-y-tierra\\\/\",\"url\":\"https:\\\/\\\/andresmanjon.es\\\/index.php\\\/2024\\\/09\\\/14\\\/manjon-el-docente-que-conectaba-cielo-y-tierra\\\/\",\"name\":\"Manj\u00f3n: El Docente que Conectaba Cielo y Tierra - MANJON VIVE\",\"isPartOf\":{\"@id\":\"https:\\\/\\\/andresmanjon.es\\\/#website\"},\"primaryImageOfPage\":{\"@id\":\"https:\\\/\\\/andresmanjon.es\\\/index.php\\\/2024\\\/09\\\/14\\\/manjon-el-docente-que-conectaba-cielo-y-tierra\\\/#primaryimage\"},\"image\":{\"@id\":\"https:\\\/\\\/andresmanjon.es\\\/index.php\\\/2024\\\/09\\\/14\\\/manjon-el-docente-que-conectaba-cielo-y-tierra\\\/#primaryimage\"},\"thumbnailUrl\":\"https:\\\/\\\/i0.wp.com\\\/andresmanjon.es\\\/wp-content\\\/uploads\\\/2024\\\/09\\\/IMG_2335.png?fit=2160%2C2160&ssl=1\",\"datePublished\":\"2024-09-14T02:56:06+00:00\",\"dateModified\":\"2024-10-23T14:15:54+00:00\",\"description\":\"Descubre el legado de Andr\u00e9s Manj\u00f3n y su visi\u00f3n de la educaci\u00f3n como un puente entre lo humano y lo divino. Conectar cielo y tierra\",\"breadcrumb\":{\"@id\":\"https:\\\/\\\/andresmanjon.es\\\/index.php\\\/2024\\\/09\\\/14\\\/manjon-el-docente-que-conectaba-cielo-y-tierra\\\/#breadcrumb\"},\"inLanguage\":\"es\",\"potentialAction\":[{\"@type\":\"ReadAction\",\"target\":[\"https:\\\/\\\/andresmanjon.es\\\/index.php\\\/2024\\\/09\\\/14\\\/manjon-el-docente-que-conectaba-cielo-y-tierra\\\/\"]}]},{\"@type\":\"ImageObject\",\"inLanguage\":\"es\",\"@id\":\"https:\\\/\\\/andresmanjon.es\\\/index.php\\\/2024\\\/09\\\/14\\\/manjon-el-docente-que-conectaba-cielo-y-tierra\\\/#primaryimage\",\"url\":\"https:\\\/\\\/i0.wp.com\\\/andresmanjon.es\\\/wp-content\\\/uploads\\\/2024\\\/09\\\/IMG_2335.png?fit=2160%2C2160&ssl=1\",\"contentUrl\":\"https:\\\/\\\/i0.wp.com\\\/andresmanjon.es\\\/wp-content\\\/uploads\\\/2024\\\/09\\\/IMG_2335.png?fit=2160%2C2160&ssl=1\",\"width\":2160,\"height\":2160,\"caption\":\"Frase de Manj\u00f3n\"},{\"@type\":\"BreadcrumbList\",\"@id\":\"https:\\\/\\\/andresmanjon.es\\\/index.php\\\/2024\\\/09\\\/14\\\/manjon-el-docente-que-conectaba-cielo-y-tierra\\\/#breadcrumb\",\"itemListElement\":[{\"@type\":\"ListItem\",\"position\":1,\"name\":\"Portada\",\"item\":\"https:\\\/\\\/andresmanjon.es\\\/\"},{\"@type\":\"ListItem\",\"position\":2,\"name\":\"Manj\u00f3n: El Docente que Conectaba Cielo y Tierra\"}]},{\"@type\":\"WebSite\",\"@id\":\"https:\\\/\\\/andresmanjon.es\\\/#website\",\"url\":\"https:\\\/\\\/andresmanjon.es\\\/\",\"name\":\"Andr\u00e9s Manj\u00f3n y Manj\u00f3n\",\"description\":\"UNA EDUCACI\u00d3N PARA TODOS\",\"publisher\":{\"@id\":\"https:\\\/\\\/andresmanjon.es\\\/#\\\/schema\\\/person\\\/c3aa9658a78defc49109499b1f40dc3a\"},\"potentialAction\":[{\"@type\":\"SearchAction\",\"target\":{\"@type\":\"EntryPoint\",\"urlTemplate\":\"https:\\\/\\\/andresmanjon.es\\\/?s={search_term_string}\"},\"query-input\":{\"@type\":\"PropertyValueSpecification\",\"valueRequired\":true,\"valueName\":\"search_term_string\"}}],\"inLanguage\":\"es\"},{\"@type\":[\"Person\",\"Organization\"],\"@id\":\"https:\\\/\\\/andresmanjon.es\\\/#\\\/schema\\\/person\\\/c3aa9658a78defc49109499b1f40dc3a\",\"name\":\"Enrique Alonso Guardia\",\"image\":{\"@type\":\"ImageObject\",\"inLanguage\":\"es\",\"@id\":\"https:\\\/\\\/i0.wp.com\\\/andresmanjon.es\\\/wp-content\\\/uploads\\\/2023\\\/12\\\/cropped-logo-1.png?fit=1660%2C548&ssl=1dd6cd788025305c93754fac7facc0ac9\",\"url\":\"https:\\\/\\\/i0.wp.com\\\/andresmanjon.es\\\/wp-content\\\/uploads\\\/2023\\\/12\\\/cropped-logo-1.png?fit=1660%2C548&ssl=1\",\"contentUrl\":\"https:\\\/\\\/i0.wp.com\\\/andresmanjon.es\\\/wp-content\\\/uploads\\\/2023\\\/12\\\/cropped-logo-1.png?fit=1660%2C548&ssl=1\",\"width\":1660,\"height\":548,\"caption\":\"Enrique Alonso Guardia\"},\"logo\":{\"@id\":\"https:\\\/\\\/i0.wp.com\\\/andresmanjon.es\\\/wp-content\\\/uploads\\\/2023\\\/12\\\/cropped-logo-1.png?fit=1660%2C548&ssl=1dd6cd788025305c93754fac7facc0ac9\"},\"sameAs\":[\"http:\\\/\\\/www.kalonso.com\"],\"url\":\"https:\\\/\\\/andresmanjon.es\\\/index.php\\\/author\\\/kalonso\\\/\"}]}<\/script>\n<!-- \/ Yoast SEO plugin. -->","yoast_head_json":{"title":"Manj\u00f3n: El Docente que Conectaba Cielo y Tierra - MANJON VIVE","description":"Descubre el legado de Andr\u00e9s Manj\u00f3n y su visi\u00f3n de la educaci\u00f3n como un puente entre lo humano y lo divino. Conectar cielo y tierra","robots":{"index":"index","follow":"follow","max-snippet":"max-snippet:-1","max-image-preview":"max-image-preview:large","max-video-preview":"max-video-preview:-1"},"canonical":"https:\/\/andresmanjon.es\/index.php\/2024\/09\/14\/manjon-el-docente-que-conectaba-cielo-y-tierra\/","og_locale":"es_ES","og_type":"article","og_title":"Manj\u00f3n: El Docente que Conectaba Cielo y Tierra - MANJON VIVE","og_description":"Descubre el legado de Andr\u00e9s Manj\u00f3n y su visi\u00f3n de la educaci\u00f3n como un puente entre lo humano y lo divino. Conectar cielo y tierra","og_url":"https:\/\/andresmanjon.es\/index.php\/2024\/09\/14\/manjon-el-docente-que-conectaba-cielo-y-tierra\/","og_site_name":"MANJON VIVE","article_published_time":"2024-09-14T02:56:06+00:00","article_modified_time":"2024-10-23T14:15:54+00:00","og_image":[{"width":1024,"height":1024,"url":"https:\/\/andresmanjon.es\/wp-content\/uploads\/2024\/09\/IMG_2335-1024x1024.png","type":"image\/png"}],"author":"Enrique Alonso Guardia","twitter_card":"summary_large_image","twitter_misc":{"Escrito por":"Enrique Alonso Guardia","Tiempo de lectura":"4 minutos"},"schema":{"@context":"https:\/\/schema.org","@graph":[{"@type":"Article","@id":"https:\/\/andresmanjon.es\/index.php\/2024\/09\/14\/manjon-el-docente-que-conectaba-cielo-y-tierra\/#article","isPartOf":{"@id":"https:\/\/andresmanjon.es\/index.php\/2024\/09\/14\/manjon-el-docente-que-conectaba-cielo-y-tierra\/"},"author":{"name":"Enrique Alonso Guardia","@id":"https:\/\/andresmanjon.es\/#\/schema\/person\/c3aa9658a78defc49109499b1f40dc3a"},"headline":"Manj\u00f3n: El Docente que Conectaba Cielo y Tierra","datePublished":"2024-09-14T02:56:06+00:00","dateModified":"2024-10-23T14:15:54+00:00","mainEntityOfPage":{"@id":"https:\/\/andresmanjon.es\/index.php\/2024\/09\/14\/manjon-el-docente-que-conectaba-cielo-y-tierra\/"},"wordCount":839,"publisher":{"@id":"https:\/\/andresmanjon.es\/#\/schema\/person\/c3aa9658a78defc49109499b1f40dc3a"},"image":{"@id":"https:\/\/andresmanjon.es\/index.php\/2024\/09\/14\/manjon-el-docente-que-conectaba-cielo-y-tierra\/#primaryimage"},"thumbnailUrl":"https:\/\/i0.wp.com\/andresmanjon.es\/wp-content\/uploads\/2024\/09\/IMG_2335.png?fit=2160%2C2160&ssl=1","keywords":["Andr\u00e9s Manj\u00f3n","docentes inspiradores","educaci\u00f3n espiritual","formaci\u00f3n integral","gu\u00eda espiritual","Pedagog\u00eda manjoniana"],"articleSection":["Interioridad Manjoniana"],"inLanguage":"es"},{"@type":"WebPage","@id":"https:\/\/andresmanjon.es\/index.php\/2024\/09\/14\/manjon-el-docente-que-conectaba-cielo-y-tierra\/","url":"https:\/\/andresmanjon.es\/index.php\/2024\/09\/14\/manjon-el-docente-que-conectaba-cielo-y-tierra\/","name":"Manj\u00f3n: El Docente que Conectaba Cielo y Tierra - MANJON VIVE","isPartOf":{"@id":"https:\/\/andresmanjon.es\/#website"},"primaryImageOfPage":{"@id":"https:\/\/andresmanjon.es\/index.php\/2024\/09\/14\/manjon-el-docente-que-conectaba-cielo-y-tierra\/#primaryimage"},"image":{"@id":"https:\/\/andresmanjon.es\/index.php\/2024\/09\/14\/manjon-el-docente-que-conectaba-cielo-y-tierra\/#primaryimage"},"thumbnailUrl":"https:\/\/i0.wp.com\/andresmanjon.es\/wp-content\/uploads\/2024\/09\/IMG_2335.png?fit=2160%2C2160&ssl=1","datePublished":"2024-09-14T02:56:06+00:00","dateModified":"2024-10-23T14:15:54+00:00","description":"Descubre el legado de Andr\u00e9s Manj\u00f3n y su visi\u00f3n de la educaci\u00f3n como un puente entre lo humano y lo divino. Conectar cielo y tierra","breadcrumb":{"@id":"https:\/\/andresmanjon.es\/index.php\/2024\/09\/14\/manjon-el-docente-que-conectaba-cielo-y-tierra\/#breadcrumb"},"inLanguage":"es","potentialAction":[{"@type":"ReadAction","target":["https:\/\/andresmanjon.es\/index.php\/2024\/09\/14\/manjon-el-docente-que-conectaba-cielo-y-tierra\/"]}]},{"@type":"ImageObject","inLanguage":"es","@id":"https:\/\/andresmanjon.es\/index.php\/2024\/09\/14\/manjon-el-docente-que-conectaba-cielo-y-tierra\/#primaryimage","url":"https:\/\/i0.wp.com\/andresmanjon.es\/wp-content\/uploads\/2024\/09\/IMG_2335.png?fit=2160%2C2160&ssl=1","contentUrl":"https:\/\/i0.wp.com\/andresmanjon.es\/wp-content\/uploads\/2024\/09\/IMG_2335.png?fit=2160%2C2160&ssl=1","width":2160,"height":2160,"caption":"Frase de Manj\u00f3n"},{"@type":"BreadcrumbList","@id":"https:\/\/andresmanjon.es\/index.php\/2024\/09\/14\/manjon-el-docente-que-conectaba-cielo-y-tierra\/#breadcrumb","itemListElement":[{"@type":"ListItem","position":1,"name":"Portada","item":"https:\/\/andresmanjon.es\/"},{"@type":"ListItem","position":2,"name":"Manj\u00f3n: El Docente que Conectaba Cielo y Tierra"}]},{"@type":"WebSite","@id":"https:\/\/andresmanjon.es\/#website","url":"https:\/\/andresmanjon.es\/","name":"Andr\u00e9s Manj\u00f3n y Manj\u00f3n","description":"UNA EDUCACI\u00d3N PARA TODOS","publisher":{"@id":"https:\/\/andresmanjon.es\/#\/schema\/person\/c3aa9658a78defc49109499b1f40dc3a"},"potentialAction":[{"@type":"SearchAction","target":{"@type":"EntryPoint","urlTemplate":"https:\/\/andresmanjon.es\/?s={search_term_string}"},"query-input":{"@type":"PropertyValueSpecification","valueRequired":true,"valueName":"search_term_string"}}],"inLanguage":"es"},{"@type":["Person","Organization"],"@id":"https:\/\/andresmanjon.es\/#\/schema\/person\/c3aa9658a78defc49109499b1f40dc3a","name":"Enrique Alonso Guardia","image":{"@type":"ImageObject","inLanguage":"es","@id":"https:\/\/i0.wp.com\/andresmanjon.es\/wp-content\/uploads\/2023\/12\/cropped-logo-1.png?fit=1660%2C548&ssl=1dd6cd788025305c93754fac7facc0ac9","url":"https:\/\/i0.wp.com\/andresmanjon.es\/wp-content\/uploads\/2023\/12\/cropped-logo-1.png?fit=1660%2C548&ssl=1","contentUrl":"https:\/\/i0.wp.com\/andresmanjon.es\/wp-content\/uploads\/2023\/12\/cropped-logo-1.png?fit=1660%2C548&ssl=1","width":1660,"height":548,"caption":"Enrique Alonso Guardia"},"logo":{"@id":"https:\/\/i0.wp.com\/andresmanjon.es\/wp-content\/uploads\/2023\/12\/cropped-logo-1.png?fit=1660%2C548&ssl=1dd6cd788025305c93754fac7facc0ac9"},"sameAs":["http:\/\/www.kalonso.com"],"url":"https:\/\/andresmanjon.es\/index.php\/author\/kalonso\/"}]}},"jetpack_featured_media_url":"https:\/\/i0.wp.com\/andresmanjon.es\/wp-content\/uploads\/2024\/09\/IMG_2335.png?fit=2160%2C2160&ssl=1","jetpack-related-posts":[{"id":2423,"url":"https:\/\/andresmanjon.es\/index.php\/2025\/02\/28\/fundacion-manjon-palencia\/","url_meta":{"origin":1669,"position":0},"title":"Formaci\u00f3n Docente sobre el Pensamiento Educativo de Andr\u00e9s Manj\u00f3n &#8211; Fundaci\u00f3n Manj\u00f3n Palencia","author":"Enrique Alonso Guardia","date":"02\/28\/2025","format":false,"excerpt":"\ud83d\udcda El Pensamiento Educativo de Andr\u00e9s Manj\u00f3n Palencia\ud83c\udf93\u00a0 Los docentes de los colegios de la Fundaci\u00f3n Manj\u00f3n-Palencia han participado en una enriquecedora jornada de formaci\u00f3n, profundizando en el pensamiento educativo y did\u00e1ctico de Andr\u00e9s Manj\u00f3n, figura clave en la renovaci\u00f3n pedag\u00f3gica. Guiados por el profesor Andr\u00e9s Palma Valenzuela, experto de\u2026","rel":"","context":"En \u00abConferencias\u00bb","block_context":{"text":"Conferencias","link":"https:\/\/andresmanjon.es\/index.php\/category\/conferencias\/"},"img":{"alt_text":"","src":"https:\/\/i0.wp.com\/andresmanjon.es\/wp-content\/uploads\/2025\/02\/WhatsApp-Image-2025-02-28-at-18.15.59.jpeg?fit=1200%2C900&ssl=1&resize=350%2C200","width":350,"height":200,"srcset":"https:\/\/i0.wp.com\/andresmanjon.es\/wp-content\/uploads\/2025\/02\/WhatsApp-Image-2025-02-28-at-18.15.59.jpeg?fit=1200%2C900&ssl=1&resize=350%2C200 1x, https:\/\/i0.wp.com\/andresmanjon.es\/wp-content\/uploads\/2025\/02\/WhatsApp-Image-2025-02-28-at-18.15.59.jpeg?fit=1200%2C900&ssl=1&resize=525%2C300 1.5x, https:\/\/i0.wp.com\/andresmanjon.es\/wp-content\/uploads\/2025\/02\/WhatsApp-Image-2025-02-28-at-18.15.59.jpeg?fit=1200%2C900&ssl=1&resize=700%2C400 2x, https:\/\/i0.wp.com\/andresmanjon.es\/wp-content\/uploads\/2025\/02\/WhatsApp-Image-2025-02-28-at-18.15.59.jpeg?fit=1200%2C900&ssl=1&resize=1050%2C600 3x"},"classes":[]},{"id":2708,"url":"https:\/\/andresmanjon.es\/index.php\/2025\/11\/05\/el-legado-de-andres-manjon-sigue-inspirando-un-perfil-pedagogico-que-vuelve-a-brillar\/","url_meta":{"origin":1669,"position":1},"title":"El legado de Andr\u00e9s Manj\u00f3n sigue inspirando: un perfil pedag\u00f3gico que vuelve a brillar","author":"Enrique Alonso Guardia","date":"11\/05\/2025","format":false,"excerpt":"Un renovado inter\u00e9s por la figura del Padre Manj\u00f3n El nuevo libro renueva el perfil pedag\u00f3gico del Padre Manj\u00f3n. La figura de Andr\u00e9s Manj\u00f3n vuelve a ocupar un lugar destacado en el panorama cultural y educativo granadino. En las \u00faltimas semanas, su pensamiento pedag\u00f3gico ha sido objeto de conversaci\u00f3n, debate\u2026","rel":"","context":"En \u00abLegado Manjoniano\u00bb","block_context":{"text":"Legado Manjoniano","link":"https:\/\/andresmanjon.es\/index.php\/category\/legado-manjoniano\/"},"img":{"alt_text":"","src":"https:\/\/i0.wp.com\/andresmanjon.es\/wp-content\/uploads\/2025\/10\/Andres-Manjon.-Una-historia-en-la-historia_00003.jpeg?fit=919%2C1200&ssl=1&resize=350%2C200","width":350,"height":200,"srcset":"https:\/\/i0.wp.com\/andresmanjon.es\/wp-content\/uploads\/2025\/10\/Andres-Manjon.-Una-historia-en-la-historia_00003.jpeg?fit=919%2C1200&ssl=1&resize=350%2C200 1x, https:\/\/i0.wp.com\/andresmanjon.es\/wp-content\/uploads\/2025\/10\/Andres-Manjon.-Una-historia-en-la-historia_00003.jpeg?fit=919%2C1200&ssl=1&resize=525%2C300 1.5x, https:\/\/i0.wp.com\/andresmanjon.es\/wp-content\/uploads\/2025\/10\/Andres-Manjon.-Una-historia-en-la-historia_00003.jpeg?fit=919%2C1200&ssl=1&resize=700%2C400 2x"},"classes":[]},{"id":2689,"url":"https:\/\/andresmanjon.es\/index.php\/2025\/10\/17\/alumnos-del-colegio-ave-maria-casa-madre-obtienen-el-jubileo-en-la-abadia-del-sacromonte\/","url_meta":{"origin":1669,"position":2},"title":"Alumnos del Colegio Ave Mar\u00eda Casa Madre obtienen el Jubileo en la Abad\u00eda del Sacromonte","author":"Enrique Alonso Guardia","date":"10\/17\/2025","format":false,"excerpt":"Jubileo en la Abad\u00eda del Sacromonte, El pasado 10 de octubre, m\u00e1s de 500 alumnos, junto a 40 docentes y miembros del AMPA, peregrinaron desde el Colegio Ave Mar\u00eda Casa Madre hasta la Abad\u00eda del Sacromonte, donde obtuvieron las gracias del Jubileo del A\u00f1o de la Esperanza. Fuente original: Archidi\u00f3cesis\u2026","rel":"","context":"En \u00abAcci\u00f3n Manjoniana\u00bb","block_context":{"text":"Acci\u00f3n Manjoniana","link":"https:\/\/andresmanjon.es\/index.php\/category\/accion-manjoniana\/"},"img":{"alt_text":"","src":"https:\/\/i0.wp.com\/andresmanjon.es\/wp-content\/uploads\/2025\/10\/Captura-de-pantalla-2025-10-17-a-las-19.53.46.png?fit=1122%2C836&ssl=1&resize=350%2C200","width":350,"height":200,"srcset":"https:\/\/i0.wp.com\/andresmanjon.es\/wp-content\/uploads\/2025\/10\/Captura-de-pantalla-2025-10-17-a-las-19.53.46.png?fit=1122%2C836&ssl=1&resize=350%2C200 1x, https:\/\/i0.wp.com\/andresmanjon.es\/wp-content\/uploads\/2025\/10\/Captura-de-pantalla-2025-10-17-a-las-19.53.46.png?fit=1122%2C836&ssl=1&resize=525%2C300 1.5x, https:\/\/i0.wp.com\/andresmanjon.es\/wp-content\/uploads\/2025\/10\/Captura-de-pantalla-2025-10-17-a-las-19.53.46.png?fit=1122%2C836&ssl=1&resize=700%2C400 2x, https:\/\/i0.wp.com\/andresmanjon.es\/wp-content\/uploads\/2025\/10\/Captura-de-pantalla-2025-10-17-a-las-19.53.46.png?fit=1122%2C836&ssl=1&resize=1050%2C600 3x"},"classes":[]},{"id":1800,"url":"https:\/\/andresmanjon.es\/index.php\/2024\/10\/13\/nuestras-primeras-1000-visitas-de-la-web\/","url_meta":{"origin":1669,"position":3},"title":"Nuestras primeras 1000 visitas de la web","author":"Enrique Alonso Guardia","date":"10\/13\/2024","format":false,"excerpt":"\u00a1Hora de celebrar! Nuestras primeras 1000 visitas en andresmanjon.es! Nuestras primeras 1000 visitas no s\u00f3lo representa un n\u00famero; es fruto de 10 meses de trabajo incansable para difundir el legado de Andr\u00e9s Manj\u00f3n. Gracias a cada uno de ustedes, que nos acompa\u00f1a en este viaje, compartiendo, comentando y haciendo de\u2026","rel":"","context":"En \u00abReflexiones\u00bb","block_context":{"text":"Reflexiones","link":"https:\/\/andresmanjon.es\/index.php\/category\/reflexiones\/"},"img":{"alt_text":"","src":"https:\/\/i0.wp.com\/andresmanjon.es\/wp-content\/uploads\/2024\/10\/1000_visitas.png?fit=1024%2C1024&ssl=1&resize=350%2C200","width":350,"height":200,"srcset":"https:\/\/i0.wp.com\/andresmanjon.es\/wp-content\/uploads\/2024\/10\/1000_visitas.png?fit=1024%2C1024&ssl=1&resize=350%2C200 1x, https:\/\/i0.wp.com\/andresmanjon.es\/wp-content\/uploads\/2024\/10\/1000_visitas.png?fit=1024%2C1024&ssl=1&resize=525%2C300 1.5x, https:\/\/i0.wp.com\/andresmanjon.es\/wp-content\/uploads\/2024\/10\/1000_visitas.png?fit=1024%2C1024&ssl=1&resize=700%2C400 2x"},"classes":[]},{"id":1782,"url":"https:\/\/andresmanjon.es\/index.php\/2024\/10\/09\/educar-en-la-patria-como-lugar-comun\/","url_meta":{"origin":1669,"position":4},"title":"Educar en la Patria como Hogar Com\u00fan","author":"Enrique Alonso Guardia","date":"10\/09\/2024","format":false,"excerpt":"Educar en la Patria como Hogar Com\u00fan: Reflexiones Manjonianas para el D\u00eda de la Hispanidad El 12 de octubre, D\u00eda de la Hispanidad, es un momento id\u00f3neo para plantearnos reflexiones sobre el concepto de patria desde una perspectiva de inclusi\u00f3n y solidaridad. Inspirados en la visi\u00f3n de Don Andr\u00e9s Manj\u00f3n,\u2026","rel":"","context":"En \u00abPensamiento Majoniano\u00bb","block_context":{"text":"Pensamiento Majoniano","link":"https:\/\/andresmanjon.es\/index.php\/category\/pensamiento-majoniano\/"},"img":{"alt_text":"","src":"https:\/\/i0.wp.com\/andresmanjon.es\/wp-content\/uploads\/2024\/10\/mapaespana.webp?fit=1024%2C1024&ssl=1&resize=350%2C200","width":350,"height":200,"srcset":"https:\/\/i0.wp.com\/andresmanjon.es\/wp-content\/uploads\/2024\/10\/mapaespana.webp?fit=1024%2C1024&ssl=1&resize=350%2C200 1x, https:\/\/i0.wp.com\/andresmanjon.es\/wp-content\/uploads\/2024\/10\/mapaespana.webp?fit=1024%2C1024&ssl=1&resize=525%2C300 1.5x, https:\/\/i0.wp.com\/andresmanjon.es\/wp-content\/uploads\/2024\/10\/mapaespana.webp?fit=1024%2C1024&ssl=1&resize=700%2C400 2x"},"classes":[]},{"id":1697,"url":"https:\/\/andresmanjon.es\/index.php\/2024\/09\/18\/encuesta-salud-mental-y-manjon\/","url_meta":{"origin":1669,"position":5},"title":"Encuesta Salud Mental y Manj\u00f3n","author":"Enrique Alonso Guardia","date":"09\/18\/2024","format":false,"excerpt":"Introducci\u00f3n Encuesta Salud Mental y Manj\u00f3n. En el marco de un creciente inter\u00e9s por la salud mental de los estudiantes, no solo en el \u00e1mbito escolar, sino tambi\u00e9n en la sociedad en general, encontramos valiosas lecciones en la acci\u00f3n educativa de Don Andr\u00e9s Manj\u00f3n, un educador que, aunque no utilizaba\u2026","rel":"","context":"En \u00abReflexiones\u00bb","block_context":{"text":"Reflexiones","link":"https:\/\/andresmanjon.es\/index.php\/category\/reflexiones\/"},"img":{"alt_text":"","src":"https:\/\/i0.wp.com\/andresmanjon.es\/wp-content\/uploads\/2024\/09\/arrangement-beautiful-bloomed-flowers-scaled.jpg?fit=1200%2C1200&ssl=1&resize=350%2C200","width":350,"height":200,"srcset":"https:\/\/i0.wp.com\/andresmanjon.es\/wp-content\/uploads\/2024\/09\/arrangement-beautiful-bloomed-flowers-scaled.jpg?fit=1200%2C1200&ssl=1&resize=350%2C200 1x, https:\/\/i0.wp.com\/andresmanjon.es\/wp-content\/uploads\/2024\/09\/arrangement-beautiful-bloomed-flowers-scaled.jpg?fit=1200%2C1200&ssl=1&resize=525%2C300 1.5x, https:\/\/i0.wp.com\/andresmanjon.es\/wp-content\/uploads\/2024\/09\/arrangement-beautiful-bloomed-flowers-scaled.jpg?fit=1200%2C1200&ssl=1&resize=700%2C400 2x, https:\/\/i0.wp.com\/andresmanjon.es\/wp-content\/uploads\/2024\/09\/arrangement-beautiful-bloomed-flowers-scaled.jpg?fit=1200%2C1200&ssl=1&resize=1050%2C600 3x"},"classes":[]}],"jetpack_sharing_enabled":true,"authors":[{"term_id":18,"user_id":2,"is_guest":0,"slug":"kalonso","display_name":"Enrique Alonso Guardia","avatar_url":"https:\/\/secure.gravatar.com\/avatar\/8dedfb85376f5619df87b798562554716430c51bdd4ee2c6cb09011dd04878a9?s=96&d=mm&r=g","0":null,"1":"","2":"","3":"","4":"","5":"","6":"","7":"","8":""}],"_links":{"self":[{"href":"https:\/\/andresmanjon.es\/index.php\/wp-json\/wp\/v2\/posts\/1669","targetHints":{"allow":["GET"]}}],"collection":[{"href":"https:\/\/andresmanjon.es\/index.php\/wp-json\/wp\/v2\/posts"}],"about":[{"href":"https:\/\/andresmanjon.es\/index.php\/wp-json\/wp\/v2\/types\/post"}],"author":[{"embeddable":true,"href":"https:\/\/andresmanjon.es\/index.php\/wp-json\/wp\/v2\/users\/2"}],"replies":[{"embeddable":true,"href":"https:\/\/andresmanjon.es\/index.php\/wp-json\/wp\/v2\/comments?post=1669"}],"version-history":[{"count":2,"href":"https:\/\/andresmanjon.es\/index.php\/wp-json\/wp\/v2\/posts\/1669\/revisions"}],"predecessor-version":[{"id":1689,"href":"https:\/\/andresmanjon.es\/index.php\/wp-json\/wp\/v2\/posts\/1669\/revisions\/1689"}],"wp:featuredmedia":[{"embeddable":true,"href":"https:\/\/andresmanjon.es\/index.php\/wp-json\/wp\/v2\/media\/1670"}],"wp:attachment":[{"href":"https:\/\/andresmanjon.es\/index.php\/wp-json\/wp\/v2\/media?parent=1669"}],"wp:term":[{"taxonomy":"category","embeddable":true,"href":"https:\/\/andresmanjon.es\/index.php\/wp-json\/wp\/v2\/categories?post=1669"},{"taxonomy":"post_tag","embeddable":true,"href":"https:\/\/andresmanjon.es\/index.php\/wp-json\/wp\/v2\/tags?post=1669"},{"taxonomy":"author","embeddable":true,"href":"https:\/\/andresmanjon.es\/index.php\/wp-json\/wp\/v2\/ppma_author?post=1669"}],"curies":[{"name":"wp","href":"https:\/\/api.w.org\/{rel}","templated":true}]}}