{"id":1444,"date":"2024-09-01T18:58:41","date_gmt":"2024-09-01T18:58:41","guid":{"rendered":"https:\/\/andresmanjon.es\/?p=1444"},"modified":"2024-09-18T19:28:45","modified_gmt":"2024-09-18T18:28:45","slug":"feliz-inicio-de-curso","status":"publish","type":"post","link":"https:\/\/andresmanjon.es\/index.php\/2024\/09\/01\/feliz-inicio-de-curso\/","title":{"rendered":"Feliz Inicio de Curso"},"content":{"rendered":"\t\t<div data-elementor-type=\"wp-post\" data-elementor-id=\"1444\" class=\"elementor elementor-1444\" data-elementor-post-type=\"post\">\n\t\t\t\t<div class=\"elementor-element elementor-element-4e2a125 e-flex e-con-boxed e-con e-parent\" data-id=\"4e2a125\" data-element_type=\"container\" data-e-type=\"container\">\n\t\t\t\t\t<div class=\"e-con-inner\">\n\t\t<div class=\"elementor-element elementor-element-311f865 e-con-full e-flex e-con e-child\" data-id=\"311f865\" data-element_type=\"container\" data-e-type=\"container\">\n\t\t\t\t<div class=\"elementor-element elementor-element-104a1aed elementor-widget elementor-widget-text-editor\" data-id=\"104a1aed\" data-element_type=\"widget\" data-e-type=\"widget\" data-widget_type=\"text-editor.default\">\n\t\t\t\t<div class=\"elementor-widget-container\">\n\t\t\t\t\t\t\t\t\t<p><img decoding=\"async\" data-recalc-dims=\"1\" class=\"alignright wp-image-1172 size-thumbnail\" src=\"https:\/\/i0.wp.com\/andresmanjon.es\/wp-content\/uploads\/2024\/03\/Snapseed.jpg?resize=150%2C150&#038;ssl=1\" alt=\"\" width=\"150\" height=\"150\" \/>Feliz inicio de curso. Al comenzar este nuevo curso, deseo recordaros la grandeza de la misi\u00f3n que se nos ha encomendado. No se trata simplemente de transmitir conocimientos, sino de formar corazones y mentes, de guiar a los j\u00f3venes en el camino hacia una vida \u00edntegra y virtuosa.<\/p><p>Sed, pues, conscientes de la responsabilidad que llev\u00e1is sobre vuestros hombros. La educaci\u00f3n es, ante todo, una obra de amor; amor por la verdad, por la belleza, por el bien. Ense\u00f1ad no solo con palabras, sino con el ejemplo de vuestras vidas, pues nada educa m\u00e1s que una vida recta y entregada.<\/p><h2><span style=\"color: inherit; text-align: var(--text-align);\">Recordad<\/span><\/h2><p>Recordad que cada ni\u00f1o que entra en nuestras aulas es un alma que debemos moldear con cuidado y dedicaci\u00f3n. No busqu\u00e9is simplemente llenar su mente con hechos, sino cultivar en ellos el deseo de aprender, de ser mejores cada d\u00eda, de servir a los dem\u00e1s con generosidad y fe.<\/p><h2>No desanim\u00e9is<\/h2><p>No os desanim\u00e9is ante las dificultades que puedan surgir. Las pruebas que enfrent\u00e9is ser\u00e1n oportunidades para mostrar vuestra fortaleza y fe. Y, sobre todo, tened siempre presente que nuestra obra no es solo terrena, sino que tiene una dimensi\u00f3n trascendental. Educar es, en esencia, regenerar y salvar.<\/p><p>Confiad en la Providencia y en vuestra vocaci\u00f3n, y as\u00ed, al final del curso, podremos mirar atr\u00e1s con satisfacci\u00f3n, sabiendo que hemos cumplido con nuestro deber de la mejor manera posible.<\/p><p>Que el Se\u00f1or os gu\u00ede y os fortalezca en esta noble tarea.<\/p><p>Andr\u00e9s Manj\u00f3n y Manj\u00f3n #pedagogiamanjoniana #iniciodecurso #laprofesionmasbonita #maestros #maestras #andr\u00e9smanj\u00f3n<\/p><h2>ENLACES INTERESANTES<\/h2><ul><li><a href=\"https:\/\/andresmanjon.es\/index.php\/biblioteca-digital\/\">BIBLIOTECA DIGITAL<\/a><\/li><li><a href=\"https:\/\/andresmanjon.es\/index.php\/escuelas-manjonianas-por-espana\/\">ESCUELAS MANJONIANAS POR ESPA\u00d1A<\/a><\/li><li><a href=\"https:\/\/www.cervantesvirtual.com\/obra\/discurso-leido-en-la-solemne-apertura-del-curso-academico-de-1897-a-1898-en-la-universidad-literaria-de-granada-2\/\">INICIO DE CURSO DE 1897 EN LA UNIVERSIDAD DE GRANADA<\/a><\/li><\/ul>\t\t\t\t\t\t\t\t<\/div>\n\t\t\t\t<\/div>\n\t\t\t\t<\/div>\n\t\t<div class=\"elementor-element elementor-element-1f666a5 e-con-full e-flex e-con e-child\" data-id=\"1f666a5\" data-element_type=\"container\" data-e-type=\"container\">\n\t\t\t\t<div class=\"elementor-element elementor-element-fa8add0 elementor-widget elementor-widget-video\" data-id=\"fa8add0\" data-element_type=\"widget\" data-e-type=\"widget\" data-settings=\"{&quot;youtube_url&quot;:&quot;https:\\\/\\\/youtu.be\\\/9HdezFEQVTU&quot;,&quot;autoplay&quot;:&quot;yes&quot;,&quot;play_on_mobile&quot;:&quot;yes&quot;,&quot;mute&quot;:&quot;yes&quot;,&quot;video_type&quot;:&quot;youtube&quot;,&quot;controls&quot;:&quot;yes&quot;}\" data-widget_type=\"video.default\">\n\t\t\t\t<div class=\"elementor-widget-container\">\n\t\t\t\t\t\t\t<div class=\"elementor-wrapper elementor-open-inline\">\n\t\t\t<div class=\"elementor-video\"><\/div>\t\t<\/div>\n\t\t\t\t\t\t<\/div>\n\t\t\t\t<\/div>\n\t\t\t\t<div class=\"elementor-element elementor-element-eda1750 elementor-widget elementor-widget-image\" data-id=\"eda1750\" data-element_type=\"widget\" data-e-type=\"widget\" data-widget_type=\"image.default\">\n\t\t\t\t<div class=\"elementor-widget-container\">\n\t\t\t\t\t\t\t\t\t\t\t\t\t\t\t<img fetchpriority=\"high\" decoding=\"async\" width=\"800\" height=\"800\" src=\"https:\/\/i0.wp.com\/andresmanjon.es\/wp-content\/uploads\/2024\/09\/IMG_2103-scaled.jpeg?fit=800%2C800&amp;ssl=1\" class=\"attachment-large size-large wp-image-1445\" alt=\"\" srcset=\"https:\/\/i0.wp.com\/andresmanjon.es\/wp-content\/uploads\/2024\/09\/IMG_2103-scaled.jpeg?w=2560&amp;ssl=1 2560w, https:\/\/i0.wp.com\/andresmanjon.es\/wp-content\/uploads\/2024\/09\/IMG_2103-scaled.jpeg?resize=300%2C300&amp;ssl=1 300w, https:\/\/i0.wp.com\/andresmanjon.es\/wp-content\/uploads\/2024\/09\/IMG_2103-scaled.jpeg?resize=1024%2C1024&amp;ssl=1 1024w, https:\/\/i0.wp.com\/andresmanjon.es\/wp-content\/uploads\/2024\/09\/IMG_2103-scaled.jpeg?resize=150%2C150&amp;ssl=1 150w, https:\/\/i0.wp.com\/andresmanjon.es\/wp-content\/uploads\/2024\/09\/IMG_2103-scaled.jpeg?resize=768%2C768&amp;ssl=1 768w, https:\/\/i0.wp.com\/andresmanjon.es\/wp-content\/uploads\/2024\/09\/IMG_2103-scaled.jpeg?resize=1536%2C1536&amp;ssl=1 1536w, https:\/\/i0.wp.com\/andresmanjon.es\/wp-content\/uploads\/2024\/09\/IMG_2103-scaled.jpeg?resize=2048%2C2048&amp;ssl=1 2048w, https:\/\/i0.wp.com\/andresmanjon.es\/wp-content\/uploads\/2024\/09\/IMG_2103-scaled.jpeg?w=1600&amp;ssl=1 1600w, https:\/\/i0.wp.com\/andresmanjon.es\/wp-content\/uploads\/2024\/09\/IMG_2103-scaled.jpeg?w=2400&amp;ssl=1 2400w\" sizes=\"(max-width: 800px) 100vw, 800px\" \/>\t\t\t\t\t\t\t\t\t\t\t\t\t\t\t<\/div>\n\t\t\t\t<\/div>\n\t\t\t\t<\/div>\n\t\t\t\t\t<\/div>\n\t\t\t\t<\/div>\n\t\t<div class=\"elementor-element elementor-element-4c27d51 e-flex e-con-boxed e-con e-parent\" data-id=\"4c27d51\" data-element_type=\"container\" data-e-type=\"container\">\n\t\t\t\t\t<div class=\"e-con-inner\">\n\t\t\t\t\t<\/div>\n\t\t\t\t<\/div>\n\t\t\t\t<\/div>\n\t\t","protected":false},"excerpt":{"rendered":"<p>Feliz inicio de curso. Al comenzar este nuevo curso, deseo recordaros la grandeza de la misi\u00f3n que se nos ha encomendado. No se trata simplemente de transmitir conocimientos, sino de formar corazones y mentes, de guiar a los j\u00f3venes en el camino hacia una vida \u00edntegra y virtuosa. Sed, pues, conscientes de la responsabilidad que [&hellip;]<\/p>\n","protected":false},"author":2,"featured_media":1445,"comment_status":"closed","ping_status":"closed","sticky":false,"template":"","format":"standard","meta":{"jetpack_post_was_ever_published":false,"_jetpack_newsletter_access":"","_jetpack_dont_email_post_to_subs":false,"_jetpack_newsletter_tier_id":0,"_jetpack_memberships_contains_paywalled_content":false,"_jetpack_memberships_contains_paid_content":false,"footnotes":""},"categories":[95],"tags":[113,110,111,114,112],"ppma_author":[18],"class_list":["post-1444","post","type-post","status-publish","format-standard","has-post-thumbnail","hentry","category-pensamiento-majoniano","tag-escuelas","tag-inicio-de-curso","tag-majon","tag-manjoniano","tag-vive"],"yoast_head":"<!-- This site is optimized with the Yoast SEO plugin v27.5 - https:\/\/yoast.com\/product\/yoast-seo-wordpress\/ -->\n<title>Feliz Inicio de Curso - MANJON VIVE<\/title>\n<meta name=\"description\" content=\"Feliz inicio de curso para todos los admiradores del legado manjoniano. Cientos de maestros y maestras ma\u00f1ana empiezan.\" \/>\n<meta name=\"robots\" content=\"index, follow, max-snippet:-1, max-image-preview:large, max-video-preview:-1\" \/>\n<link rel=\"canonical\" href=\"https:\/\/andresmanjon.es\/index.php\/2024\/09\/01\/feliz-inicio-de-curso\/\" \/>\n<meta property=\"og:locale\" content=\"es_ES\" \/>\n<meta property=\"og:type\" content=\"article\" \/>\n<meta property=\"og:title\" content=\"Feliz Inicio de Curso - MANJON VIVE\" \/>\n<meta property=\"og:description\" content=\"Feliz inicio de curso para todos los admiradores del legado manjoniano. Cientos de maestros y maestras ma\u00f1ana empiezan.\" \/>\n<meta property=\"og:url\" content=\"https:\/\/andresmanjon.es\/index.php\/2024\/09\/01\/feliz-inicio-de-curso\/\" \/>\n<meta property=\"og:site_name\" content=\"MANJON VIVE\" \/>\n<meta property=\"article:published_time\" content=\"2024-09-01T18:58:41+00:00\" \/>\n<meta property=\"article:modified_time\" content=\"2024-09-18T18:28:45+00:00\" \/>\n<meta property=\"og:image\" content=\"https:\/\/andresmanjon.es\/wp-content\/uploads\/2024\/09\/IMG_2103-scaled.jpeg\" \/>\n\t<meta property=\"og:image:width\" content=\"2560\" \/>\n\t<meta property=\"og:image:height\" content=\"2560\" \/>\n\t<meta property=\"og:image:type\" content=\"image\/jpeg\" \/>\n<meta name=\"author\" content=\"Enrique Alonso Guardia\" \/>\n<meta name=\"twitter:card\" content=\"summary_large_image\" \/>\n<meta name=\"twitter:label1\" content=\"Escrito por\" \/>\n\t<meta name=\"twitter:data1\" content=\"Enrique Alonso Guardia\" \/>\n\t<meta name=\"twitter:label2\" content=\"Tiempo de lectura\" \/>\n\t<meta name=\"twitter:data2\" content=\"2 minutos\" \/>\n<script type=\"application\/ld+json\" class=\"yoast-schema-graph\">{\"@context\":\"https:\\\/\\\/schema.org\",\"@graph\":[{\"@type\":\"Article\",\"@id\":\"https:\\\/\\\/andresmanjon.es\\\/index.php\\\/2024\\\/09\\\/01\\\/feliz-inicio-de-curso\\\/#article\",\"isPartOf\":{\"@id\":\"https:\\\/\\\/andresmanjon.es\\\/index.php\\\/2024\\\/09\\\/01\\\/feliz-inicio-de-curso\\\/\"},\"author\":{\"name\":\"Enrique Alonso Guardia\",\"@id\":\"https:\\\/\\\/andresmanjon.es\\\/#\\\/schema\\\/person\\\/c3aa9658a78defc49109499b1f40dc3a\"},\"headline\":\"Feliz Inicio de Curso\",\"datePublished\":\"2024-09-01T18:58:41+00:00\",\"dateModified\":\"2024-09-18T18:28:45+00:00\",\"mainEntityOfPage\":{\"@id\":\"https:\\\/\\\/andresmanjon.es\\\/index.php\\\/2024\\\/09\\\/01\\\/feliz-inicio-de-curso\\\/\"},\"wordCount\":304,\"publisher\":{\"@id\":\"https:\\\/\\\/andresmanjon.es\\\/#\\\/schema\\\/person\\\/c3aa9658a78defc49109499b1f40dc3a\"},\"image\":{\"@id\":\"https:\\\/\\\/andresmanjon.es\\\/index.php\\\/2024\\\/09\\\/01\\\/feliz-inicio-de-curso\\\/#primaryimage\"},\"thumbnailUrl\":\"https:\\\/\\\/i0.wp.com\\\/andresmanjon.es\\\/wp-content\\\/uploads\\\/2024\\\/09\\\/IMG_2103-scaled.jpeg?fit=2560%2C2560&ssl=1\",\"keywords\":[\"escuelas\",\"inicio de curso\",\"majon\",\"manjoniano\",\"vive\"],\"articleSection\":[\"Pensamiento Majoniano\"],\"inLanguage\":\"es\"},{\"@type\":\"WebPage\",\"@id\":\"https:\\\/\\\/andresmanjon.es\\\/index.php\\\/2024\\\/09\\\/01\\\/feliz-inicio-de-curso\\\/\",\"url\":\"https:\\\/\\\/andresmanjon.es\\\/index.php\\\/2024\\\/09\\\/01\\\/feliz-inicio-de-curso\\\/\",\"name\":\"Feliz Inicio de Curso - MANJON VIVE\",\"isPartOf\":{\"@id\":\"https:\\\/\\\/andresmanjon.es\\\/#website\"},\"primaryImageOfPage\":{\"@id\":\"https:\\\/\\\/andresmanjon.es\\\/index.php\\\/2024\\\/09\\\/01\\\/feliz-inicio-de-curso\\\/#primaryimage\"},\"image\":{\"@id\":\"https:\\\/\\\/andresmanjon.es\\\/index.php\\\/2024\\\/09\\\/01\\\/feliz-inicio-de-curso\\\/#primaryimage\"},\"thumbnailUrl\":\"https:\\\/\\\/i0.wp.com\\\/andresmanjon.es\\\/wp-content\\\/uploads\\\/2024\\\/09\\\/IMG_2103-scaled.jpeg?fit=2560%2C2560&ssl=1\",\"datePublished\":\"2024-09-01T18:58:41+00:00\",\"dateModified\":\"2024-09-18T18:28:45+00:00\",\"description\":\"Feliz inicio de curso para todos los admiradores del legado manjoniano. Cientos de maestros y maestras ma\u00f1ana empiezan.\",\"breadcrumb\":{\"@id\":\"https:\\\/\\\/andresmanjon.es\\\/index.php\\\/2024\\\/09\\\/01\\\/feliz-inicio-de-curso\\\/#breadcrumb\"},\"inLanguage\":\"es\",\"potentialAction\":[{\"@type\":\"ReadAction\",\"target\":[\"https:\\\/\\\/andresmanjon.es\\\/index.php\\\/2024\\\/09\\\/01\\\/feliz-inicio-de-curso\\\/\"]}]},{\"@type\":\"ImageObject\",\"inLanguage\":\"es\",\"@id\":\"https:\\\/\\\/andresmanjon.es\\\/index.php\\\/2024\\\/09\\\/01\\\/feliz-inicio-de-curso\\\/#primaryimage\",\"url\":\"https:\\\/\\\/i0.wp.com\\\/andresmanjon.es\\\/wp-content\\\/uploads\\\/2024\\\/09\\\/IMG_2103-scaled.jpeg?fit=2560%2C2560&ssl=1\",\"contentUrl\":\"https:\\\/\\\/i0.wp.com\\\/andresmanjon.es\\\/wp-content\\\/uploads\\\/2024\\\/09\\\/IMG_2103-scaled.jpeg?fit=2560%2C2560&ssl=1\",\"width\":2560,\"height\":2560},{\"@type\":\"BreadcrumbList\",\"@id\":\"https:\\\/\\\/andresmanjon.es\\\/index.php\\\/2024\\\/09\\\/01\\\/feliz-inicio-de-curso\\\/#breadcrumb\",\"itemListElement\":[{\"@type\":\"ListItem\",\"position\":1,\"name\":\"Portada\",\"item\":\"https:\\\/\\\/andresmanjon.es\\\/\"},{\"@type\":\"ListItem\",\"position\":2,\"name\":\"Feliz Inicio de Curso\"}]},{\"@type\":\"WebSite\",\"@id\":\"https:\\\/\\\/andresmanjon.es\\\/#website\",\"url\":\"https:\\\/\\\/andresmanjon.es\\\/\",\"name\":\"Andr\u00e9s Manj\u00f3n y Manj\u00f3n\",\"description\":\"UNA EDUCACI\u00d3N PARA TODOS\",\"publisher\":{\"@id\":\"https:\\\/\\\/andresmanjon.es\\\/#\\\/schema\\\/person\\\/c3aa9658a78defc49109499b1f40dc3a\"},\"potentialAction\":[{\"@type\":\"SearchAction\",\"target\":{\"@type\":\"EntryPoint\",\"urlTemplate\":\"https:\\\/\\\/andresmanjon.es\\\/?s={search_term_string}\"},\"query-input\":{\"@type\":\"PropertyValueSpecification\",\"valueRequired\":true,\"valueName\":\"search_term_string\"}}],\"inLanguage\":\"es\"},{\"@type\":[\"Person\",\"Organization\"],\"@id\":\"https:\\\/\\\/andresmanjon.es\\\/#\\\/schema\\\/person\\\/c3aa9658a78defc49109499b1f40dc3a\",\"name\":\"Enrique Alonso Guardia\",\"image\":{\"@type\":\"ImageObject\",\"inLanguage\":\"es\",\"@id\":\"https:\\\/\\\/i0.wp.com\\\/andresmanjon.es\\\/wp-content\\\/uploads\\\/2023\\\/12\\\/cropped-logo-1.png?fit=1660%2C548&ssl=1dd6cd788025305c93754fac7facc0ac9\",\"url\":\"https:\\\/\\\/i0.wp.com\\\/andresmanjon.es\\\/wp-content\\\/uploads\\\/2023\\\/12\\\/cropped-logo-1.png?fit=1660%2C548&ssl=1\",\"contentUrl\":\"https:\\\/\\\/i0.wp.com\\\/andresmanjon.es\\\/wp-content\\\/uploads\\\/2023\\\/12\\\/cropped-logo-1.png?fit=1660%2C548&ssl=1\",\"width\":1660,\"height\":548,\"caption\":\"Enrique Alonso Guardia\"},\"logo\":{\"@id\":\"https:\\\/\\\/i0.wp.com\\\/andresmanjon.es\\\/wp-content\\\/uploads\\\/2023\\\/12\\\/cropped-logo-1.png?fit=1660%2C548&ssl=1dd6cd788025305c93754fac7facc0ac9\"},\"sameAs\":[\"http:\\\/\\\/www.kalonso.com\"],\"url\":\"https:\\\/\\\/andresmanjon.es\\\/index.php\\\/author\\\/kalonso\\\/\"}]}<\/script>\n<!-- \/ Yoast SEO plugin. -->","yoast_head_json":{"title":"Feliz Inicio de Curso - MANJON VIVE","description":"Feliz inicio de curso para todos los admiradores del legado manjoniano. Cientos de maestros y maestras ma\u00f1ana empiezan.","robots":{"index":"index","follow":"follow","max-snippet":"max-snippet:-1","max-image-preview":"max-image-preview:large","max-video-preview":"max-video-preview:-1"},"canonical":"https:\/\/andresmanjon.es\/index.php\/2024\/09\/01\/feliz-inicio-de-curso\/","og_locale":"es_ES","og_type":"article","og_title":"Feliz Inicio de Curso - MANJON VIVE","og_description":"Feliz inicio de curso para todos los admiradores del legado manjoniano. Cientos de maestros y maestras ma\u00f1ana empiezan.","og_url":"https:\/\/andresmanjon.es\/index.php\/2024\/09\/01\/feliz-inicio-de-curso\/","og_site_name":"MANJON VIVE","article_published_time":"2024-09-01T18:58:41+00:00","article_modified_time":"2024-09-18T18:28:45+00:00","og_image":[{"width":2560,"height":2560,"url":"https:\/\/andresmanjon.es\/wp-content\/uploads\/2024\/09\/IMG_2103-scaled.jpeg","type":"image\/jpeg"}],"author":"Enrique Alonso Guardia","twitter_card":"summary_large_image","twitter_misc":{"Escrito por":"Enrique Alonso Guardia","Tiempo de lectura":"2 minutos"},"schema":{"@context":"https:\/\/schema.org","@graph":[{"@type":"Article","@id":"https:\/\/andresmanjon.es\/index.php\/2024\/09\/01\/feliz-inicio-de-curso\/#article","isPartOf":{"@id":"https:\/\/andresmanjon.es\/index.php\/2024\/09\/01\/feliz-inicio-de-curso\/"},"author":{"name":"Enrique Alonso Guardia","@id":"https:\/\/andresmanjon.es\/#\/schema\/person\/c3aa9658a78defc49109499b1f40dc3a"},"headline":"Feliz Inicio de Curso","datePublished":"2024-09-01T18:58:41+00:00","dateModified":"2024-09-18T18:28:45+00:00","mainEntityOfPage":{"@id":"https:\/\/andresmanjon.es\/index.php\/2024\/09\/01\/feliz-inicio-de-curso\/"},"wordCount":304,"publisher":{"@id":"https:\/\/andresmanjon.es\/#\/schema\/person\/c3aa9658a78defc49109499b1f40dc3a"},"image":{"@id":"https:\/\/andresmanjon.es\/index.php\/2024\/09\/01\/feliz-inicio-de-curso\/#primaryimage"},"thumbnailUrl":"https:\/\/i0.wp.com\/andresmanjon.es\/wp-content\/uploads\/2024\/09\/IMG_2103-scaled.jpeg?fit=2560%2C2560&ssl=1","keywords":["escuelas","inicio de curso","majon","manjoniano","vive"],"articleSection":["Pensamiento Majoniano"],"inLanguage":"es"},{"@type":"WebPage","@id":"https:\/\/andresmanjon.es\/index.php\/2024\/09\/01\/feliz-inicio-de-curso\/","url":"https:\/\/andresmanjon.es\/index.php\/2024\/09\/01\/feliz-inicio-de-curso\/","name":"Feliz Inicio de Curso - MANJON VIVE","isPartOf":{"@id":"https:\/\/andresmanjon.es\/#website"},"primaryImageOfPage":{"@id":"https:\/\/andresmanjon.es\/index.php\/2024\/09\/01\/feliz-inicio-de-curso\/#primaryimage"},"image":{"@id":"https:\/\/andresmanjon.es\/index.php\/2024\/09\/01\/feliz-inicio-de-curso\/#primaryimage"},"thumbnailUrl":"https:\/\/i0.wp.com\/andresmanjon.es\/wp-content\/uploads\/2024\/09\/IMG_2103-scaled.jpeg?fit=2560%2C2560&ssl=1","datePublished":"2024-09-01T18:58:41+00:00","dateModified":"2024-09-18T18:28:45+00:00","description":"Feliz inicio de curso para todos los admiradores del legado manjoniano. Cientos de maestros y maestras ma\u00f1ana empiezan.","breadcrumb":{"@id":"https:\/\/andresmanjon.es\/index.php\/2024\/09\/01\/feliz-inicio-de-curso\/#breadcrumb"},"inLanguage":"es","potentialAction":[{"@type":"ReadAction","target":["https:\/\/andresmanjon.es\/index.php\/2024\/09\/01\/feliz-inicio-de-curso\/"]}]},{"@type":"ImageObject","inLanguage":"es","@id":"https:\/\/andresmanjon.es\/index.php\/2024\/09\/01\/feliz-inicio-de-curso\/#primaryimage","url":"https:\/\/i0.wp.com\/andresmanjon.es\/wp-content\/uploads\/2024\/09\/IMG_2103-scaled.jpeg?fit=2560%2C2560&ssl=1","contentUrl":"https:\/\/i0.wp.com\/andresmanjon.es\/wp-content\/uploads\/2024\/09\/IMG_2103-scaled.jpeg?fit=2560%2C2560&ssl=1","width":2560,"height":2560},{"@type":"BreadcrumbList","@id":"https:\/\/andresmanjon.es\/index.php\/2024\/09\/01\/feliz-inicio-de-curso\/#breadcrumb","itemListElement":[{"@type":"ListItem","position":1,"name":"Portada","item":"https:\/\/andresmanjon.es\/"},{"@type":"ListItem","position":2,"name":"Feliz Inicio de Curso"}]},{"@type":"WebSite","@id":"https:\/\/andresmanjon.es\/#website","url":"https:\/\/andresmanjon.es\/","name":"Andr\u00e9s Manj\u00f3n y Manj\u00f3n","description":"UNA EDUCACI\u00d3N PARA TODOS","publisher":{"@id":"https:\/\/andresmanjon.es\/#\/schema\/person\/c3aa9658a78defc49109499b1f40dc3a"},"potentialAction":[{"@type":"SearchAction","target":{"@type":"EntryPoint","urlTemplate":"https:\/\/andresmanjon.es\/?s={search_term_string}"},"query-input":{"@type":"PropertyValueSpecification","valueRequired":true,"valueName":"search_term_string"}}],"inLanguage":"es"},{"@type":["Person","Organization"],"@id":"https:\/\/andresmanjon.es\/#\/schema\/person\/c3aa9658a78defc49109499b1f40dc3a","name":"Enrique Alonso Guardia","image":{"@type":"ImageObject","inLanguage":"es","@id":"https:\/\/i0.wp.com\/andresmanjon.es\/wp-content\/uploads\/2023\/12\/cropped-logo-1.png?fit=1660%2C548&ssl=1dd6cd788025305c93754fac7facc0ac9","url":"https:\/\/i0.wp.com\/andresmanjon.es\/wp-content\/uploads\/2023\/12\/cropped-logo-1.png?fit=1660%2C548&ssl=1","contentUrl":"https:\/\/i0.wp.com\/andresmanjon.es\/wp-content\/uploads\/2023\/12\/cropped-logo-1.png?fit=1660%2C548&ssl=1","width":1660,"height":548,"caption":"Enrique Alonso Guardia"},"logo":{"@id":"https:\/\/i0.wp.com\/andresmanjon.es\/wp-content\/uploads\/2023\/12\/cropped-logo-1.png?fit=1660%2C548&ssl=1dd6cd788025305c93754fac7facc0ac9"},"sameAs":["http:\/\/www.kalonso.com"],"url":"https:\/\/andresmanjon.es\/index.php\/author\/kalonso\/"}]}},"jetpack_featured_media_url":"https:\/\/i0.wp.com\/andresmanjon.es\/wp-content\/uploads\/2024\/09\/IMG_2103-scaled.jpeg?fit=2560%2C2560&ssl=1","jetpack-related-posts":[{"id":2601,"url":"https:\/\/andresmanjon.es\/index.php\/2025\/09\/01\/maestro-sin-ti-no-hay-escuela-bienvenida-al-nuevo-curso\/","url_meta":{"origin":1444,"position":0},"title":"Maestro, sin ti no hay escuela: bienvenida al nuevo curso","author":"Enrique Alonso Guardia","date":"09\/01\/2025","format":false,"excerpt":"Sin ti no hay escuela El curso comienza. Las aulas despiertan, los pasillos respiran, las pizarras esperan. Y en el centro de todo, t\u00fa, maestro. Sin ti no hay escuela. Andr\u00e9s Manj\u00f3n lo sab\u00eda bien. Por eso fund\u00f3 las Escuelas del Ave Mar\u00eda en Granada, all\u00e1 por 1889, con la\u2026","rel":"","context":"En \u00abEscuelas Ave Mar\u00eda\u00bb","block_context":{"text":"Escuelas Ave Mar\u00eda","link":"https:\/\/andresmanjon.es\/index.php\/category\/escuelas-ave-maria\/"},"img":{"alt_text":"","src":"https:\/\/i0.wp.com\/andresmanjon.es\/wp-content\/uploads\/2025\/09\/Manjon.jpg?fit=686%2C1200&ssl=1&resize=350%2C200","width":350,"height":200,"srcset":"https:\/\/i0.wp.com\/andresmanjon.es\/wp-content\/uploads\/2025\/09\/Manjon.jpg?fit=686%2C1200&ssl=1&resize=350%2C200 1x, https:\/\/i0.wp.com\/andresmanjon.es\/wp-content\/uploads\/2025\/09\/Manjon.jpg?fit=686%2C1200&ssl=1&resize=525%2C300 1.5x"},"classes":[]},{"id":1679,"url":"https:\/\/andresmanjon.es\/index.php\/2024\/09\/15\/las-virtudes-en-don-andres-manjon\/","url_meta":{"origin":1444,"position":1},"title":"Las virtudes en Don Andr\u00e9s Manj\u00f3n","author":"Enrique Alonso Guardia","date":"09\/15\/2024","format":false,"excerpt":"Justificaci\u00f3n: Con el inicio de un nuevo curso escolar, es el momento adecuado para reflexionar sobre el enfoque que debemos seguir en la formaci\u00f3n de nuestras alumnas y alumnos. Don Andr\u00e9s Manj\u00f3n, fundador de las Escuelas del Ave Mar\u00eda, dej\u00f3 un legado pedag\u00f3gico profundamente arraigado en los valores cristianos. Su\u2026","rel":"","context":"En \u00abInterioridad Manjoniana\u00bb","block_context":{"text":"Interioridad Manjoniana","link":"https:\/\/andresmanjon.es\/index.php\/category\/interioridad-manjoniana\/"},"img":{"alt_text":"","src":"https:\/\/i0.wp.com\/andresmanjon.es\/wp-content\/uploads\/2024\/09\/virtudes.webp?fit=1024%2C1024&ssl=1&resize=350%2C200","width":350,"height":200,"srcset":"https:\/\/i0.wp.com\/andresmanjon.es\/wp-content\/uploads\/2024\/09\/virtudes.webp?fit=1024%2C1024&ssl=1&resize=350%2C200 1x, https:\/\/i0.wp.com\/andresmanjon.es\/wp-content\/uploads\/2024\/09\/virtudes.webp?fit=1024%2C1024&ssl=1&resize=525%2C300 1.5x, https:\/\/i0.wp.com\/andresmanjon.es\/wp-content\/uploads\/2024\/09\/virtudes.webp?fit=1024%2C1024&ssl=1&resize=700%2C400 2x"},"classes":[]},{"id":2586,"url":"https:\/\/andresmanjon.es\/index.php\/2025\/08\/05\/el-descanso-del-maestro-como-reconstituir-el-alma-y-el-cuerpo-en-verano\/","url_meta":{"origin":1444,"position":2},"title":"El descanso del maestro: c\u00f3mo reconstituir el alma y el cuerpo en verano","author":"Enrique Alonso Guardia","date":"08\/05\/2025","format":false,"excerpt":"El verano no es una pausa: es un altar Cuando llega el final del curso, no siento que todo acabe. M\u00e1s bien comienza otra etapa, m\u00e1s \u00edntima, m\u00e1s silenciosa. Para m\u00ed, el verano nunca fue un simple par\u00e9ntesis entre cursos, ni un respiro de la rutina. Es un altar donde\u2026","rel":"","context":"En \u00abReflexiones\u00bb","block_context":{"text":"Reflexiones","link":"https:\/\/andresmanjon.es\/index.php\/category\/reflexiones\/"},"img":{"alt_text":"","src":"https:\/\/i0.wp.com\/andresmanjon.es\/wp-content\/uploads\/2025\/08\/ChatGPT-Image-5-ago-2025-13_52_03.png?fit=1024%2C1024&ssl=1&resize=350%2C200","width":350,"height":200,"srcset":"https:\/\/i0.wp.com\/andresmanjon.es\/wp-content\/uploads\/2025\/08\/ChatGPT-Image-5-ago-2025-13_52_03.png?fit=1024%2C1024&ssl=1&resize=350%2C200 1x, https:\/\/i0.wp.com\/andresmanjon.es\/wp-content\/uploads\/2025\/08\/ChatGPT-Image-5-ago-2025-13_52_03.png?fit=1024%2C1024&ssl=1&resize=525%2C300 1.5x, https:\/\/i0.wp.com\/andresmanjon.es\/wp-content\/uploads\/2025\/08\/ChatGPT-Image-5-ago-2025-13_52_03.png?fit=1024%2C1024&ssl=1&resize=700%2C400 2x"},"classes":[]},{"id":771,"url":"https:\/\/andresmanjon.es\/index.php\/2024\/02\/05\/la-curiosidad-y-el-asombro-puerta-de-entrada\/","url_meta":{"origin":1444,"position":3},"title":"LA CURIOSIDAD Y EL ASOMBRO, PUERTA DE ENTRADA:","author":"Enrique Alonso Guardia","date":"02\/05\/2024","format":false,"excerpt":"Ser\u00e1, pues, la curiosidad y el asombro, puerta de entrada al aprendizaje. Como dice el neurocient\u00edfico Francisco Mora: \u201cLa curiosidad es la llave que abre las ventanas de la atenci\u00f3n, y con ella el aprendizaje y la memoria, y con lo aprendido y su clasificaci\u00f3n, la adquisici\u00f3n de nuevos conocimientos.\u201d\u00a0(Mora,\u2026","rel":"","context":"En \u00abReflexiones\u00bb","block_context":{"text":"Reflexiones","link":"https:\/\/andresmanjon.es\/index.php\/category\/reflexiones\/"},"img":{"alt_text":"","src":"https:\/\/i0.wp.com\/andresmanjon.es\/wp-content\/uploads\/2024\/02\/discurso.jpg?resize=350%2C200&ssl=1","width":350,"height":200},"classes":[]},{"id":1291,"url":"https:\/\/andresmanjon.es\/index.php\/2024\/04\/02\/alma-noble\/","url_meta":{"origin":1444,"position":4},"title":"ALMA NOBLE","author":"Enrique Alonso Guardia","date":"04\/02\/2024","format":false,"excerpt":"D. Andr\u00e9s, era un alma noble. Aprovecho la ocasi\u00f3n para hacerles llegar un texto que hemos convertido en canci\u00f3n con la ayuda de la Inteligencia Artificial. Sobre el texto decirles que habla de las calles de Granada hace cien a\u00f1os, habla que no son solo un escenario, sino un latido\u2026","rel":"","context":"En \u00abAndr\u00e9s Manj\u00f3n\u00bb","block_context":{"text":"Andr\u00e9s Manj\u00f3n","link":"https:\/\/andresmanjon.es\/index.php\/category\/andres-manjon\/"},"img":{"alt_text":"","src":"https:\/\/i0.wp.com\/andresmanjon.es\/wp-content\/uploads\/2024\/04\/Ninos-de-1915-jugando-en-las-escuelas-del-Ave-Mar.jpg?fit=867%2C1200&ssl=1&resize=350%2C200","width":350,"height":200,"srcset":"https:\/\/i0.wp.com\/andresmanjon.es\/wp-content\/uploads\/2024\/04\/Ninos-de-1915-jugando-en-las-escuelas-del-Ave-Mar.jpg?fit=867%2C1200&ssl=1&resize=350%2C200 1x, https:\/\/i0.wp.com\/andresmanjon.es\/wp-content\/uploads\/2024\/04\/Ninos-de-1915-jugando-en-las-escuelas-del-Ave-Mar.jpg?fit=867%2C1200&ssl=1&resize=525%2C300 1.5x, https:\/\/i0.wp.com\/andresmanjon.es\/wp-content\/uploads\/2024\/04\/Ninos-de-1915-jugando-en-las-escuelas-del-Ave-Mar.jpg?fit=867%2C1200&ssl=1&resize=700%2C400 2x"},"classes":[]},{"id":1870,"url":"https:\/\/andresmanjon.es\/index.php\/2024\/11\/08\/carta-de-don-andres-manjon-a-dona-paquita\/","url_meta":{"origin":1444,"position":5},"title":"Carta de Don Andr\u00e9s Manj\u00f3n a Do\u00f1a Paquita","author":"Enrique Alonso Guardia","date":"11\/08\/2024","format":false,"excerpt":"Carta de Don Andr\u00e9s Manj\u00f3n a Do\u00f1a Paquita: Un legado eterno en las Escuelas del Ave Mar\u00eda. Desde este rinc\u00f3n de paz, quiero dedicar unas palabras llenas de gratitud a ti, Do\u00f1a Paquita. Tu vida como maestra no termin\u00f3 cuando se apag\u00f3 la \u00faltima lecci\u00f3n. Sigue viva en cada sonrisa\u2026","rel":"","context":"En \u00ab\u00a1Gracias!\u00bb","block_context":{"text":"\u00a1Gracias!","link":"https:\/\/andresmanjon.es\/index.php\/category\/gracias\/"},"img":{"alt_text":"","src":"https:\/\/i0.wp.com\/andresmanjon.es\/wp-content\/uploads\/2024\/11\/donapaquita_00002.jpg?fit=903%2C1200&ssl=1&resize=350%2C200","width":350,"height":200,"srcset":"https:\/\/i0.wp.com\/andresmanjon.es\/wp-content\/uploads\/2024\/11\/donapaquita_00002.jpg?fit=903%2C1200&ssl=1&resize=350%2C200 1x, https:\/\/i0.wp.com\/andresmanjon.es\/wp-content\/uploads\/2024\/11\/donapaquita_00002.jpg?fit=903%2C1200&ssl=1&resize=525%2C300 1.5x, https:\/\/i0.wp.com\/andresmanjon.es\/wp-content\/uploads\/2024\/11\/donapaquita_00002.jpg?fit=903%2C1200&ssl=1&resize=700%2C400 2x"},"classes":[]}],"jetpack_sharing_enabled":true,"authors":[{"term_id":18,"user_id":2,"is_guest":0,"slug":"kalonso","display_name":"Enrique Alonso Guardia","avatar_url":"https:\/\/secure.gravatar.com\/avatar\/8dedfb85376f5619df87b798562554716430c51bdd4ee2c6cb09011dd04878a9?s=96&d=mm&r=g","0":null,"1":"","2":"","3":"","4":"","5":"","6":"","7":"","8":""}],"_links":{"self":[{"href":"https:\/\/andresmanjon.es\/index.php\/wp-json\/wp\/v2\/posts\/1444","targetHints":{"allow":["GET"]}}],"collection":[{"href":"https:\/\/andresmanjon.es\/index.php\/wp-json\/wp\/v2\/posts"}],"about":[{"href":"https:\/\/andresmanjon.es\/index.php\/wp-json\/wp\/v2\/types\/post"}],"author":[{"embeddable":true,"href":"https:\/\/andresmanjon.es\/index.php\/wp-json\/wp\/v2\/users\/2"}],"replies":[{"embeddable":true,"href":"https:\/\/andresmanjon.es\/index.php\/wp-json\/wp\/v2\/comments?post=1444"}],"version-history":[{"count":14,"href":"https:\/\/andresmanjon.es\/index.php\/wp-json\/wp\/v2\/posts\/1444\/revisions"}],"predecessor-version":[{"id":1710,"href":"https:\/\/andresmanjon.es\/index.php\/wp-json\/wp\/v2\/posts\/1444\/revisions\/1710"}],"wp:featuredmedia":[{"embeddable":true,"href":"https:\/\/andresmanjon.es\/index.php\/wp-json\/wp\/v2\/media\/1445"}],"wp:attachment":[{"href":"https:\/\/andresmanjon.es\/index.php\/wp-json\/wp\/v2\/media?parent=1444"}],"wp:term":[{"taxonomy":"category","embeddable":true,"href":"https:\/\/andresmanjon.es\/index.php\/wp-json\/wp\/v2\/categories?post=1444"},{"taxonomy":"post_tag","embeddable":true,"href":"https:\/\/andresmanjon.es\/index.php\/wp-json\/wp\/v2\/tags?post=1444"},{"taxonomy":"author","embeddable":true,"href":"https:\/\/andresmanjon.es\/index.php\/wp-json\/wp\/v2\/ppma_author?post=1444"}],"curies":[{"name":"wp","href":"https:\/\/api.w.org\/{rel}","templated":true}]}}