{"id":1387,"date":"2024-05-28T16:41:52","date_gmt":"2024-05-28T16:41:52","guid":{"rendered":"https:\/\/andresmanjon.es\/?p=1387"},"modified":"2024-05-28T17:43:39","modified_gmt":"2024-05-28T17:43:39","slug":"andres-manjon-un-legado-de-educacion-y-un-camino-hacia-la-santidad","status":"publish","type":"post","link":"https:\/\/andresmanjon.es\/index.php\/2024\/05\/28\/andres-manjon-un-legado-de-educacion-y-un-camino-hacia-la-santidad\/","title":{"rendered":"Andr\u00e9s Manj\u00f3n: Un legado de educaci\u00f3n y un camino hacia la santidad"},"content":{"rendered":"<h2><strong>Introducci\u00f3n:<\/strong> La vida de Andr\u00e9s Manj\u00f3n y su impacto en Granada.<\/h2>\n<p><span><img data-recalc-dims=\"1\" fetchpriority=\"high\" decoding=\"async\" class=\"alignright wp-image-126 size-medium\" src=\"https:\/\/i0.wp.com\/andresmanjon.es\/wp-content\/uploads\/2023\/12\/don_andres.jpg?resize=300%2C300&#038;ssl=1\" alt=\"beatificaci\u00f3n de Andr\u00e9s Manj\u00f3n\" width=\"300\" height=\"300\" srcset=\"https:\/\/i0.wp.com\/andresmanjon.es\/wp-content\/uploads\/2023\/12\/don_andres.jpg?resize=300%2C300&amp;ssl=1 300w, https:\/\/i0.wp.com\/andresmanjon.es\/wp-content\/uploads\/2023\/12\/don_andres.jpg?resize=1024%2C1024&amp;ssl=1 1024w, https:\/\/i0.wp.com\/andresmanjon.es\/wp-content\/uploads\/2023\/12\/don_andres.jpg?resize=150%2C150&amp;ssl=1 150w, https:\/\/i0.wp.com\/andresmanjon.es\/wp-content\/uploads\/2023\/12\/don_andres.jpg?resize=768%2C768&amp;ssl=1 768w, https:\/\/i0.wp.com\/andresmanjon.es\/wp-content\/uploads\/2023\/12\/don_andres.jpg?w=1121&amp;ssl=1 1121w\" sizes=\"(max-width: 300px) 100vw, 300px\" \/>En nuestra comunidad de <em><a href=\"https:\/\/andresmanjon.es\">andresmanjon.es<\/a><\/em>, acogemos con entusiasmo la noticia del Papa Francisco sobre el inicio del proceso de beatificaci\u00f3n de Andr\u00e9s Manj\u00f3n. Manj\u00f3n, un pionero en el campo de la educaci\u00f3n, transform\u00f3 el acceso a la ense\u00f1anza en Granada mediante la fundaci\u00f3n de las Escuelas del Ave Mar\u00eda, dedicadas a la educaci\u00f3n de ni\u00f1os en situaciones de vulnerabilidad. Su trabajo no solo cambi\u00f3 vidas en su \u00e9poca, sino que dej\u00f3 un legado perdurable que contin\u00faa inspirando a educadores y estudiantes en nuestra comunidad y m\u00e1s all\u00e1. Este proceso de beatificaci\u00f3n reconoce oficialmente su impacto profundo y su dedicaci\u00f3n a la justicia social a trav\u00e9s de la educaci\u00f3n.<\/span><\/p>\n<h2><strong>Educaci\u00f3n Inclusiva:<\/strong> Las Escuelas del Ave Mar\u00eda y su visi\u00f3n educativa.<\/h2>\n<p>Andr\u00e9s Manj\u00f3n, originario de Sargentes de la Lora en Burgos, no fue solo un destacado pedagogo y canonista, sino tambi\u00e9n un innovador social que revolucion\u00f3 el concepto de educaci\u00f3n en su tiempo. Entendi\u00f3 la educaci\u00f3n como una herramienta crucial de inclusi\u00f3n social, dise\u00f1ando m\u00e9todos que iban m\u00e1s all\u00e1 de las aulas tradicionales para alcanzar a los m\u00e1s necesitados en la sociedad.<\/p>\n<p>Su enfoque pedag\u00f3gico, conocido como la metodolog\u00eda \u00abavemariana\u00bb, se origin\u00f3 en Granada pero r\u00e1pidamente se difundi\u00f3 por toda Espa\u00f1a, demostrando la universalidad y eficacia de sus pr\u00e1cticas educativas. Esta metodolog\u00eda no solo abordaba la ense\u00f1anza acad\u00e9mica, sino que tambi\u00e9n integraba aspectos morales y sociales, lo que permit\u00eda una formaci\u00f3n integral de los estudiantes.<\/p>\n<p>El legado de Manj\u00f3n destaca por su capacidad de adaptar la educaci\u00f3n a las realidades sociales y culturales de su tiempo, ofreciendo oportunidades a aquellos sectores tradicionalmente marginados. Su trabajo pionero sent\u00f3 las bases para que la educaci\u00f3n fuera vista como un derecho fundamental accesible para todos, no solo para una elite.<\/p>\n<p>Hoy en d\u00eda, la influencia de Andr\u00e9s Manj\u00f3n se refleja en numerosas iniciativas educativas que siguen sus principios de inclusi\u00f3n y accesibilidad. Su visi\u00f3n contin\u00faa siendo un faro de inspiraci\u00f3n para educadores y reformadores sociales que buscan transformar la sociedad a trav\u00e9s del poder emancipador de la educaci\u00f3n.<\/p>\n<h2><strong>Controversias y Debates:<\/strong> El legado de Manj\u00f3n y la comunidad gitana.<\/h2>\n<p>A lo largo de los a\u00f1os, la figura de Manj\u00f3n ha sido objeto de debate debido a sus escritos sobre las comunidades gitanas. Desde nuestra web, entendemos que sus observaciones deben ser vistas en el contexto hist\u00f3rico de su tiempo. Manj\u00f3n buscaba la integraci\u00f3n social a trav\u00e9s de la educaci\u00f3n, aspirando a superar las barreras que la sociedad de entonces impon\u00eda. Es importante destacar que Manj\u00f3n promovi\u00f3 un entendimiento y respeto profundos hacia la identidad cultural gitana, trabajando activamente para integrar a esta comunidad a trav\u00e9s de oportunidades educativas. En muchas de las escuelas herederas de Manj\u00f3n, este legado de inclusi\u00f3n y respeto contin\u00faa vigente: Escuelas del Ave Mar\u00eda de Granada, Colegio Padre Manj\u00f3n de Granada, etc&#8230;<\/p>\n<h2><strong>Proceso de Beatificaci\u00f3n:<\/strong><\/h2>\n<p>El proceso de beatificaci\u00f3n de Andr\u00e9s Manj\u00f3n nos invita a reflexionar sobre su impacto duradero y a reafirmar nuestro compromiso con sus ideales educativos y sociales. Este momento es crucial para celebrar sus \u00abvirtudes heroicas\u00bb reconocidas por la Iglesia y para fomentar un di\u00e1logo constructivo sobre su relevancia en la sociedad contempor\u00e1nea.<\/p>\n<p>La beatificaci\u00f3n es el segundo de los tres pasos hacia la canonizaci\u00f3n en la Iglesia Cat\u00f3lica, y comienza con el reconocimiento de que una persona ha vivido virtudes de manera heroica. El proceso no puede iniciar hasta cinco a\u00f1os despu\u00e9s de la muerte del individuo, a menos que el Papa decida omitir este per\u00edodo de espera, lo que ha ocurrido en casos excepcionales. Este tiempo asegura que la reputaci\u00f3n de santidad del candidato perdure entre los fieles\u200b<span class=\"\" data-state=\"closed\"><span class=\"text-token-text-secondary\">)<\/span><\/span>\u200b.<\/p>\n<p>Una vez que se inicia el proceso, el obispo del lugar donde falleci\u00f3 el candidato puede pedir permiso a la Santa Sede para comenzar la causa de beatificaci\u00f3n y canonizaci\u00f3n. Se establece un tribunal diocesano para recopilar testimonios y escritos sobre la vida y virtudes del Siervo de Dios. Estos documentos, una vez evaluados, pueden llevar al reconocimiento de la persona como \u00abVenerable\u00bb\u200b.<\/p>\n<h2>Los pasos hacia la santidad de Andr\u00e9s Manj\u00f3n:<\/h2>\n<p>Finalmente, para que se d\u00e9 la beatificaci\u00f3n, es necesario que se apruebe un milagro atribuido a la intercesi\u00f3n del Venerable, despu\u00e9s de su muerte. Este milagro debe ser confirmado tanto por comisiones cient\u00edficas como teol\u00f3gicas, asegurando su car\u00e1cter sobrenatural y su conexi\u00f3n con la intercesi\u00f3n del candidato. Una vez aprobado, el Papa puede declarar al candidato como \u00abBeato\u00bb, lo que permite una veneraci\u00f3n p\u00fablica limitada\u200b.<\/p>\n<p>Este profundo proceso no solo honra la vida de Manj\u00f3n sino que tambi\u00e9n proporciona una oportunidad para que toda la comunidad revalore la educaci\u00f3n como una fuerza transformadora y humanizadora en la sociedad.<\/p>\n<p>En <em><a href=\"https:\/\/andresmanjon.es\">andresmanjon.es<\/a><\/em>, seguimos comprometidos con el legado de nuestro fundador, y esperamos que este proceso de beatificaci\u00f3n no solo honre su memoria, sino que tambi\u00e9n inspire a futuras generaciones a seguir su ejemplo de servicio y educaci\u00f3n para todos.<\/p>\n<h2>Enlaces interesantes:<\/h2>\n<ul>\n<li><a href=\"https:\/\/archidiocesisgranada.es\/noticias\/la-santa-sede-anuncia-la-promulgacion-del-decreto-de-virtudes-heroicas-del-siervo-de-dios-andres-manjon\/?fbclid=IwAR31qOXDGlm2JkL7sfgwzKJPDYmk1y6E_zU2ilj2Ly_gIlhhJFHW-cRNZUc\">SANTA SEDE<\/a><\/li>\n<li><a href=\"https:\/\/cmli.es\/noticias\/beatificacion-andres-manjon\/\">CENTRO DE MAGISTERIO LA INMACULADA<\/a><\/li>\n<li><a href=\"https:\/\/www.granadahoy.com\/vivir\/Papa-Francisco-beatificacion-padre-Manjon-Granada_0_1522648194.html\">GRANADA HOY<\/a><\/li>\n<li><span class=\"\" data-state=\"closed\"><a class=\"text-green-600 !no-underline\" href=\"https:\/\/www.ewtn.com\/catholicism\/library\/process-of-beatification-and-canonization-13747\" target=\"_blank\" rel=\"noopener noreferrer\">EWTN Global Catholic Television Network<\/a><\/span><\/li>\n<li><span class=\"\" data-state=\"closed\"><a class=\"text-green-600 !no-underline\" href=\"https:\/\/postocd.org\/index.php\/en\/postulation-en\/phases-of-the-beatification-and-canonization-process\" target=\"_blank\" rel=\"noopener noreferrer\">Post OCD<\/a><\/span><\/li>\n<li><span class=\"\" data-state=\"closed\"><a class=\"text-green-600 !no-underline\" href=\"https:\/\/www.britannica.com\/topic\/beatification\" target=\"_blank\" rel=\"noopener noreferrer\">Encyclopedia Britannica<\/a><\/span><\/li>\n<\/ul>\n","protected":false},"excerpt":{"rendered":"<p>Introducci\u00f3n: La vida de Andr\u00e9s Manj\u00f3n y su impacto en Granada. En nuestra comunidad de andresmanjon.es, acogemos con entusiasmo la noticia del Papa Francisco sobre el inicio del proceso de beatificaci\u00f3n de Andr\u00e9s Manj\u00f3n. Manj\u00f3n, un pionero en el campo de la educaci\u00f3n, transform\u00f3 el acceso a la ense\u00f1anza en Granada mediante la fundaci\u00f3n de [&hellip;]<\/p>\n","protected":false},"author":2,"featured_media":549,"comment_status":"closed","ping_status":"closed","sticky":false,"template":"","format":"standard","meta":{"jetpack_post_was_ever_published":false,"_jetpack_newsletter_access":"","_jetpack_dont_email_post_to_subs":false,"_jetpack_newsletter_tier_id":0,"_jetpack_memberships_contains_paywalled_content":false,"_jetpack_memberships_contains_paid_content":false,"footnotes":""},"categories":[37],"tags":[38,39,41,40,42],"ppma_author":[18],"class_list":["post-1387","post","type-post","status-publish","format-standard","has-post-thumbnail","hentry","category-beatificacion","tag-andres-manjon","tag-beatificacion","tag-educacion-inclusiva","tag-escuelas-del-ave-maria","tag-granada"],"yoast_head":"<!-- This site is optimized with the Yoast SEO plugin v27.5 - https:\/\/yoast.com\/product\/yoast-seo-wordpress\/ -->\n<title>Andr\u00e9s Manj\u00f3n: Un legado de educaci\u00f3n y un camino hacia la santidad - MANJON VIVE<\/title>\n<meta name=\"description\" content=\"Explora la vida de Andr\u00e9s Manj\u00f3n en Granada, el proceso de su beatificaci\u00f3n iniciado por el Papa Francisco. Descubre su legado educativo.\" \/>\n<meta name=\"robots\" content=\"index, follow, max-snippet:-1, max-image-preview:large, max-video-preview:-1\" \/>\n<link rel=\"canonical\" href=\"https:\/\/andresmanjon.es\/index.php\/2024\/05\/28\/andres-manjon-un-legado-de-educacion-y-un-camino-hacia-la-santidad\/\" \/>\n<meta property=\"og:locale\" content=\"es_ES\" \/>\n<meta property=\"og:type\" content=\"article\" \/>\n<meta property=\"og:title\" content=\"Andr\u00e9s Manj\u00f3n: Un legado de educaci\u00f3n y un camino hacia la santidad - MANJON VIVE\" \/>\n<meta property=\"og:description\" content=\"Explora la vida de Andr\u00e9s Manj\u00f3n en Granada, el proceso de su beatificaci\u00f3n iniciado por el Papa Francisco. Descubre su legado educativo.\" \/>\n<meta property=\"og:url\" content=\"https:\/\/andresmanjon.es\/index.php\/2024\/05\/28\/andres-manjon-un-legado-de-educacion-y-un-camino-hacia-la-santidad\/\" \/>\n<meta property=\"og:site_name\" content=\"MANJON VIVE\" \/>\n<meta property=\"article:published_time\" content=\"2024-05-28T16:41:52+00:00\" \/>\n<meta property=\"article:modified_time\" content=\"2024-05-28T17:43:39+00:00\" \/>\n<meta property=\"og:image\" content=\"https:\/\/andresmanjon.es\/wp-content\/uploads\/2024\/01\/275-Manjon.webp\" \/>\n\t<meta property=\"og:image:width\" content=\"200\" \/>\n\t<meta property=\"og:image:height\" content=\"315\" \/>\n\t<meta property=\"og:image:type\" content=\"image\/webp\" \/>\n<meta name=\"author\" content=\"Enrique Alonso Guardia\" \/>\n<meta name=\"twitter:card\" content=\"summary_large_image\" \/>\n<meta name=\"twitter:label1\" content=\"Escrito por\" \/>\n\t<meta name=\"twitter:data1\" content=\"Enrique Alonso Guardia\" \/>\n\t<meta name=\"twitter:label2\" content=\"Tiempo de lectura\" \/>\n\t<meta name=\"twitter:data2\" content=\"5 minutos\" \/>\n<script type=\"application\/ld+json\" class=\"yoast-schema-graph\">{\"@context\":\"https:\\\/\\\/schema.org\",\"@graph\":[{\"@type\":\"Article\",\"@id\":\"https:\\\/\\\/andresmanjon.es\\\/index.php\\\/2024\\\/05\\\/28\\\/andres-manjon-un-legado-de-educacion-y-un-camino-hacia-la-santidad\\\/#article\",\"isPartOf\":{\"@id\":\"https:\\\/\\\/andresmanjon.es\\\/index.php\\\/2024\\\/05\\\/28\\\/andres-manjon-un-legado-de-educacion-y-un-camino-hacia-la-santidad\\\/\"},\"author\":{\"name\":\"Enrique Alonso Guardia\",\"@id\":\"https:\\\/\\\/andresmanjon.es\\\/#\\\/schema\\\/person\\\/c3aa9658a78defc49109499b1f40dc3a\"},\"headline\":\"Andr\u00e9s Manj\u00f3n: Un legado de educaci\u00f3n y un camino hacia la santidad\",\"datePublished\":\"2024-05-28T16:41:52+00:00\",\"dateModified\":\"2024-05-28T17:43:39+00:00\",\"mainEntityOfPage\":{\"@id\":\"https:\\\/\\\/andresmanjon.es\\\/index.php\\\/2024\\\/05\\\/28\\\/andres-manjon-un-legado-de-educacion-y-un-camino-hacia-la-santidad\\\/\"},\"wordCount\":953,\"publisher\":{\"@id\":\"https:\\\/\\\/andresmanjon.es\\\/#\\\/schema\\\/person\\\/c3aa9658a78defc49109499b1f40dc3a\"},\"image\":{\"@id\":\"https:\\\/\\\/andresmanjon.es\\\/index.php\\\/2024\\\/05\\\/28\\\/andres-manjon-un-legado-de-educacion-y-un-camino-hacia-la-santidad\\\/#primaryimage\"},\"thumbnailUrl\":\"https:\\\/\\\/i0.wp.com\\\/andresmanjon.es\\\/wp-content\\\/uploads\\\/2024\\\/01\\\/275-Manjon-e1728495965613.webp?fit=198%2C282&ssl=1\",\"keywords\":[\"Andr\u00e9s Manj\u00f3n\",\"beatificaci\u00f3n\",\"educaci\u00f3n inclusiva\",\"Escuelas del Ave Mar\u00eda\",\"granada\"],\"articleSection\":[\"Beatificaci\u00f3n\"],\"inLanguage\":\"es\"},{\"@type\":\"WebPage\",\"@id\":\"https:\\\/\\\/andresmanjon.es\\\/index.php\\\/2024\\\/05\\\/28\\\/andres-manjon-un-legado-de-educacion-y-un-camino-hacia-la-santidad\\\/\",\"url\":\"https:\\\/\\\/andresmanjon.es\\\/index.php\\\/2024\\\/05\\\/28\\\/andres-manjon-un-legado-de-educacion-y-un-camino-hacia-la-santidad\\\/\",\"name\":\"Andr\u00e9s Manj\u00f3n: Un legado de educaci\u00f3n y un camino hacia la santidad - MANJON VIVE\",\"isPartOf\":{\"@id\":\"https:\\\/\\\/andresmanjon.es\\\/#website\"},\"primaryImageOfPage\":{\"@id\":\"https:\\\/\\\/andresmanjon.es\\\/index.php\\\/2024\\\/05\\\/28\\\/andres-manjon-un-legado-de-educacion-y-un-camino-hacia-la-santidad\\\/#primaryimage\"},\"image\":{\"@id\":\"https:\\\/\\\/andresmanjon.es\\\/index.php\\\/2024\\\/05\\\/28\\\/andres-manjon-un-legado-de-educacion-y-un-camino-hacia-la-santidad\\\/#primaryimage\"},\"thumbnailUrl\":\"https:\\\/\\\/i0.wp.com\\\/andresmanjon.es\\\/wp-content\\\/uploads\\\/2024\\\/01\\\/275-Manjon-e1728495965613.webp?fit=198%2C282&ssl=1\",\"datePublished\":\"2024-05-28T16:41:52+00:00\",\"dateModified\":\"2024-05-28T17:43:39+00:00\",\"description\":\"Explora la vida de Andr\u00e9s Manj\u00f3n en Granada, el proceso de su beatificaci\u00f3n iniciado por el Papa Francisco. Descubre su legado educativo.\",\"breadcrumb\":{\"@id\":\"https:\\\/\\\/andresmanjon.es\\\/index.php\\\/2024\\\/05\\\/28\\\/andres-manjon-un-legado-de-educacion-y-un-camino-hacia-la-santidad\\\/#breadcrumb\"},\"inLanguage\":\"es\",\"potentialAction\":[{\"@type\":\"ReadAction\",\"target\":[\"https:\\\/\\\/andresmanjon.es\\\/index.php\\\/2024\\\/05\\\/28\\\/andres-manjon-un-legado-de-educacion-y-un-camino-hacia-la-santidad\\\/\"]}]},{\"@type\":\"ImageObject\",\"inLanguage\":\"es\",\"@id\":\"https:\\\/\\\/andresmanjon.es\\\/index.php\\\/2024\\\/05\\\/28\\\/andres-manjon-un-legado-de-educacion-y-un-camino-hacia-la-santidad\\\/#primaryimage\",\"url\":\"https:\\\/\\\/i0.wp.com\\\/andresmanjon.es\\\/wp-content\\\/uploads\\\/2024\\\/01\\\/275-Manjon-e1728495965613.webp?fit=198%2C282&ssl=1\",\"contentUrl\":\"https:\\\/\\\/i0.wp.com\\\/andresmanjon.es\\\/wp-content\\\/uploads\\\/2024\\\/01\\\/275-Manjon-e1728495965613.webp?fit=198%2C282&ssl=1\",\"width\":198,\"height\":282},{\"@type\":\"BreadcrumbList\",\"@id\":\"https:\\\/\\\/andresmanjon.es\\\/index.php\\\/2024\\\/05\\\/28\\\/andres-manjon-un-legado-de-educacion-y-un-camino-hacia-la-santidad\\\/#breadcrumb\",\"itemListElement\":[{\"@type\":\"ListItem\",\"position\":1,\"name\":\"Portada\",\"item\":\"https:\\\/\\\/andresmanjon.es\\\/\"},{\"@type\":\"ListItem\",\"position\":2,\"name\":\"Andr\u00e9s Manj\u00f3n: Un legado de educaci\u00f3n y un camino hacia la santidad\"}]},{\"@type\":\"WebSite\",\"@id\":\"https:\\\/\\\/andresmanjon.es\\\/#website\",\"url\":\"https:\\\/\\\/andresmanjon.es\\\/\",\"name\":\"Andr\u00e9s Manj\u00f3n y Manj\u00f3n\",\"description\":\"UNA EDUCACI\u00d3N PARA TODOS\",\"publisher\":{\"@id\":\"https:\\\/\\\/andresmanjon.es\\\/#\\\/schema\\\/person\\\/c3aa9658a78defc49109499b1f40dc3a\"},\"potentialAction\":[{\"@type\":\"SearchAction\",\"target\":{\"@type\":\"EntryPoint\",\"urlTemplate\":\"https:\\\/\\\/andresmanjon.es\\\/?s={search_term_string}\"},\"query-input\":{\"@type\":\"PropertyValueSpecification\",\"valueRequired\":true,\"valueName\":\"search_term_string\"}}],\"inLanguage\":\"es\"},{\"@type\":[\"Person\",\"Organization\"],\"@id\":\"https:\\\/\\\/andresmanjon.es\\\/#\\\/schema\\\/person\\\/c3aa9658a78defc49109499b1f40dc3a\",\"name\":\"Enrique Alonso Guardia\",\"image\":{\"@type\":\"ImageObject\",\"inLanguage\":\"es\",\"@id\":\"https:\\\/\\\/i0.wp.com\\\/andresmanjon.es\\\/wp-content\\\/uploads\\\/2023\\\/12\\\/cropped-logo-1.png?fit=1660%2C548&ssl=1dd6cd788025305c93754fac7facc0ac9\",\"url\":\"https:\\\/\\\/i0.wp.com\\\/andresmanjon.es\\\/wp-content\\\/uploads\\\/2023\\\/12\\\/cropped-logo-1.png?fit=1660%2C548&ssl=1\",\"contentUrl\":\"https:\\\/\\\/i0.wp.com\\\/andresmanjon.es\\\/wp-content\\\/uploads\\\/2023\\\/12\\\/cropped-logo-1.png?fit=1660%2C548&ssl=1\",\"width\":1660,\"height\":548,\"caption\":\"Enrique Alonso Guardia\"},\"logo\":{\"@id\":\"https:\\\/\\\/i0.wp.com\\\/andresmanjon.es\\\/wp-content\\\/uploads\\\/2023\\\/12\\\/cropped-logo-1.png?fit=1660%2C548&ssl=1dd6cd788025305c93754fac7facc0ac9\"},\"sameAs\":[\"http:\\\/\\\/www.kalonso.com\"],\"url\":\"https:\\\/\\\/andresmanjon.es\\\/index.php\\\/author\\\/kalonso\\\/\"}]}<\/script>\n<!-- \/ Yoast SEO plugin. -->","yoast_head_json":{"title":"Andr\u00e9s Manj\u00f3n: Un legado de educaci\u00f3n y un camino hacia la santidad - MANJON VIVE","description":"Explora la vida de Andr\u00e9s Manj\u00f3n en Granada, el proceso de su beatificaci\u00f3n iniciado por el Papa Francisco. Descubre su legado educativo.","robots":{"index":"index","follow":"follow","max-snippet":"max-snippet:-1","max-image-preview":"max-image-preview:large","max-video-preview":"max-video-preview:-1"},"canonical":"https:\/\/andresmanjon.es\/index.php\/2024\/05\/28\/andres-manjon-un-legado-de-educacion-y-un-camino-hacia-la-santidad\/","og_locale":"es_ES","og_type":"article","og_title":"Andr\u00e9s Manj\u00f3n: Un legado de educaci\u00f3n y un camino hacia la santidad - MANJON VIVE","og_description":"Explora la vida de Andr\u00e9s Manj\u00f3n en Granada, el proceso de su beatificaci\u00f3n iniciado por el Papa Francisco. Descubre su legado educativo.","og_url":"https:\/\/andresmanjon.es\/index.php\/2024\/05\/28\/andres-manjon-un-legado-de-educacion-y-un-camino-hacia-la-santidad\/","og_site_name":"MANJON VIVE","article_published_time":"2024-05-28T16:41:52+00:00","article_modified_time":"2024-05-28T17:43:39+00:00","og_image":[{"width":200,"height":315,"url":"https:\/\/andresmanjon.es\/wp-content\/uploads\/2024\/01\/275-Manjon.webp","type":"image\/webp"}],"author":"Enrique Alonso Guardia","twitter_card":"summary_large_image","twitter_misc":{"Escrito por":"Enrique Alonso Guardia","Tiempo de lectura":"5 minutos"},"schema":{"@context":"https:\/\/schema.org","@graph":[{"@type":"Article","@id":"https:\/\/andresmanjon.es\/index.php\/2024\/05\/28\/andres-manjon-un-legado-de-educacion-y-un-camino-hacia-la-santidad\/#article","isPartOf":{"@id":"https:\/\/andresmanjon.es\/index.php\/2024\/05\/28\/andres-manjon-un-legado-de-educacion-y-un-camino-hacia-la-santidad\/"},"author":{"name":"Enrique Alonso Guardia","@id":"https:\/\/andresmanjon.es\/#\/schema\/person\/c3aa9658a78defc49109499b1f40dc3a"},"headline":"Andr\u00e9s Manj\u00f3n: Un legado de educaci\u00f3n y un camino hacia la santidad","datePublished":"2024-05-28T16:41:52+00:00","dateModified":"2024-05-28T17:43:39+00:00","mainEntityOfPage":{"@id":"https:\/\/andresmanjon.es\/index.php\/2024\/05\/28\/andres-manjon-un-legado-de-educacion-y-un-camino-hacia-la-santidad\/"},"wordCount":953,"publisher":{"@id":"https:\/\/andresmanjon.es\/#\/schema\/person\/c3aa9658a78defc49109499b1f40dc3a"},"image":{"@id":"https:\/\/andresmanjon.es\/index.php\/2024\/05\/28\/andres-manjon-un-legado-de-educacion-y-un-camino-hacia-la-santidad\/#primaryimage"},"thumbnailUrl":"https:\/\/i0.wp.com\/andresmanjon.es\/wp-content\/uploads\/2024\/01\/275-Manjon-e1728495965613.webp?fit=198%2C282&ssl=1","keywords":["Andr\u00e9s Manj\u00f3n","beatificaci\u00f3n","educaci\u00f3n inclusiva","Escuelas del Ave Mar\u00eda","granada"],"articleSection":["Beatificaci\u00f3n"],"inLanguage":"es"},{"@type":"WebPage","@id":"https:\/\/andresmanjon.es\/index.php\/2024\/05\/28\/andres-manjon-un-legado-de-educacion-y-un-camino-hacia-la-santidad\/","url":"https:\/\/andresmanjon.es\/index.php\/2024\/05\/28\/andres-manjon-un-legado-de-educacion-y-un-camino-hacia-la-santidad\/","name":"Andr\u00e9s Manj\u00f3n: Un legado de educaci\u00f3n y un camino hacia la santidad - MANJON VIVE","isPartOf":{"@id":"https:\/\/andresmanjon.es\/#website"},"primaryImageOfPage":{"@id":"https:\/\/andresmanjon.es\/index.php\/2024\/05\/28\/andres-manjon-un-legado-de-educacion-y-un-camino-hacia-la-santidad\/#primaryimage"},"image":{"@id":"https:\/\/andresmanjon.es\/index.php\/2024\/05\/28\/andres-manjon-un-legado-de-educacion-y-un-camino-hacia-la-santidad\/#primaryimage"},"thumbnailUrl":"https:\/\/i0.wp.com\/andresmanjon.es\/wp-content\/uploads\/2024\/01\/275-Manjon-e1728495965613.webp?fit=198%2C282&ssl=1","datePublished":"2024-05-28T16:41:52+00:00","dateModified":"2024-05-28T17:43:39+00:00","description":"Explora la vida de Andr\u00e9s Manj\u00f3n en Granada, el proceso de su beatificaci\u00f3n iniciado por el Papa Francisco. Descubre su legado educativo.","breadcrumb":{"@id":"https:\/\/andresmanjon.es\/index.php\/2024\/05\/28\/andres-manjon-un-legado-de-educacion-y-un-camino-hacia-la-santidad\/#breadcrumb"},"inLanguage":"es","potentialAction":[{"@type":"ReadAction","target":["https:\/\/andresmanjon.es\/index.php\/2024\/05\/28\/andres-manjon-un-legado-de-educacion-y-un-camino-hacia-la-santidad\/"]}]},{"@type":"ImageObject","inLanguage":"es","@id":"https:\/\/andresmanjon.es\/index.php\/2024\/05\/28\/andres-manjon-un-legado-de-educacion-y-un-camino-hacia-la-santidad\/#primaryimage","url":"https:\/\/i0.wp.com\/andresmanjon.es\/wp-content\/uploads\/2024\/01\/275-Manjon-e1728495965613.webp?fit=198%2C282&ssl=1","contentUrl":"https:\/\/i0.wp.com\/andresmanjon.es\/wp-content\/uploads\/2024\/01\/275-Manjon-e1728495965613.webp?fit=198%2C282&ssl=1","width":198,"height":282},{"@type":"BreadcrumbList","@id":"https:\/\/andresmanjon.es\/index.php\/2024\/05\/28\/andres-manjon-un-legado-de-educacion-y-un-camino-hacia-la-santidad\/#breadcrumb","itemListElement":[{"@type":"ListItem","position":1,"name":"Portada","item":"https:\/\/andresmanjon.es\/"},{"@type":"ListItem","position":2,"name":"Andr\u00e9s Manj\u00f3n: Un legado de educaci\u00f3n y un camino hacia la santidad"}]},{"@type":"WebSite","@id":"https:\/\/andresmanjon.es\/#website","url":"https:\/\/andresmanjon.es\/","name":"Andr\u00e9s Manj\u00f3n y Manj\u00f3n","description":"UNA EDUCACI\u00d3N PARA TODOS","publisher":{"@id":"https:\/\/andresmanjon.es\/#\/schema\/person\/c3aa9658a78defc49109499b1f40dc3a"},"potentialAction":[{"@type":"SearchAction","target":{"@type":"EntryPoint","urlTemplate":"https:\/\/andresmanjon.es\/?s={search_term_string}"},"query-input":{"@type":"PropertyValueSpecification","valueRequired":true,"valueName":"search_term_string"}}],"inLanguage":"es"},{"@type":["Person","Organization"],"@id":"https:\/\/andresmanjon.es\/#\/schema\/person\/c3aa9658a78defc49109499b1f40dc3a","name":"Enrique Alonso Guardia","image":{"@type":"ImageObject","inLanguage":"es","@id":"https:\/\/i0.wp.com\/andresmanjon.es\/wp-content\/uploads\/2023\/12\/cropped-logo-1.png?fit=1660%2C548&ssl=1dd6cd788025305c93754fac7facc0ac9","url":"https:\/\/i0.wp.com\/andresmanjon.es\/wp-content\/uploads\/2023\/12\/cropped-logo-1.png?fit=1660%2C548&ssl=1","contentUrl":"https:\/\/i0.wp.com\/andresmanjon.es\/wp-content\/uploads\/2023\/12\/cropped-logo-1.png?fit=1660%2C548&ssl=1","width":1660,"height":548,"caption":"Enrique Alonso Guardia"},"logo":{"@id":"https:\/\/i0.wp.com\/andresmanjon.es\/wp-content\/uploads\/2023\/12\/cropped-logo-1.png?fit=1660%2C548&ssl=1dd6cd788025305c93754fac7facc0ac9"},"sameAs":["http:\/\/www.kalonso.com"],"url":"https:\/\/andresmanjon.es\/index.php\/author\/kalonso\/"}]}},"jetpack_featured_media_url":"https:\/\/i0.wp.com\/andresmanjon.es\/wp-content\/uploads\/2024\/01\/275-Manjon-e1728495965613.webp?fit=198%2C282&ssl=1","jetpack-related-posts":[{"id":2752,"url":"https:\/\/andresmanjon.es\/index.php\/2025\/11\/23\/preparando-el-homenaje-a-andres-manjon-y-manjon\/","url_meta":{"origin":1387,"position":0},"title":"Preparando el homenaje a Andr\u00e9s Manj\u00f3n y Manj\u00f3n","author":"Enrique Alonso Guardia","date":"11\/23\/2025","format":false,"excerpt":"Quinto aniversario de la declaraci\u00f3n de Venerable Con motivo del quinto aniversario de la declaraci\u00f3n de Venerable de nuestro fundador Andr\u00e9s Manj\u00f3n y Manj\u00f3n, desde la web andresmanjon.es nos sumamos a la invitaci\u00f3n que ha hecho la Abad\u00eda del Sacromonte de Granada para el acto de homenaje que se celebrar\u00e1\u2026","rel":"","context":"En \u00abBeatificaci\u00f3n\u00bb","block_context":{"text":"Beatificaci\u00f3n","link":"https:\/\/andresmanjon.es\/index.php\/category\/beatificacion\/"},"img":{"alt_text":"","src":"https:\/\/i0.wp.com\/andresmanjon.es\/wp-content\/uploads\/2025\/11\/DSC02211-980x653-1.jpg?fit=980%2C653&ssl=1&resize=350%2C200","width":350,"height":200,"srcset":"https:\/\/i0.wp.com\/andresmanjon.es\/wp-content\/uploads\/2025\/11\/DSC02211-980x653-1.jpg?fit=980%2C653&ssl=1&resize=350%2C200 1x, https:\/\/i0.wp.com\/andresmanjon.es\/wp-content\/uploads\/2025\/11\/DSC02211-980x653-1.jpg?fit=980%2C653&ssl=1&resize=525%2C300 1.5x, https:\/\/i0.wp.com\/andresmanjon.es\/wp-content\/uploads\/2025\/11\/DSC02211-980x653-1.jpg?fit=980%2C653&ssl=1&resize=700%2C400 2x"},"classes":[]},{"id":125,"url":"https:\/\/andresmanjon.es\/index.php\/2023\/12\/26\/andres-manjon-educador-y-visionario\/","url_meta":{"origin":1387,"position":1},"title":"Andr\u00e9s Manj\u00f3n: Educador y Visionario","author":"Enrique Alonso Guardia","date":"12\/26\/2023","format":false,"excerpt":"Andr\u00e9s Manj\u00f3n: pionero de la educaci\u00f3n moderna","rel":"","context":"En \u00abReflexiones\u00bb","block_context":{"text":"Reflexiones","link":"https:\/\/andresmanjon.es\/index.php\/category\/reflexiones\/"},"img":{"alt_text":"","src":"https:\/\/i0.wp.com\/andresmanjon.es\/wp-content\/uploads\/2023\/12\/don_andres.jpg?fit=1121%2C1121&ssl=1&resize=350%2C200","width":350,"height":200,"srcset":"https:\/\/i0.wp.com\/andresmanjon.es\/wp-content\/uploads\/2023\/12\/don_andres.jpg?fit=1121%2C1121&ssl=1&resize=350%2C200 1x, https:\/\/i0.wp.com\/andresmanjon.es\/wp-content\/uploads\/2023\/12\/don_andres.jpg?fit=1121%2C1121&ssl=1&resize=525%2C300 1.5x, https:\/\/i0.wp.com\/andresmanjon.es\/wp-content\/uploads\/2023\/12\/don_andres.jpg?fit=1121%2C1121&ssl=1&resize=700%2C400 2x, https:\/\/i0.wp.com\/andresmanjon.es\/wp-content\/uploads\/2023\/12\/don_andres.jpg?fit=1121%2C1121&ssl=1&resize=1050%2C600 3x"},"classes":[]},{"id":1675,"url":"https:\/\/andresmanjon.es\/index.php\/2024\/09\/15\/manjon-y-la-virgen-de-las-angustias\/","url_meta":{"origin":1387,"position":2},"title":"Manj\u00f3n y la Virgen de las Angustias","author":"Enrique Alonso Guardia","date":"09\/15\/2024","format":false,"excerpt":"Manj\u00f3n y la Virgen de las Angustias. Don Andr\u00e9s Manj\u00f3n dedic\u00f3 su vida a educar a ni\u00f1os y ni\u00f1as, sobre todo a quienes m\u00e1s lo necesitaban. Adem\u00e1s de ser un gran educador, tambi\u00e9n era muy devoto de la Virgen de las Angustias, la patrona de Granada. En homenaje a esta\u2026","rel":"","context":"En \u00abInterioridad Manjoniana\u00bb","block_context":{"text":"Interioridad Manjoniana","link":"https:\/\/andresmanjon.es\/index.php\/category\/interioridad-manjoniana\/"},"img":{"alt_text":"VIRGEN DE LAS ANGUSTIAS","src":"https:\/\/i0.wp.com\/andresmanjon.es\/wp-content\/uploads\/2024\/09\/88B3A333-1E3A-4EB7-B248-1D88CF140DC6_4_5005_c.jpeg?fit=360%2C480&ssl=1&resize=350%2C200","width":350,"height":200},"classes":[]},{"id":1406,"url":"https:\/\/andresmanjon.es\/index.php\/2024\/07\/10\/10-julio-muerte-de-manjon\/","url_meta":{"origin":1387,"position":3},"title":"10 julio &#8211; Muerte de Manj\u00f3n","author":"Enrique Alonso Guardia","date":"07\/10\/2024","format":false,"excerpt":"10 de julio. El Adi\u00f3s a Don Andr\u00e9s Manj\u00f3n: El Legado de un Educador Inquebrantable Hoy celebramos la muerte de un gran Educador: don Andr\u00e9s Manj\u00f3n. Que el Se\u00f1or nos d\u00e9 a todos fuerza, ilusi\u00f3n y creatividad para seguir con ampliando su legado con fidelidad y entrega. El 10 de\u2026","rel":"","context":"En \u00abAndr\u00e9s Manj\u00f3n\u00bb","block_context":{"text":"Andr\u00e9s Manj\u00f3n","link":"https:\/\/andresmanjon.es\/index.php\/category\/andres-manjon\/"},"img":{"alt_text":"","src":"https:\/\/i0.wp.com\/andresmanjon.es\/wp-content\/uploads\/2024\/07\/IMG_1315.webp?fit=780%2C496&ssl=1&resize=350%2C200","width":350,"height":200,"srcset":"https:\/\/i0.wp.com\/andresmanjon.es\/wp-content\/uploads\/2024\/07\/IMG_1315.webp?fit=780%2C496&ssl=1&resize=350%2C200 1x, https:\/\/i0.wp.com\/andresmanjon.es\/wp-content\/uploads\/2024\/07\/IMG_1315.webp?fit=780%2C496&ssl=1&resize=525%2C300 1.5x, https:\/\/i0.wp.com\/andresmanjon.es\/wp-content\/uploads\/2024\/07\/IMG_1315.webp?fit=780%2C496&ssl=1&resize=700%2C400 2x"},"classes":[]},{"id":2708,"url":"https:\/\/andresmanjon.es\/index.php\/2025\/11\/05\/el-legado-de-andres-manjon-sigue-inspirando-un-perfil-pedagogico-que-vuelve-a-brillar\/","url_meta":{"origin":1387,"position":4},"title":"El legado de Andr\u00e9s Manj\u00f3n sigue inspirando: un perfil pedag\u00f3gico que vuelve a brillar","author":"Enrique Alonso Guardia","date":"11\/05\/2025","format":false,"excerpt":"Un renovado inter\u00e9s por la figura del Padre Manj\u00f3n El nuevo libro renueva el perfil pedag\u00f3gico del Padre Manj\u00f3n. La figura de Andr\u00e9s Manj\u00f3n vuelve a ocupar un lugar destacado en el panorama cultural y educativo granadino. En las \u00faltimas semanas, su pensamiento pedag\u00f3gico ha sido objeto de conversaci\u00f3n, debate\u2026","rel":"","context":"En \u00abLegado Manjoniano\u00bb","block_context":{"text":"Legado Manjoniano","link":"https:\/\/andresmanjon.es\/index.php\/category\/legado-manjoniano\/"},"img":{"alt_text":"","src":"https:\/\/i0.wp.com\/andresmanjon.es\/wp-content\/uploads\/2025\/10\/Andres-Manjon.-Una-historia-en-la-historia_00003.jpeg?fit=919%2C1200&ssl=1&resize=350%2C200","width":350,"height":200,"srcset":"https:\/\/i0.wp.com\/andresmanjon.es\/wp-content\/uploads\/2025\/10\/Andres-Manjon.-Una-historia-en-la-historia_00003.jpeg?fit=919%2C1200&ssl=1&resize=350%2C200 1x, https:\/\/i0.wp.com\/andresmanjon.es\/wp-content\/uploads\/2025\/10\/Andres-Manjon.-Una-historia-en-la-historia_00003.jpeg?fit=919%2C1200&ssl=1&resize=525%2C300 1.5x, https:\/\/i0.wp.com\/andresmanjon.es\/wp-content\/uploads\/2025\/10\/Andres-Manjon.-Una-historia-en-la-historia_00003.jpeg?fit=919%2C1200&ssl=1&resize=700%2C400 2x"},"classes":[]},{"id":1870,"url":"https:\/\/andresmanjon.es\/index.php\/2024\/11\/08\/carta-de-don-andres-manjon-a-dona-paquita\/","url_meta":{"origin":1387,"position":5},"title":"Carta de Don Andr\u00e9s Manj\u00f3n a Do\u00f1a Paquita","author":"Enrique Alonso Guardia","date":"11\/08\/2024","format":false,"excerpt":"Carta de Don Andr\u00e9s Manj\u00f3n a Do\u00f1a Paquita: Un legado eterno en las Escuelas del Ave Mar\u00eda. Desde este rinc\u00f3n de paz, quiero dedicar unas palabras llenas de gratitud a ti, Do\u00f1a Paquita. Tu vida como maestra no termin\u00f3 cuando se apag\u00f3 la \u00faltima lecci\u00f3n. Sigue viva en cada sonrisa\u2026","rel":"","context":"En \u00ab\u00a1Gracias!\u00bb","block_context":{"text":"\u00a1Gracias!","link":"https:\/\/andresmanjon.es\/index.php\/category\/gracias\/"},"img":{"alt_text":"","src":"https:\/\/i0.wp.com\/andresmanjon.es\/wp-content\/uploads\/2024\/11\/donapaquita_00002.jpg?fit=903%2C1200&ssl=1&resize=350%2C200","width":350,"height":200,"srcset":"https:\/\/i0.wp.com\/andresmanjon.es\/wp-content\/uploads\/2024\/11\/donapaquita_00002.jpg?fit=903%2C1200&ssl=1&resize=350%2C200 1x, https:\/\/i0.wp.com\/andresmanjon.es\/wp-content\/uploads\/2024\/11\/donapaquita_00002.jpg?fit=903%2C1200&ssl=1&resize=525%2C300 1.5x, https:\/\/i0.wp.com\/andresmanjon.es\/wp-content\/uploads\/2024\/11\/donapaquita_00002.jpg?fit=903%2C1200&ssl=1&resize=700%2C400 2x"},"classes":[]}],"jetpack_sharing_enabled":true,"authors":[{"term_id":18,"user_id":2,"is_guest":0,"slug":"kalonso","display_name":"Enrique Alonso Guardia","avatar_url":"https:\/\/secure.gravatar.com\/avatar\/8dedfb85376f5619df87b798562554716430c51bdd4ee2c6cb09011dd04878a9?s=96&d=mm&r=g","0":null,"1":"","2":"","3":"","4":"","5":"","6":"","7":"","8":""}],"_links":{"self":[{"href":"https:\/\/andresmanjon.es\/index.php\/wp-json\/wp\/v2\/posts\/1387","targetHints":{"allow":["GET"]}}],"collection":[{"href":"https:\/\/andresmanjon.es\/index.php\/wp-json\/wp\/v2\/posts"}],"about":[{"href":"https:\/\/andresmanjon.es\/index.php\/wp-json\/wp\/v2\/types\/post"}],"author":[{"embeddable":true,"href":"https:\/\/andresmanjon.es\/index.php\/wp-json\/wp\/v2\/users\/2"}],"replies":[{"embeddable":true,"href":"https:\/\/andresmanjon.es\/index.php\/wp-json\/wp\/v2\/comments?post=1387"}],"version-history":[{"count":1,"href":"https:\/\/andresmanjon.es\/index.php\/wp-json\/wp\/v2\/posts\/1387\/revisions"}],"predecessor-version":[{"id":1388,"href":"https:\/\/andresmanjon.es\/index.php\/wp-json\/wp\/v2\/posts\/1387\/revisions\/1388"}],"wp:featuredmedia":[{"embeddable":true,"href":"https:\/\/andresmanjon.es\/index.php\/wp-json\/wp\/v2\/media\/549"}],"wp:attachment":[{"href":"https:\/\/andresmanjon.es\/index.php\/wp-json\/wp\/v2\/media?parent=1387"}],"wp:term":[{"taxonomy":"category","embeddable":true,"href":"https:\/\/andresmanjon.es\/index.php\/wp-json\/wp\/v2\/categories?post=1387"},{"taxonomy":"post_tag","embeddable":true,"href":"https:\/\/andresmanjon.es\/index.php\/wp-json\/wp\/v2\/tags?post=1387"},{"taxonomy":"author","embeddable":true,"href":"https:\/\/andresmanjon.es\/index.php\/wp-json\/wp\/v2\/ppma_author?post=1387"}],"curies":[{"name":"wp","href":"https:\/\/api.w.org\/{rel}","templated":true}]}}