{"id":1291,"date":"2024-04-02T16:01:03","date_gmt":"2024-04-02T16:01:03","guid":{"rendered":"https:\/\/andresmanjon.es\/?p=1291"},"modified":"2024-07-15T15:36:24","modified_gmt":"2024-07-15T15:36:24","slug":"alma-noble","status":"publish","type":"post","link":"https:\/\/andresmanjon.es\/index.php\/2024\/04\/02\/alma-noble\/","title":{"rendered":"ALMA NOBLE"},"content":{"rendered":"\t\t<div data-elementor-type=\"wp-post\" data-elementor-id=\"1291\" class=\"elementor elementor-1291\" data-elementor-post-type=\"post\">\n\t\t\t\t<div class=\"elementor-element elementor-element-bc3f35b e-flex e-con-boxed e-con e-parent\" data-id=\"bc3f35b\" data-element_type=\"container\" data-e-type=\"container\">\n\t\t\t\t\t<div class=\"e-con-inner\">\n\t\t<div class=\"elementor-element elementor-element-7441ff5 e-con-full e-flex e-con e-child\" data-id=\"7441ff5\" data-element_type=\"container\" data-e-type=\"container\">\n\t\t\t\t<div class=\"elementor-element elementor-element-30202895 elementor-widget elementor-widget-text-editor\" data-id=\"30202895\" data-element_type=\"widget\" data-e-type=\"widget\" data-widget_type=\"text-editor.default\">\n\t\t\t\t<div class=\"elementor-widget-container\">\n\t\t\t\t\t\t\t\t\t<h2>D. Andr\u00e9s, era un alma noble.<\/h2><p><img fetchpriority=\"high\" decoding=\"async\" data-recalc-dims=\"1\" class=\"alignright wp-image-1292 size-medium\" src=\"https:\/\/i0.wp.com\/andresmanjon.es\/wp-content\/uploads\/2024\/04\/Ninos-de-1915-jugando-en-las-escuelas-del-Ave-Mar.jpg?resize=217%2C300&#038;ssl=1\" alt=\"\" width=\"217\" height=\"300\" srcset=\"https:\/\/i0.wp.com\/andresmanjon.es\/wp-content\/uploads\/2024\/04\/Ninos-de-1915-jugando-en-las-escuelas-del-Ave-Mar.jpg?w=1664&amp;ssl=1 1664w, https:\/\/i0.wp.com\/andresmanjon.es\/wp-content\/uploads\/2024\/04\/Ninos-de-1915-jugando-en-las-escuelas-del-Ave-Mar.jpg?resize=217%2C300&amp;ssl=1 217w, https:\/\/i0.wp.com\/andresmanjon.es\/wp-content\/uploads\/2024\/04\/Ninos-de-1915-jugando-en-las-escuelas-del-Ave-Mar.jpg?resize=740%2C1024&amp;ssl=1 740w, https:\/\/i0.wp.com\/andresmanjon.es\/wp-content\/uploads\/2024\/04\/Ninos-de-1915-jugando-en-las-escuelas-del-Ave-Mar.jpg?resize=768%2C1063&amp;ssl=1 768w, https:\/\/i0.wp.com\/andresmanjon.es\/wp-content\/uploads\/2024\/04\/Ninos-de-1915-jugando-en-las-escuelas-del-Ave-Mar.jpg?resize=1109%2C1536&amp;ssl=1 1109w, https:\/\/i0.wp.com\/andresmanjon.es\/wp-content\/uploads\/2024\/04\/Ninos-de-1915-jugando-en-las-escuelas-del-Ave-Mar.jpg?resize=1479%2C2048&amp;ssl=1 1479w, https:\/\/i0.wp.com\/andresmanjon.es\/wp-content\/uploads\/2024\/04\/Ninos-de-1915-jugando-en-las-escuelas-del-Ave-Mar.jpg?w=1600&amp;ssl=1 1600w\" sizes=\"(max-width: 217px) 100vw, 217px\" \/>Aprovecho la ocasi\u00f3n para hacerles llegar un texto que hemos convertido en canci\u00f3n con la ayuda de la Inteligencia Artificial.\u00a0<\/p><p>Sobre el texto decirles que habla de las calles de Granada hace cien a\u00f1os, habla que no son solo un escenario, sino un latido de un sue\u00f1o de un burgal\u00e9s hecho realidad.\u00a0<\/p><p>\u00abAndr\u00e9s, Alma Noble\u00bb es m\u00e1s que un conjunto de versos; producto de nuestro encuentro con la figura transformadora de Don Andr\u00e9s Manj\u00f3n y su inquebrantable Fe y en su convencimiento del poder regenerativo. Propone instrucci\u00f3n y educaci\u00f3n, conocimientos y vida, aprendizaje y juego, pensamiento y amor, discernimiento y acci\u00f3n, etc&#8230;<\/p><h2>Capturar la Luz.<\/h2><p>Al escribir este poema, queremos capturar no solo la luz dorada que ba\u00f1a las calles del Albaic\u00edn. C\u00f3mo no reconocer el amanecer y el atardecer de oto\u00f1o en este barrio precioso de Granada.<\/p><p>Luz dorada, tambi\u00e9n, con el brillo en los ojos de cada ni\u00f1o cuya vida fue tocada por la magia de las Escuelas del Ave Mar\u00eda.<\/p><p>Don Andr\u00e9s, con su esp\u00edritu noble y altruista, sembr\u00f3 vida en lugares donde el miedo y la desesperanza sol\u00edan reinar. A trav\u00e9s de sus aulas, una revoluci\u00f3n silenciosa tom\u00f3 forma a\u00f1o tras a\u00f1o. Fue transformando no solo vidas individuales, sino tambi\u00e9n el tejido mismo de la comunidad granadina.<\/p><p>Nuestro deseo era redactar un relato que resonara m\u00e1s all\u00e1 de las palabras, que pudiera conectar e inspirar como lo hizo Don Andr\u00e9s.<\/p><h2>Conectar e inspirar<\/h2><p>\u00abConectar e inspirar\u00bb, se convierte en un mantra para las futuras generaciones de creadores de material manjoniano. Mantra que atraviesa el poema, un eco de su filosof\u00eda que a\u00fan resuena en las modernas pr\u00e1cticas pedag\u00f3gicas.<\/p><p>Las \u00abaulas de piedra\u00bb no son solo estructuras f\u00edsicas; son el escenario donde la risa y los sue\u00f1os de los ni\u00f1os danzan libremente, liberados de las cadenas del miedo y la ignorancia. Manj\u00f3n, a trav\u00e9s de sus manos y su coraz\u00f3n, abraz\u00f3 a los olvidados, ofreci\u00e9ndoles un jard\u00edn de esperanza donde cada ni\u00f1o pod\u00eda florecer a su propio ritmo, descubriendo su potencial ilimitado.<\/p><p>Para finalizar, quisimos que cada verso sirviera como gotas de lluvia en un desierto de indiferencia, cultivando un jard\u00edn de conocimiento y compasi\u00f3n que pudiera inspirar a otros a seguir sus pasos. Las Escuelas del Ave Mar\u00eda se convierten en un lienzo donde cada d\u00eda ofrece la promesa de una nueva creaci\u00f3n, una nueva oportunidad para pintar el mundo con los colores de la esperanza, el amor y la inagotable curiosidad.<\/p><h3 style=\"text-align: center;\"><span>\u00abAmanecer en las Escuelas del Ave Mar\u00eda. <br \/><\/span><span>Donde cada d\u00eda es un lienzo una nueva poes\u00eda\u00bb.<\/span><\/h3><p>Amanecer en las Escuelas del Ave Mar\u00eda y amanecer en el legado manjoniano a trav\u00e9s de todas sus manifestaciones.\u00a0<\/p><h2>Enlaces Interesantes:<\/h2><ul><li><a href=\"https:\/\/andresmanjon.es\/index.php\/download\/10-itinerarios-sobre-andres-manjon\/\">10 ITINERARIOS SOBRE ANDR\u00c9S MANJ\u00d3N<\/a> &#8211; descarga el PDF<\/li><\/ul>\t\t\t\t\t\t\t\t<\/div>\n\t\t\t\t<\/div>\n\t\t\t\t<\/div>\n\t\t<div class=\"elementor-element elementor-element-6b1f047 e-con-full e-flex e-con e-child\" data-id=\"6b1f047\" data-element_type=\"container\" data-e-type=\"container\">\n\t\t\t\t<div class=\"elementor-element elementor-element-a28bb70 elementor-widget elementor-widget-text-editor\" data-id=\"a28bb70\" data-element_type=\"widget\" data-e-type=\"widget\" data-widget_type=\"text-editor.default\">\n\t\t\t\t<div class=\"elementor-widget-container\">\n\t\t\t\t\t\t\t\t\t&nbsp;\n<p style=\"text-align: center;\"><iframe style=\"border-radius: 12px;\" src=\"https:\/\/open.spotify.com\/embed\/album\/4Lt2DuxBTcCJY9vgmoBYDg?utm_source=generator\" width=\"100%\" height=\"352\" frameborder=\"0\" allowfullscreen=\"allowfullscreen\"><\/iframe><\/p>\n&nbsp;\t\t\t\t\t\t\t\t<\/div>\n\t\t\t\t<\/div>\n\t\t\t\t<div class=\"elementor-element elementor-element-5994333 elementor-widget elementor-widget-heading\" data-id=\"5994333\" data-element_type=\"widget\" data-e-type=\"widget\" data-widget_type=\"heading.default\">\n\t\t\t\t<div class=\"elementor-widget-container\">\n\t\t\t\t\t<h2 class=\"elementor-heading-title elementor-size-default\">LETRA: ANDR\u00c9S, ALMA NOBLE<\/h2>\t\t\t\t<\/div>\n\t\t\t\t<\/div>\n\t\t\t\t<div class=\"elementor-element elementor-element-79e055b elementor-widget elementor-widget-text-editor\" data-id=\"79e055b\" data-element_type=\"widget\" data-e-type=\"widget\" data-widget_type=\"text-editor.default\">\n\t\t\t\t<div class=\"elementor-widget-container\">\n\t\t\t\t\t\t\t\t\t<p>Un sol dorado ba\u00f1a las calles de Granada<br \/>Donde nace un sue\u00f1o una luz en la mirada<\/p><p>Bajo el cielo de Granada un susurro corre viento<br \/>Una historia de amor puro en el silencio del tiempo<br \/>Don Andr\u00e9s alma noble con su esperanza sembr\u00f3<br \/>En las almas de los ni\u00f1os donde el miedo se esfum\u00f3<\/p><p>\u00abConectar inspirar\u00bb un eco suave en la brisa<br \/>En las aulas el mundo cambia una delicada sonrisa<br \/>Con amor Don Andr\u00e9s nos ense\u00f1\u00f3 a volar<br \/>Cada ni\u00f1o con una luz lista para iluminar<\/p><p>Por las aulas de piedra risas y sue\u00f1os danzan<br \/>Lecciones de vida en el aire que balancean<br \/>Manj\u00f3n con sus manos a los olvidados abraz\u00f3<br \/>En su jard\u00edn de esperanza todo ni\u00f1o floreci\u00f3<\/p><p>\u00abConectar inspirar\u00bb un eco suave en la brisa<br \/>En las aulas el mundo cambia una delicada sonrisa<br \/>Con amor Don Andr\u00e9s nos ense\u00f1\u00f3 a volar<br \/>Cada ni\u00f1o con una luz lista para iluminar<\/p><p>Sus palabras gotas de lluvia en el desierto<br \/>Un jard\u00edn de conocimiento corazones abiertos<br \/>Amanecer en las Escuelas del Ave Mar\u00eda<br \/>Donde cada d\u00eda es un lienzo una nueva poes\u00eda<\/p>\t\t\t\t\t\t\t\t<\/div>\n\t\t\t\t<\/div>\n\t\t\t\t<\/div>\n\t\t\t\t\t<\/div>\n\t\t\t\t<\/div>\n\t\t<div class=\"elementor-element elementor-element-3e9b6c67 e-flex e-con-boxed e-con e-parent\" data-id=\"3e9b6c67\" data-element_type=\"container\" data-e-type=\"container\">\n\t\t\t\t\t<div class=\"e-con-inner\">\n\t\t\t\t\t<\/div>\n\t\t\t\t<\/div>\n\t\t\t\t<\/div>\n\t\t","protected":false},"excerpt":{"rendered":"<p>D. Andr\u00e9s, era un alma noble. Aprovecho la ocasi\u00f3n para hacerles llegar un texto que hemos convertido en canci\u00f3n con la ayuda de la Inteligencia Artificial. Sobre el texto decirles que habla de las calles de Granada hace cien a\u00f1os, habla que no son solo un escenario, sino un latido de un sue\u00f1o de un [&hellip;]<\/p>\n","protected":false},"author":2,"featured_media":1292,"comment_status":"closed","ping_status":"closed","sticky":false,"template":"","format":"standard","meta":{"jetpack_post_was_ever_published":false,"_jetpack_newsletter_access":"","_jetpack_dont_email_post_to_subs":false,"_jetpack_newsletter_tier_id":0,"_jetpack_memberships_contains_paywalled_content":false,"_jetpack_memberships_contains_paid_content":false,"footnotes":""},"categories":[44],"tags":[7,20,8],"ppma_author":[18],"class_list":["post-1291","post","type-post","status-publish","format-standard","has-post-thumbnail","hentry","category-andres-manjon","tag-andres","tag-cancion","tag-manjon"],"yoast_head":"<!-- This site is optimized with the Yoast SEO plugin v27.5 - https:\/\/yoast.com\/product\/yoast-seo-wordpress\/ -->\n<title>ALMA NOBLE - MANJON VIVE<\/title>\n<meta name=\"description\" content=\"Don Andr\u00e9s Manj\u00f3n, era un alma noble. Letra de la canci\u00f3n del mismo t\u00edtulo que hemos creado para la difusi\u00f3n del mensaje avemariano en 2024.\" \/>\n<meta name=\"robots\" content=\"index, follow, max-snippet:-1, max-image-preview:large, max-video-preview:-1\" \/>\n<link rel=\"canonical\" href=\"https:\/\/andresmanjon.es\/index.php\/2024\/04\/02\/alma-noble\/\" \/>\n<meta property=\"og:locale\" content=\"es_ES\" \/>\n<meta property=\"og:type\" content=\"article\" \/>\n<meta property=\"og:title\" content=\"ALMA NOBLE - MANJON VIVE\" \/>\n<meta property=\"og:description\" content=\"Don Andr\u00e9s Manj\u00f3n, era un alma noble. Letra de la canci\u00f3n del mismo t\u00edtulo que hemos creado para la difusi\u00f3n del mensaje avemariano en 2024.\" \/>\n<meta property=\"og:url\" content=\"https:\/\/andresmanjon.es\/index.php\/2024\/04\/02\/alma-noble\/\" \/>\n<meta property=\"og:site_name\" content=\"MANJON VIVE\" \/>\n<meta property=\"article:published_time\" content=\"2024-04-02T16:01:03+00:00\" \/>\n<meta property=\"article:modified_time\" content=\"2024-07-15T15:36:24+00:00\" \/>\n<meta property=\"og:image\" content=\"https:\/\/andresmanjon.es\/wp-content\/uploads\/2024\/04\/Ninos-de-1915-jugando-en-las-escuelas-del-Ave-Mar.jpg\" \/>\n\t<meta property=\"og:image:width\" content=\"1664\" \/>\n\t<meta property=\"og:image:height\" content=\"2304\" \/>\n\t<meta property=\"og:image:type\" content=\"image\/jpeg\" \/>\n<meta name=\"author\" content=\"Enrique Alonso Guardia\" \/>\n<meta name=\"twitter:card\" content=\"summary_large_image\" \/>\n<meta name=\"twitter:label1\" content=\"Escrito por\" \/>\n\t<meta name=\"twitter:data1\" content=\"Enrique Alonso Guardia\" \/>\n\t<meta name=\"twitter:label2\" content=\"Tiempo de lectura\" \/>\n\t<meta name=\"twitter:data2\" content=\"4 minutos\" \/>\n<script type=\"application\/ld+json\" class=\"yoast-schema-graph\">{\"@context\":\"https:\\\/\\\/schema.org\",\"@graph\":[{\"@type\":\"Article\",\"@id\":\"https:\\\/\\\/andresmanjon.es\\\/index.php\\\/2024\\\/04\\\/02\\\/alma-noble\\\/#article\",\"isPartOf\":{\"@id\":\"https:\\\/\\\/andresmanjon.es\\\/index.php\\\/2024\\\/04\\\/02\\\/alma-noble\\\/\"},\"author\":{\"name\":\"Enrique Alonso Guardia\",\"@id\":\"https:\\\/\\\/andresmanjon.es\\\/#\\\/schema\\\/person\\\/c3aa9658a78defc49109499b1f40dc3a\"},\"headline\":\"ALMA NOBLE\",\"datePublished\":\"2024-04-02T16:01:03+00:00\",\"dateModified\":\"2024-07-15T15:36:24+00:00\",\"mainEntityOfPage\":{\"@id\":\"https:\\\/\\\/andresmanjon.es\\\/index.php\\\/2024\\\/04\\\/02\\\/alma-noble\\\/\"},\"wordCount\":722,\"publisher\":{\"@id\":\"https:\\\/\\\/andresmanjon.es\\\/#\\\/schema\\\/person\\\/c3aa9658a78defc49109499b1f40dc3a\"},\"image\":{\"@id\":\"https:\\\/\\\/andresmanjon.es\\\/index.php\\\/2024\\\/04\\\/02\\\/alma-noble\\\/#primaryimage\"},\"thumbnailUrl\":\"https:\\\/\\\/i0.wp.com\\\/andresmanjon.es\\\/wp-content\\\/uploads\\\/2024\\\/04\\\/Ninos-de-1915-jugando-en-las-escuelas-del-Ave-Mar.jpg?fit=1664%2C2304&ssl=1\",\"keywords\":[\"andr\u00e9s\",\"canci\u00f3n\",\"manj\u00f3n\"],\"articleSection\":[\"Andr\u00e9s Manj\u00f3n\"],\"inLanguage\":\"es\"},{\"@type\":\"WebPage\",\"@id\":\"https:\\\/\\\/andresmanjon.es\\\/index.php\\\/2024\\\/04\\\/02\\\/alma-noble\\\/\",\"url\":\"https:\\\/\\\/andresmanjon.es\\\/index.php\\\/2024\\\/04\\\/02\\\/alma-noble\\\/\",\"name\":\"ALMA NOBLE - MANJON VIVE\",\"isPartOf\":{\"@id\":\"https:\\\/\\\/andresmanjon.es\\\/#website\"},\"primaryImageOfPage\":{\"@id\":\"https:\\\/\\\/andresmanjon.es\\\/index.php\\\/2024\\\/04\\\/02\\\/alma-noble\\\/#primaryimage\"},\"image\":{\"@id\":\"https:\\\/\\\/andresmanjon.es\\\/index.php\\\/2024\\\/04\\\/02\\\/alma-noble\\\/#primaryimage\"},\"thumbnailUrl\":\"https:\\\/\\\/i0.wp.com\\\/andresmanjon.es\\\/wp-content\\\/uploads\\\/2024\\\/04\\\/Ninos-de-1915-jugando-en-las-escuelas-del-Ave-Mar.jpg?fit=1664%2C2304&ssl=1\",\"datePublished\":\"2024-04-02T16:01:03+00:00\",\"dateModified\":\"2024-07-15T15:36:24+00:00\",\"description\":\"Don Andr\u00e9s Manj\u00f3n, era un alma noble. Letra de la canci\u00f3n del mismo t\u00edtulo que hemos creado para la difusi\u00f3n del mensaje avemariano en 2024.\",\"breadcrumb\":{\"@id\":\"https:\\\/\\\/andresmanjon.es\\\/index.php\\\/2024\\\/04\\\/02\\\/alma-noble\\\/#breadcrumb\"},\"inLanguage\":\"es\",\"potentialAction\":[{\"@type\":\"ReadAction\",\"target\":[\"https:\\\/\\\/andresmanjon.es\\\/index.php\\\/2024\\\/04\\\/02\\\/alma-noble\\\/\"]}]},{\"@type\":\"ImageObject\",\"inLanguage\":\"es\",\"@id\":\"https:\\\/\\\/andresmanjon.es\\\/index.php\\\/2024\\\/04\\\/02\\\/alma-noble\\\/#primaryimage\",\"url\":\"https:\\\/\\\/i0.wp.com\\\/andresmanjon.es\\\/wp-content\\\/uploads\\\/2024\\\/04\\\/Ninos-de-1915-jugando-en-las-escuelas-del-Ave-Mar.jpg?fit=1664%2C2304&ssl=1\",\"contentUrl\":\"https:\\\/\\\/i0.wp.com\\\/andresmanjon.es\\\/wp-content\\\/uploads\\\/2024\\\/04\\\/Ninos-de-1915-jugando-en-las-escuelas-del-Ave-Mar.jpg?fit=1664%2C2304&ssl=1\",\"width\":1664,\"height\":2304},{\"@type\":\"BreadcrumbList\",\"@id\":\"https:\\\/\\\/andresmanjon.es\\\/index.php\\\/2024\\\/04\\\/02\\\/alma-noble\\\/#breadcrumb\",\"itemListElement\":[{\"@type\":\"ListItem\",\"position\":1,\"name\":\"Portada\",\"item\":\"https:\\\/\\\/andresmanjon.es\\\/\"},{\"@type\":\"ListItem\",\"position\":2,\"name\":\"ALMA NOBLE\"}]},{\"@type\":\"WebSite\",\"@id\":\"https:\\\/\\\/andresmanjon.es\\\/#website\",\"url\":\"https:\\\/\\\/andresmanjon.es\\\/\",\"name\":\"Andr\u00e9s Manj\u00f3n y Manj\u00f3n\",\"description\":\"UNA EDUCACI\u00d3N PARA TODOS\",\"publisher\":{\"@id\":\"https:\\\/\\\/andresmanjon.es\\\/#\\\/schema\\\/person\\\/c3aa9658a78defc49109499b1f40dc3a\"},\"potentialAction\":[{\"@type\":\"SearchAction\",\"target\":{\"@type\":\"EntryPoint\",\"urlTemplate\":\"https:\\\/\\\/andresmanjon.es\\\/?s={search_term_string}\"},\"query-input\":{\"@type\":\"PropertyValueSpecification\",\"valueRequired\":true,\"valueName\":\"search_term_string\"}}],\"inLanguage\":\"es\"},{\"@type\":[\"Person\",\"Organization\"],\"@id\":\"https:\\\/\\\/andresmanjon.es\\\/#\\\/schema\\\/person\\\/c3aa9658a78defc49109499b1f40dc3a\",\"name\":\"Enrique Alonso Guardia\",\"image\":{\"@type\":\"ImageObject\",\"inLanguage\":\"es\",\"@id\":\"https:\\\/\\\/i0.wp.com\\\/andresmanjon.es\\\/wp-content\\\/uploads\\\/2023\\\/12\\\/cropped-logo-1.png?fit=1660%2C548&ssl=1dd6cd788025305c93754fac7facc0ac9\",\"url\":\"https:\\\/\\\/i0.wp.com\\\/andresmanjon.es\\\/wp-content\\\/uploads\\\/2023\\\/12\\\/cropped-logo-1.png?fit=1660%2C548&ssl=1\",\"contentUrl\":\"https:\\\/\\\/i0.wp.com\\\/andresmanjon.es\\\/wp-content\\\/uploads\\\/2023\\\/12\\\/cropped-logo-1.png?fit=1660%2C548&ssl=1\",\"width\":1660,\"height\":548,\"caption\":\"Enrique Alonso Guardia\"},\"logo\":{\"@id\":\"https:\\\/\\\/i0.wp.com\\\/andresmanjon.es\\\/wp-content\\\/uploads\\\/2023\\\/12\\\/cropped-logo-1.png?fit=1660%2C548&ssl=1dd6cd788025305c93754fac7facc0ac9\"},\"sameAs\":[\"http:\\\/\\\/www.kalonso.com\"],\"url\":\"https:\\\/\\\/andresmanjon.es\\\/index.php\\\/author\\\/kalonso\\\/\"}]}<\/script>\n<!-- \/ Yoast SEO plugin. -->","yoast_head_json":{"title":"ALMA NOBLE - MANJON VIVE","description":"Don Andr\u00e9s Manj\u00f3n, era un alma noble. Letra de la canci\u00f3n del mismo t\u00edtulo que hemos creado para la difusi\u00f3n del mensaje avemariano en 2024.","robots":{"index":"index","follow":"follow","max-snippet":"max-snippet:-1","max-image-preview":"max-image-preview:large","max-video-preview":"max-video-preview:-1"},"canonical":"https:\/\/andresmanjon.es\/index.php\/2024\/04\/02\/alma-noble\/","og_locale":"es_ES","og_type":"article","og_title":"ALMA NOBLE - MANJON VIVE","og_description":"Don Andr\u00e9s Manj\u00f3n, era un alma noble. Letra de la canci\u00f3n del mismo t\u00edtulo que hemos creado para la difusi\u00f3n del mensaje avemariano en 2024.","og_url":"https:\/\/andresmanjon.es\/index.php\/2024\/04\/02\/alma-noble\/","og_site_name":"MANJON VIVE","article_published_time":"2024-04-02T16:01:03+00:00","article_modified_time":"2024-07-15T15:36:24+00:00","og_image":[{"width":1664,"height":2304,"url":"https:\/\/andresmanjon.es\/wp-content\/uploads\/2024\/04\/Ninos-de-1915-jugando-en-las-escuelas-del-Ave-Mar.jpg","type":"image\/jpeg"}],"author":"Enrique Alonso Guardia","twitter_card":"summary_large_image","twitter_misc":{"Escrito por":"Enrique Alonso Guardia","Tiempo de lectura":"4 minutos"},"schema":{"@context":"https:\/\/schema.org","@graph":[{"@type":"Article","@id":"https:\/\/andresmanjon.es\/index.php\/2024\/04\/02\/alma-noble\/#article","isPartOf":{"@id":"https:\/\/andresmanjon.es\/index.php\/2024\/04\/02\/alma-noble\/"},"author":{"name":"Enrique Alonso Guardia","@id":"https:\/\/andresmanjon.es\/#\/schema\/person\/c3aa9658a78defc49109499b1f40dc3a"},"headline":"ALMA NOBLE","datePublished":"2024-04-02T16:01:03+00:00","dateModified":"2024-07-15T15:36:24+00:00","mainEntityOfPage":{"@id":"https:\/\/andresmanjon.es\/index.php\/2024\/04\/02\/alma-noble\/"},"wordCount":722,"publisher":{"@id":"https:\/\/andresmanjon.es\/#\/schema\/person\/c3aa9658a78defc49109499b1f40dc3a"},"image":{"@id":"https:\/\/andresmanjon.es\/index.php\/2024\/04\/02\/alma-noble\/#primaryimage"},"thumbnailUrl":"https:\/\/i0.wp.com\/andresmanjon.es\/wp-content\/uploads\/2024\/04\/Ninos-de-1915-jugando-en-las-escuelas-del-Ave-Mar.jpg?fit=1664%2C2304&ssl=1","keywords":["andr\u00e9s","canci\u00f3n","manj\u00f3n"],"articleSection":["Andr\u00e9s Manj\u00f3n"],"inLanguage":"es"},{"@type":"WebPage","@id":"https:\/\/andresmanjon.es\/index.php\/2024\/04\/02\/alma-noble\/","url":"https:\/\/andresmanjon.es\/index.php\/2024\/04\/02\/alma-noble\/","name":"ALMA NOBLE - MANJON VIVE","isPartOf":{"@id":"https:\/\/andresmanjon.es\/#website"},"primaryImageOfPage":{"@id":"https:\/\/andresmanjon.es\/index.php\/2024\/04\/02\/alma-noble\/#primaryimage"},"image":{"@id":"https:\/\/andresmanjon.es\/index.php\/2024\/04\/02\/alma-noble\/#primaryimage"},"thumbnailUrl":"https:\/\/i0.wp.com\/andresmanjon.es\/wp-content\/uploads\/2024\/04\/Ninos-de-1915-jugando-en-las-escuelas-del-Ave-Mar.jpg?fit=1664%2C2304&ssl=1","datePublished":"2024-04-02T16:01:03+00:00","dateModified":"2024-07-15T15:36:24+00:00","description":"Don Andr\u00e9s Manj\u00f3n, era un alma noble. Letra de la canci\u00f3n del mismo t\u00edtulo que hemos creado para la difusi\u00f3n del mensaje avemariano en 2024.","breadcrumb":{"@id":"https:\/\/andresmanjon.es\/index.php\/2024\/04\/02\/alma-noble\/#breadcrumb"},"inLanguage":"es","potentialAction":[{"@type":"ReadAction","target":["https:\/\/andresmanjon.es\/index.php\/2024\/04\/02\/alma-noble\/"]}]},{"@type":"ImageObject","inLanguage":"es","@id":"https:\/\/andresmanjon.es\/index.php\/2024\/04\/02\/alma-noble\/#primaryimage","url":"https:\/\/i0.wp.com\/andresmanjon.es\/wp-content\/uploads\/2024\/04\/Ninos-de-1915-jugando-en-las-escuelas-del-Ave-Mar.jpg?fit=1664%2C2304&ssl=1","contentUrl":"https:\/\/i0.wp.com\/andresmanjon.es\/wp-content\/uploads\/2024\/04\/Ninos-de-1915-jugando-en-las-escuelas-del-Ave-Mar.jpg?fit=1664%2C2304&ssl=1","width":1664,"height":2304},{"@type":"BreadcrumbList","@id":"https:\/\/andresmanjon.es\/index.php\/2024\/04\/02\/alma-noble\/#breadcrumb","itemListElement":[{"@type":"ListItem","position":1,"name":"Portada","item":"https:\/\/andresmanjon.es\/"},{"@type":"ListItem","position":2,"name":"ALMA NOBLE"}]},{"@type":"WebSite","@id":"https:\/\/andresmanjon.es\/#website","url":"https:\/\/andresmanjon.es\/","name":"Andr\u00e9s Manj\u00f3n y Manj\u00f3n","description":"UNA EDUCACI\u00d3N PARA TODOS","publisher":{"@id":"https:\/\/andresmanjon.es\/#\/schema\/person\/c3aa9658a78defc49109499b1f40dc3a"},"potentialAction":[{"@type":"SearchAction","target":{"@type":"EntryPoint","urlTemplate":"https:\/\/andresmanjon.es\/?s={search_term_string}"},"query-input":{"@type":"PropertyValueSpecification","valueRequired":true,"valueName":"search_term_string"}}],"inLanguage":"es"},{"@type":["Person","Organization"],"@id":"https:\/\/andresmanjon.es\/#\/schema\/person\/c3aa9658a78defc49109499b1f40dc3a","name":"Enrique Alonso Guardia","image":{"@type":"ImageObject","inLanguage":"es","@id":"https:\/\/i0.wp.com\/andresmanjon.es\/wp-content\/uploads\/2023\/12\/cropped-logo-1.png?fit=1660%2C548&ssl=1dd6cd788025305c93754fac7facc0ac9","url":"https:\/\/i0.wp.com\/andresmanjon.es\/wp-content\/uploads\/2023\/12\/cropped-logo-1.png?fit=1660%2C548&ssl=1","contentUrl":"https:\/\/i0.wp.com\/andresmanjon.es\/wp-content\/uploads\/2023\/12\/cropped-logo-1.png?fit=1660%2C548&ssl=1","width":1660,"height":548,"caption":"Enrique Alonso Guardia"},"logo":{"@id":"https:\/\/i0.wp.com\/andresmanjon.es\/wp-content\/uploads\/2023\/12\/cropped-logo-1.png?fit=1660%2C548&ssl=1dd6cd788025305c93754fac7facc0ac9"},"sameAs":["http:\/\/www.kalonso.com"],"url":"https:\/\/andresmanjon.es\/index.php\/author\/kalonso\/"}]}},"jetpack_featured_media_url":"https:\/\/i0.wp.com\/andresmanjon.es\/wp-content\/uploads\/2024\/04\/Ninos-de-1915-jugando-en-las-escuelas-del-Ave-Mar.jpg?fit=1664%2C2304&ssl=1","jetpack-related-posts":[{"id":2760,"url":"https:\/\/andresmanjon.es\/index.php\/2025\/11\/23\/presentacion-libro-andres-manjon-granada-2025\/","url_meta":{"origin":1291,"position":0},"title":"Presentaci\u00f3n del libro \u201cANDR\u00c9S MANJ\u00d3N\u00bb","author":"Enrique Alonso Guardia","date":"11\/23\/2025","format":false,"excerpt":"La Abad\u00eda del Sacromonte y la C\u00e1tedra Andr\u00e9s Manj\u00f3n La Abad\u00eda del Sacromonte y la C\u00e1tedra Andr\u00e9s Manj\u00f3n han anunciado la presentaci\u00f3n del libro \u201cANDR\u00c9S MANJ\u00d3N. Una historia en la historia\u201d, del profesor D. Andr\u00e9s Palma Valenzuela, titular de la Universidad de Granada. La obra ha sido editada por la\u2026","rel":"","context":"En \u00abAndr\u00e9s Manj\u00f3n\u00bb","block_context":{"text":"Andr\u00e9s Manj\u00f3n","link":"https:\/\/andresmanjon.es\/index.php\/category\/andres-manjon\/"},"img":{"alt_text":"","src":"https:\/\/i0.wp.com\/andresmanjon.es\/wp-content\/uploads\/2025\/11\/invitacion.jpeg?fit=1200%2C848&ssl=1&resize=350%2C200","width":350,"height":200,"srcset":"https:\/\/i0.wp.com\/andresmanjon.es\/wp-content\/uploads\/2025\/11\/invitacion.jpeg?fit=1200%2C848&ssl=1&resize=350%2C200 1x, https:\/\/i0.wp.com\/andresmanjon.es\/wp-content\/uploads\/2025\/11\/invitacion.jpeg?fit=1200%2C848&ssl=1&resize=525%2C300 1.5x, https:\/\/i0.wp.com\/andresmanjon.es\/wp-content\/uploads\/2025\/11\/invitacion.jpeg?fit=1200%2C848&ssl=1&resize=700%2C400 2x, https:\/\/i0.wp.com\/andresmanjon.es\/wp-content\/uploads\/2025\/11\/invitacion.jpeg?fit=1200%2C848&ssl=1&resize=1050%2C600 3x"},"classes":[]},{"id":1870,"url":"https:\/\/andresmanjon.es\/index.php\/2024\/11\/08\/carta-de-don-andres-manjon-a-dona-paquita\/","url_meta":{"origin":1291,"position":1},"title":"Carta de Don Andr\u00e9s Manj\u00f3n a Do\u00f1a Paquita","author":"Enrique Alonso Guardia","date":"11\/08\/2024","format":false,"excerpt":"Carta de Don Andr\u00e9s Manj\u00f3n a Do\u00f1a Paquita: Un legado eterno en las Escuelas del Ave Mar\u00eda. Desde este rinc\u00f3n de paz, quiero dedicar unas palabras llenas de gratitud a ti, Do\u00f1a Paquita. Tu vida como maestra no termin\u00f3 cuando se apag\u00f3 la \u00faltima lecci\u00f3n. Sigue viva en cada sonrisa\u2026","rel":"","context":"En \u00ab\u00a1Gracias!\u00bb","block_context":{"text":"\u00a1Gracias!","link":"https:\/\/andresmanjon.es\/index.php\/category\/gracias\/"},"img":{"alt_text":"","src":"https:\/\/i0.wp.com\/andresmanjon.es\/wp-content\/uploads\/2024\/11\/donapaquita_00002.jpg?fit=903%2C1200&ssl=1&resize=350%2C200","width":350,"height":200,"srcset":"https:\/\/i0.wp.com\/andresmanjon.es\/wp-content\/uploads\/2024\/11\/donapaquita_00002.jpg?fit=903%2C1200&ssl=1&resize=350%2C200 1x, https:\/\/i0.wp.com\/andresmanjon.es\/wp-content\/uploads\/2024\/11\/donapaquita_00002.jpg?fit=903%2C1200&ssl=1&resize=525%2C300 1.5x, https:\/\/i0.wp.com\/andresmanjon.es\/wp-content\/uploads\/2024\/11\/donapaquita_00002.jpg?fit=903%2C1200&ssl=1&resize=700%2C400 2x"},"classes":[]},{"id":2752,"url":"https:\/\/andresmanjon.es\/index.php\/2025\/11\/23\/preparando-el-homenaje-a-andres-manjon-y-manjon\/","url_meta":{"origin":1291,"position":2},"title":"Preparando el homenaje a Andr\u00e9s Manj\u00f3n y Manj\u00f3n","author":"Enrique Alonso Guardia","date":"11\/23\/2025","format":false,"excerpt":"Quinto aniversario de la declaraci\u00f3n de Venerable Con motivo del quinto aniversario de la declaraci\u00f3n de Venerable de nuestro fundador Andr\u00e9s Manj\u00f3n y Manj\u00f3n, desde la web andresmanjon.es nos sumamos a la invitaci\u00f3n que ha hecho la Abad\u00eda del Sacromonte de Granada para el acto de homenaje que se celebrar\u00e1\u2026","rel":"","context":"En \u00abBeatificaci\u00f3n\u00bb","block_context":{"text":"Beatificaci\u00f3n","link":"https:\/\/andresmanjon.es\/index.php\/category\/beatificacion\/"},"img":{"alt_text":"","src":"https:\/\/i0.wp.com\/andresmanjon.es\/wp-content\/uploads\/2025\/11\/DSC02211-980x653-1.jpg?fit=980%2C653&ssl=1&resize=350%2C200","width":350,"height":200,"srcset":"https:\/\/i0.wp.com\/andresmanjon.es\/wp-content\/uploads\/2025\/11\/DSC02211-980x653-1.jpg?fit=980%2C653&ssl=1&resize=350%2C200 1x, https:\/\/i0.wp.com\/andresmanjon.es\/wp-content\/uploads\/2025\/11\/DSC02211-980x653-1.jpg?fit=980%2C653&ssl=1&resize=525%2C300 1.5x, https:\/\/i0.wp.com\/andresmanjon.es\/wp-content\/uploads\/2025\/11\/DSC02211-980x653-1.jpg?fit=980%2C653&ssl=1&resize=700%2C400 2x"},"classes":[]},{"id":2383,"url":"https:\/\/andresmanjon.es\/index.php\/2024\/12\/23\/la-navidad-en-las-escuelas-del-ave-maria\/","url_meta":{"origin":1291,"position":3},"title":"La Navidad en las Escuelas del Ave Mar\u00eda: Fe, Reflexi\u00f3n y Comunidad","author":"Enrique Alonso Guardia","date":"12\/23\/2024","format":false,"excerpt":"La Navidad en las Escuelas del Ave Mar\u00eda, fundadas por Andr\u00e9s Manj\u00f3n, no era simplemente una festividad religiosa; era un momento para reforzar los valores de la fe, la educaci\u00f3n y la comunidad. A trav\u00e9s de actos sencillos, impregnados de pedagog\u00eda y espiritualidad, estas celebraciones reflejaban la filosof\u00eda educativa de\u2026","rel":"","context":"En \u00abEscuelas Ave Mar\u00eda\u00bb","block_context":{"text":"Escuelas Ave Mar\u00eda","link":"https:\/\/andresmanjon.es\/index.php\/category\/escuelas-ave-maria\/"},"img":{"alt_text":"","src":"https:\/\/i0.wp.com\/andresmanjon.es\/wp-content\/uploads\/2024\/12\/belen.webp?fit=1024%2C1024&ssl=1&resize=350%2C200","width":350,"height":200,"srcset":"https:\/\/i0.wp.com\/andresmanjon.es\/wp-content\/uploads\/2024\/12\/belen.webp?fit=1024%2C1024&ssl=1&resize=350%2C200 1x, https:\/\/i0.wp.com\/andresmanjon.es\/wp-content\/uploads\/2024\/12\/belen.webp?fit=1024%2C1024&ssl=1&resize=525%2C300 1.5x, https:\/\/i0.wp.com\/andresmanjon.es\/wp-content\/uploads\/2024\/12\/belen.webp?fit=1024%2C1024&ssl=1&resize=700%2C400 2x"},"classes":[]},{"id":1406,"url":"https:\/\/andresmanjon.es\/index.php\/2024\/07\/10\/10-julio-muerte-de-manjon\/","url_meta":{"origin":1291,"position":4},"title":"10 julio &#8211; Muerte de Manj\u00f3n","author":"Enrique Alonso Guardia","date":"07\/10\/2024","format":false,"excerpt":"10 de julio. El Adi\u00f3s a Don Andr\u00e9s Manj\u00f3n: El Legado de un Educador Inquebrantable Hoy celebramos la muerte de un gran Educador: don Andr\u00e9s Manj\u00f3n. Que el Se\u00f1or nos d\u00e9 a todos fuerza, ilusi\u00f3n y creatividad para seguir con ampliando su legado con fidelidad y entrega. El 10 de\u2026","rel":"","context":"En \u00abAndr\u00e9s Manj\u00f3n\u00bb","block_context":{"text":"Andr\u00e9s Manj\u00f3n","link":"https:\/\/andresmanjon.es\/index.php\/category\/andres-manjon\/"},"img":{"alt_text":"","src":"https:\/\/i0.wp.com\/andresmanjon.es\/wp-content\/uploads\/2024\/07\/IMG_1315.webp?fit=780%2C496&ssl=1&resize=350%2C200","width":350,"height":200,"srcset":"https:\/\/i0.wp.com\/andresmanjon.es\/wp-content\/uploads\/2024\/07\/IMG_1315.webp?fit=780%2C496&ssl=1&resize=350%2C200 1x, https:\/\/i0.wp.com\/andresmanjon.es\/wp-content\/uploads\/2024\/07\/IMG_1315.webp?fit=780%2C496&ssl=1&resize=525%2C300 1.5x, https:\/\/i0.wp.com\/andresmanjon.es\/wp-content\/uploads\/2024\/07\/IMG_1315.webp?fit=780%2C496&ssl=1&resize=700%2C400 2x"},"classes":[]},{"id":1193,"url":"https:\/\/andresmanjon.es\/index.php\/2024\/03\/09\/publicaciones-en-periodicos-de-d-andres\/","url_meta":{"origin":1291,"position":5},"title":"Publicaciones en peri\u00f3dicos de D. Andr\u00e9s","author":"Enrique Alonso Guardia","date":"03\/09\/2024","format":false,"excerpt":"Venerable Andr\u00e9s Manj\u00f3n, publicaciones en peri\u00f3dicos de su \u00e9poca.\u00a0Hna. Maria Mediatrix Gratiae Quiroga Ib\u00e1\u00f1ez. Selecci\u00f3n de \"El Magisterio Espa\u00f1ol\" - Selecci\u00f3n de \"La Educaci\u00f3n Hispano-Americana En la entrada de blog de hoy, les presentaremos una obra literaria que ilumina la historia de la educaci\u00f3n en Espa\u00f1a y Am\u00e9rica Latina a\u2026","rel":"","context":"En \u00abPublicaciones\u00bb","block_context":{"text":"Publicaciones","link":"https:\/\/andresmanjon.es\/index.php\/category\/publicaciones\/"},"img":{"alt_text":"","src":"https:\/\/i0.wp.com\/andresmanjon.es\/wp-content\/uploads\/2024\/03\/PubliciaionesPeriodicos.jpg?resize=350%2C200&ssl=1","width":350,"height":200},"classes":[]}],"jetpack_sharing_enabled":true,"authors":[{"term_id":18,"user_id":2,"is_guest":0,"slug":"kalonso","display_name":"Enrique Alonso Guardia","avatar_url":"https:\/\/secure.gravatar.com\/avatar\/8dedfb85376f5619df87b798562554716430c51bdd4ee2c6cb09011dd04878a9?s=96&d=mm&r=g","0":null,"1":"","2":"","3":"","4":"","5":"","6":"","7":"","8":""}],"_links":{"self":[{"href":"https:\/\/andresmanjon.es\/index.php\/wp-json\/wp\/v2\/posts\/1291","targetHints":{"allow":["GET"]}}],"collection":[{"href":"https:\/\/andresmanjon.es\/index.php\/wp-json\/wp\/v2\/posts"}],"about":[{"href":"https:\/\/andresmanjon.es\/index.php\/wp-json\/wp\/v2\/types\/post"}],"author":[{"embeddable":true,"href":"https:\/\/andresmanjon.es\/index.php\/wp-json\/wp\/v2\/users\/2"}],"replies":[{"embeddable":true,"href":"https:\/\/andresmanjon.es\/index.php\/wp-json\/wp\/v2\/comments?post=1291"}],"version-history":[{"count":19,"href":"https:\/\/andresmanjon.es\/index.php\/wp-json\/wp\/v2\/posts\/1291\/revisions"}],"predecessor-version":[{"id":1435,"href":"https:\/\/andresmanjon.es\/index.php\/wp-json\/wp\/v2\/posts\/1291\/revisions\/1435"}],"wp:featuredmedia":[{"embeddable":true,"href":"https:\/\/andresmanjon.es\/index.php\/wp-json\/wp\/v2\/media\/1292"}],"wp:attachment":[{"href":"https:\/\/andresmanjon.es\/index.php\/wp-json\/wp\/v2\/media?parent=1291"}],"wp:term":[{"taxonomy":"category","embeddable":true,"href":"https:\/\/andresmanjon.es\/index.php\/wp-json\/wp\/v2\/categories?post=1291"},{"taxonomy":"post_tag","embeddable":true,"href":"https:\/\/andresmanjon.es\/index.php\/wp-json\/wp\/v2\/tags?post=1291"},{"taxonomy":"author","embeddable":true,"href":"https:\/\/andresmanjon.es\/index.php\/wp-json\/wp\/v2\/ppma_author?post=1291"}],"curies":[{"name":"wp","href":"https:\/\/api.w.org\/{rel}","templated":true}]}}